{"id":1281618,"date":"2026-09-05T05:28:35","date_gmt":"2026-09-05T05:28:35","guid":{"rendered":"https:\/\/www.europesays.com\/de\/1281618\/"},"modified":"2026-09-05T05:28:35","modified_gmt":"2026-09-05T05:28:35","slug":"brandserie-verdaechtiger-nach-serie-von-autobraenden-festgenommen-panorama","status":"publish","type":"post","link":"https:\/\/www.europesays.com\/de\/1281618\/","title":{"rendered":"Brandserie &#8211; Verd\u00e4chtiger nach Serie von Autobr\u00e4nden festgenommen &#8211; Panorama"},"content":{"rendered":"<p data-manual=\"paragraph\" data-schema-org-speakable=\"true\" class=\"css-1eosz7k\"><a href=\"https:\/\/www.sueddeutsche.de\/thema\/Wuppertal\" rel=\"nofollow noopener\" target=\"_blank\">Wuppertal<\/a> (dpa\/lnw) &#8211; Seit Monaten brannten in Wuppertal nachts immer wieder Autos &#8211; nun hat die Polizei einen 34 Jahre alten Verd\u00e4chtigen festgenommen. Bei dem Mann seien Reste eines Brandbeschleunigers und ein Feuerzeug gefunden worden, teilte die Staatsanwaltschaft mit. Zudem weisen Fingerabdr\u00fccke darauf hin, dass der Wuppertaler auch f\u00fcr eine fr\u00fchere Brandstiftung aus der Serie verantwortlich sein d\u00fcrfte.\u00a0<\/p>\n<p><img decoding=\"async\" src=\"https:\/\/www.europesays.com\/de\/wp-content\/uploads\/2026\/09\/f19cecbb-9a4b-4d2a-acb3-81b7939161c8.jpg\"   alt=\"Seit Monaten brannten in Wuppertal nachts immer wieder Autos.\" loading=\"lazy\" class=\"css-8atqhb\"\/><\/p>\n<p>Seit Monaten brannten in Wuppertal nachts immer wieder Autos.<\/p>\n<p>-\/Polizei Wuppertal\/dpa<\/p>\n<p data-manual=\"paragraph\" data-schema-org-speakable=\"true\" class=\"css-1eosz7k\">Zeugen hatten am fr\u00fchen Morgen einen brennenden parkenden Pkw gemeldet. Bei der anschlie\u00dfenden Fahndung griffen Polizisten den 34-J\u00e4hrigen auf und kontrollierten ihn. Er sollte nun einem Haftrichter vorgef\u00fchrt werden.<\/p>\n<p data-manual=\"paragraph\" data-schema-org-speakable=\"true\" class=\"css-1eosz7k\">\u00a9 dpa-infocom, dpa:260904-930-634190\/1<\/p>\n","protected":false},"excerpt":{"rendered":"Wuppertal (dpa\/lnw) &#8211; Seit Monaten brannten in Wuppertal nachts immer wieder Autos &#8211; nun hat die Polizei einen&hellip;\n","protected":false},"author":2,"featured_media":1281619,"comment_status":"","ping_status":"","sticky":false,"template":"","format":"standard","meta":{"footnotes":"","_share_on_mastodon":"0"},"categories":[1840],"tags":[3364,29,987,30,1584,1209,1974,149,4418],"class_list":["post-1281618","post","type-post","status-publish","format-standard","has-post-thumbnail","category-wuppertal","tag-de","tag-deutschland","tag-feuer","tag-germany","tag-kriminalitaet","tag-nordrhein-westfalen","tag-panorama","tag-sueddeutsche-zeitung","tag-wuppertal"],"share_on_mastodon":{"url":"https:\/\/pubeurope.com\/@de\/117216787483878846","error":""},"_links":{"self":[{"href":"https:\/\/www.europesays.com\/de\/wp-json\/wp\/v2\/posts\/1281618","targetHints":{"allow":["GET"]}}],"collection":[{"href":"https:\/\/www.europesays.com\/de\/wp-json\/wp\/v2\/posts"}],"about":[{"href":"https:\/\/www.europesays.com\/de\/wp-json\/wp\/v2\/types\/post"}],"author":[{"embeddable":true,"href":"https:\/\/www.europesays.com\/de\/wp-json\/wp\/v2\/users\/2"}],"replies":[{"embeddable":true,"href":"https:\/\/www.europesays.com\/de\/wp-json\/wp\/v2\/comments?post=1281618"}],"version-history":[{"count":0,"href":"https:\/\/www.europesays.com\/de\/wp-json\/wp\/v2\/posts\/1281618\/revisions"}],"wp:featuredmedia":[{"embeddable":true,"href":"https:\/\/www.europesays.com\/de\/wp-json\/wp\/v2\/media\/1281619"}],"wp:attachment":[{"href":"https:\/\/www.europesays.com\/de\/wp-json\/wp\/v2\/media?parent=1281618"}],"wp:term":[{"taxonomy":"category","embeddable":true,"href":"https:\/\/www.europesays.com\/de\/wp-json\/wp\/v2\/categories?post=1281618"},{"taxonomy":"post_tag","embeddable":true,"href":"https:\/\/www.europesays.com\/de\/wp-json\/wp\/v2\/tags?post=1281618"}],"curies":[{"name":"wp","href":"https:\/\/api.w.org\/{rel}","templated":true}]}}