{"id":1281620,"date":"2026-09-05T05:29:16","date_gmt":"2026-09-05T05:29:16","guid":{"rendered":"https:\/\/www.europesays.com\/de\/1281620\/"},"modified":"2026-09-05T05:29:16","modified_gmt":"2026-09-05T05:29:16","slug":"fw-bo-verkehrsunfall-in-bochum-stiepel-pkw-stuerzt-rund-zehn-meter-tief-in-boeschung","status":"publish","type":"post","link":"https:\/\/www.europesays.com\/de\/1281620\/","title":{"rendered":"FW-BO: Verkehrsunfall in Bochum-Stiepel \/ Pkw st\u00fcrzt rund zehn Meter tief in B\u00f6schung"},"content":{"rendered":"<p class=\"date\">05.09.2026 \u2013 06:00<\/p>\n<p class=\"customer\">\n                        <a class=\"story-customer\" title=\"weiter zum newsroom von Feuerwehr Bochum\" href=\"https:\/\/www.presseportal.de\/blaulicht\/nr\/115868\" rel=\"nofollow noopener\" target=\"_blank\">Feuerwehr Bochum<\/a>\n                    <\/p>\n<p><a data-category=\"citylink-story-view\" data-action=\"click\" data-label=\"Citylink in Meldungsansicht\" class=\"story-city event-trigger\" href=\"https:\/\/www.presseportal.de\/regional\/Bochum\" title=\"News aus Bochum \" rel=\"nofollow noopener\" target=\"_blank\">Bochum<\/a> (ots)<\/p>\n<p>In den fr\u00fchen Morgenstunden des Samstags wurde die Feuerwehr Bochum zu einem Verkehrsunfall auf der Kosterstra\u00dfe alarmiert. Der Einsatz begann um 04:52 Uhr und konnte gegen 06:00 Uhr beendet werden.<\/p>\n<p>Beim Eintreffen der ersten Einsatzkr\u00e4fte stellte sich heraus, dass ein Pkw aus bislang ungekl\u00e4rter Ursache von der Fahrbahn abgekommen und etwa zehn Meter tief eine B\u00f6schung hinabgest\u00fcrzt war. Die drei Fahrzeuginsassen konnten das verunfallte Fahrzeug noch vor dem Eintreffen der Rettungskr\u00e4fte selbstst\u00e4ndig verlassen.<\/p>\n<p>Die betroffenen Personen wurden umgehend durch den Notarzt untersucht und medizinisch versorgt. Anschlie\u00dfend erfolgte der Transport aller drei Insassen zur weiteren Behandlung in umliegende Krankenh\u00e4user. Nach ersten Erkenntnissen erlitten alle Beteiligten leichte Verletzungen.<\/p>\n<p>Die Feuerwehr sicherte die Einsatzstelle ab und unterst\u00fctzte die rettungsdienstlichen Ma\u00dfnahmen. Weitere Ma\u00dfnahmen dienten der Sicherstellung eines geordneten Einsatzablaufs sowie der Absicherung des Unfallfahrzeuges im B\u00f6schungsbereich.<\/p>\n<p>An dem Einsatz waren insgesamt 38 Einsatzkr\u00e4fte beteiligt. Diese setzten sich aus Kr\u00e4ften der Feuer- und Rettungswachen Innenstadt, Werne und Weitmar sowie der Freiwilligen Feuerwehr Stiepel zusammen.<\/p>\n<p>Die Polizei hat die Ermittlungen zur Unfallursache aufgenommen.<\/p>\n<p class=\"contact-headline\">R\u00fcckfragen bitte an:<\/p>\n<p class=\"contact-text\">R\u00fcckfragen bitte an:<\/p>\n<p>Feuerwehr Bochum<br \/>E-Mail: <a href=\"https:\/\/www.presseportal.de\/blaulicht\/pm\/115868\/mailto:feuerwehr-pressestelle@bochum.de\" class=\"uri-mailto\" rel=\"nofollow noopener\" target=\"_blank\">feuerwehr-pressestelle@bochum.de<\/a><br \/>Telefon: +49 (0)234 9254-978<br \/>Verfasser: Lars Schwede<br \/><a target=\"_blank\" class=\"uri-ext outbound\" rel=\"noopener nofollow\" href=\"https:\/\/www.bochum.de\/Feuerwehr\">https:\/\/www.bochum.de\/Feuerwehr<\/a><\/p>\n<p class=\"originator\">Original-Content von: Feuerwehr Bochum, \u00fcbermittelt durch news aktuell<\/p>\n","protected":false},"excerpt":{"rendered":"05.09.2026 \u2013 06:00 Feuerwehr Bochum Bochum (ots) In den fr\u00fchen Morgenstunden des Samstags wurde die Feuerwehr Bochum zu&hellip;\n","protected":false},"author":2,"featured_media":1266941,"comment_status":"","ping_status":"","sticky":false,"template":"","format":"standard","meta":{"footnotes":"","_share_on_mastodon":"0"},"categories":[1839],"tags":[7507,3364,29,985,30,1209,176,178,180,179,181,1284],"class_list":["post-1281620","post","type-post","status-publish","format-standard","has-post-thumbnail","category-bochum","tag-bochum","tag-de","tag-deutschland","tag-feuerwehr","tag-germany","tag-nordrhein-westfalen","tag-nrw","tag-presse","tag-pressemeldung","tag-pressemitteilung","tag-pressemitteilungen","tag-unfall"],"share_on_mastodon":{"url":"https:\/\/pubeurope.com\/@de\/117216789529740482","error":""},"_links":{"self":[{"href":"https:\/\/www.europesays.com\/de\/wp-json\/wp\/v2\/posts\/1281620","targetHints":{"allow":["GET"]}}],"collection":[{"href":"https:\/\/www.europesays.com\/de\/wp-json\/wp\/v2\/posts"}],"about":[{"href":"https:\/\/www.europesays.com\/de\/wp-json\/wp\/v2\/types\/post"}],"author":[{"embeddable":true,"href":"https:\/\/www.europesays.com\/de\/wp-json\/wp\/v2\/users\/2"}],"replies":[{"embeddable":true,"href":"https:\/\/www.europesays.com\/de\/wp-json\/wp\/v2\/comments?post=1281620"}],"version-history":[{"count":0,"href":"https:\/\/www.europesays.com\/de\/wp-json\/wp\/v2\/posts\/1281620\/revisions"}],"wp:featuredmedia":[{"embeddable":true,"href":"https:\/\/www.europesays.com\/de\/wp-json\/wp\/v2\/media\/1266941"}],"wp:attachment":[{"href":"https:\/\/www.europesays.com\/de\/wp-json\/wp\/v2\/media?parent=1281620"}],"wp:term":[{"taxonomy":"category","embeddable":true,"href":"https:\/\/www.europesays.com\/de\/wp-json\/wp\/v2\/categories?post=1281620"},{"taxonomy":"post_tag","embeddable":true,"href":"https:\/\/www.europesays.com\/de\/wp-json\/wp\/v2\/tags?post=1281620"}],"curies":[{"name":"wp","href":"https:\/\/api.w.org\/{rel}","templated":true}]}}