{"id":1281625,"date":"2026-09-05T05:32:16","date_gmt":"2026-09-05T05:32:16","guid":{"rendered":"https:\/\/www.europesays.com\/de\/1281625\/"},"modified":"2026-09-05T05:32:16","modified_gmt":"2026-09-05T05:32:16","slug":"serdar-somuncu-irritation-um-aussage-zum-ukraine-krieg-in-duesseldorf-2","status":"publish","type":"post","link":"https:\/\/www.europesays.com\/de\/1281625\/","title":{"rendered":"Serdar Somuncu: Irritation um Aussage zum Ukraine-Krieg in D\u00fcsseldorf"},"content":{"rendered":"<p class=\"text_ohne_einzug richtext text-em-55 !leading-serif mx-6 desktop:mx-0\">Auf seiner Abschiedstournee im Herbst 2023 war Kabarettist <a href=\"https:\/\/rp-online.de\/thema\/serdar-somuncu\/\" rel=\"nofollow noopener\" target=\"_blank\">Serdar Somuncu<\/a> st\u00fcrmisch gefeiert worden. Viel Wehmut schwang mit beim Abschied des Klartext-Kabarettisten von der B\u00fchne, die er offenbar vermisst hat, denn jetzt kehrt der 58-j\u00e4hrige Theatermann, Autor, Regisseur und Filmemacher zur\u00fcck. Gestern und heute (3. und 4. September) ist der Satiriker auf seiner Tournee im Savoy zu Gast \u2013 und hat nicht vor, sich zu m\u00e4\u00dfigen.<\/p>\n","protected":false},"excerpt":{"rendered":"Auf seiner Abschiedstournee im Herbst 2023 war Kabarettist Serdar Somuncu st\u00fcrmisch gefeiert worden. Viel Wehmut schwang mit beim&hellip;\n","protected":false},"author":2,"featured_media":1279804,"comment_status":"","ping_status":"","sticky":false,"template":"","format":"standard","meta":{"footnotes":"","_share_on_mastodon":"0"},"categories":[4012],"tags":[186,331,332,86612,3405,13,30480,14,15,5209,75495,46396,12,264073,17863,317],"class_list":["post-1281625","post","type-post","status-publish","format-standard","has-post-thumbnail","category-ukraine","tag-afd","tag-aktuelle-nachrichten","tag-aktuelle-news","tag-doppelmoral","tag-duesseldorf","tag-headlines","tag-kabarettist","tag-nachrichten","tag-news","tag-publikum","tag-satiriker","tag-savoy","tag-schlagzeilen","tag-serdar-somuncu","tag-statement","tag-ukraine"],"share_on_mastodon":{"url":"https:\/\/pubeurope.com\/@de\/117216801071547656","error":""},"_links":{"self":[{"href":"https:\/\/www.europesays.com\/de\/wp-json\/wp\/v2\/posts\/1281625","targetHints":{"allow":["GET"]}}],"collection":[{"href":"https:\/\/www.europesays.com\/de\/wp-json\/wp\/v2\/posts"}],"about":[{"href":"https:\/\/www.europesays.com\/de\/wp-json\/wp\/v2\/types\/post"}],"author":[{"embeddable":true,"href":"https:\/\/www.europesays.com\/de\/wp-json\/wp\/v2\/users\/2"}],"replies":[{"embeddable":true,"href":"https:\/\/www.europesays.com\/de\/wp-json\/wp\/v2\/comments?post=1281625"}],"version-history":[{"count":0,"href":"https:\/\/www.europesays.com\/de\/wp-json\/wp\/v2\/posts\/1281625\/revisions"}],"wp:featuredmedia":[{"embeddable":true,"href":"https:\/\/www.europesays.com\/de\/wp-json\/wp\/v2\/media\/1279804"}],"wp:attachment":[{"href":"https:\/\/www.europesays.com\/de\/wp-json\/wp\/v2\/media?parent=1281625"}],"wp:term":[{"taxonomy":"category","embeddable":true,"href":"https:\/\/www.europesays.com\/de\/wp-json\/wp\/v2\/categories?post=1281625"},{"taxonomy":"post_tag","embeddable":true,"href":"https:\/\/www.europesays.com\/de\/wp-json\/wp\/v2\/tags?post=1281625"}],"curies":[{"name":"wp","href":"https:\/\/api.w.org\/{rel}","templated":true}]}}