{"id":1281650,"date":"2026-09-05T05:49:54","date_gmt":"2026-09-05T05:49:54","guid":{"rendered":"https:\/\/www.europesays.com\/de\/1281650\/"},"modified":"2026-09-05T05:49:54","modified_gmt":"2026-09-05T05:49:54","slug":"montagsdemos-nuernberg-kuriose-protestaktion-sammelt-spenden-gegen-rechts","status":"publish","type":"post","link":"https:\/\/www.europesays.com\/de\/1281650\/","title":{"rendered":"Montagsdemos N\u00fcrnberg: Kuriose Protestaktion sammelt Spenden gegen Rechts"},"content":{"rendered":"<p>Kuriose Aktion <\/p>\n<p>Rechte Gruppe sammelt unfreiwillig Spenden gegen Rechts<\/p>\n<ul class=\"grid grid-flow-col gap-4\" aria-label=\"Autorenbilder\">\n<li class=\"leading-0\"><img data-tb-author-image=\"\"  loading=\"lazy\" src=\"https:\/\/www.europesays.com\/de\/wp-content\/uploads\/2026\/03\/1773629295_669_image.jpg\" alt=\"\" title=\"\" width=\"40\" height=\"40\" class=\"\" decoding=\"async\"\/><\/li>\n<\/ul>\n<p>04.09.2026 &#8211; 14:56 UhrLesedauer: 2 Min.<\/p>\n<p><a href=\"#focus-0\" class=\"transition-colors block text-current relative\" data-sctrack=\"FocusGalleryImage.Reference\"><img fetchpriority=\"high\" data-testid=\"Opener.Image\"   loading=\"eager\" src=\"https:\/\/www.europesays.com\/de\/wp-content\/uploads\/2026\/09\/29-042024-blockade-rechtsextremer-demo-nuernberg-das-afd-nahe-offen-rechtsextrem-agierende-selbstern.jpeg\" alt=\"imago images 0470283711\" title=\"imago images 0470283711\" width=\"6720\" height=\"3780\" class=\"bg-[url:var(--lqipURL)] bg-cover bg-center flex h-full w-full max-w-full\" style=\"--lqipURL:url('https:\/\/images.t-online.de\/2026\/09\/9XNR7Yr6weLW\/0x350:6720x3780\/fit-in\/150x0\/filters:blur(25)\/29-042024-blockade-rechtsextremer-demo-nuernberg-das-afd-nahe-offen-rechtsextrem-agierende-selbsternanne-team-menschenrechte-wollte-in-ihrem-montaeglichen-protest-diesmal-durch-den-einschlaegig-alternativ-gepraegten-stadtteil-gostenhof-laufen-dazu-kam-es-nicht-die-versammlung-wurde-von-zahlreichen-menschen-blockiert-am-janmitzer-platz-sammelten-sich-mehrere-hundert-menschen-um-auch-die-urspruengliche-versammlungsstrecke-zu-blockieren-bayern-deutschland-blockade-rechtsextremer-demonstration-29-042024-19.jpg')\" decoding=\"async\"\/><img loading=\"lazy\" src=\"https:\/\/nuernberg.t-online.de\/s\/paper\/_next\/static\/media\/zoom-in.f7dae02f.svg\" alt=\"Vergr\u00f6\u00dfern des Bildes\" title=\"Vergr\u00f6\u00dfern des Bildes\" class=\"block h-[calc(var(--height)_\/_16_*_1rem)] w-[calc(var(--width)_\/_16_*_1rem)] max-w-none absolute right-8 bottom-8 rounded-4 bg-snow p-8\" style=\"--width:32;--height:32\" decoding=\"async\"\/><\/a><\/p>\n<p>Das AfD-nahe &#8222;Team Menschenrechte&#8220; (Archivbild) bei einer Demo im April 2024. (Quelle: IMAGO\/imago)<\/p>\n<p><img loading=\"lazy\" src=\"https:\/\/nuernberg.t-online.de\/s\/paper\/_next\/static\/media\/audio-volume.6689034c.svg\" alt=\"\" title=\"\" class=\"block h-[calc(var(--height)_\/_16_*_1rem)] w-[calc(var(--width)_\/_16_*_1rem)] max-w-none group-hover:brightness-0 group-hover:invert\" style=\"--width:16;--height:16\" decoding=\"async\"\/>Vorlesen<\/p>\n<p>Aktuelle Zeit:0:00Gesamtdauer:0:00<\/p>\n<p>1x<img loading=\"lazy\" src=\"https:\/\/nuernberg.t-online.de\/s\/paper\/_next\/static\/media\/font-sizes.32942e33.svg\" alt=\"\" title=\"\" class=\"block h-[calc(var(--height)_\/_16_*_1rem)] w-[calc(var(--width)_\/_16_*_1rem)] max-w-none group-hover:hidden group-aria-expanded:hidden\" style=\"--width:16;--height:16\" decoding=\"async\"\/><img loading=\"lazy\" src=\"https:\/\/nuernberg.t-online.de\/s\/paper\/_next\/static\/media\/font-sizes-dark-mode.e382645c.svg\" alt=\"\" title=\"\" class=\"block h-[calc(var(--height)_\/_16_*_1rem)] w-[calc(var(--width)_\/_16_*_1rem)] max-w-none hidden group-hover:block group-aria-expanded:block\" style=\"--width:16;--height:16\" decoding=\"async\"\/><img loading=\"lazy\" src=\"https:\/\/nuernberg.t-online.de\/s\/paper\/_next\/static\/media\/sharing-menu-icon.1eb71368.svg\" alt=\"\" title=\"\" class=\"block h-[calc(var(--height)_\/_16_*_1rem)] w-[calc(var(--width)_\/_16_*_1rem)] max-w-none group-hover:brightness-0 group-hover:invert\" style=\"--width:16;--height:16\" decoding=\"async\"\/>Artikel teilen<\/p>\n<p class=\"font-bold text-18 leading-17 user-text-lg:text-22 user-text-xl:text-24\">Gegen die geplante Aktion einer rechten Gruppierung hat sich kreativer Protest formiert. Ausgerechnet ein Aussteigerprogramm f\u00fcr Neonazis soll davon profitieren.<\/p>\n<p class=\"text-18 leading-17 user-text-lg:text-22 user-text-xl:text-24\">Schon seit Monaten zieht in N\u00fcrnberg eine rechte Gruppierung unter dem Namen &#8222;Team Menschenrechte&#8220; durch die Innenstadt. Nun hat sich ein Aktivistenb\u00fcndnis eine kreative Aktion als Gegenprotest ausgedacht.<\/p>\n<p class=\"text-18 leading-17 user-text-lg:text-22 user-text-xl:text-24\">Die Veranstalter haben einen Benefizlauf ins Leben gerufen, dessen Erl\u00f6se an ein Aussteigerprogramm f\u00fcr Neonazis gespendet werden sollen. Das Besondere: Die teilnehmenden &#8222;L\u00e4ufer&#8220; sind die Teilnehmer der rechten Gruppierung. \u00dcber den Fall berichteten zuerst die &#8222;N\u00fcrnberger Nachrichten&#8220;.<\/p>\n<p>&#8222;Rechte latschen gegen rechte Latschen&#8220;<\/p>\n<p class=\"text-18 leading-17 user-text-lg:text-22 user-text-xl:text-24\">Hintergrund der Aktion sind die regelm\u00e4\u00dfigen Demos von &#8222;Team Menschenrechte&#8220;. Die Gruppe entstand w\u00e4hrend der Corona-Pandemie und demonstriert mittlerweile jeden Montag sowie an einem Samstag im Monat.<\/p>\n<p class=\"text-18 leading-17 user-text-lg:text-22 user-text-xl:text-24\">&#8222;Nicht mit uns&#8220;, schreiben die Veranstalter des Spendenlaufs auf ihrer Webseite. Sie begr\u00fcnden ihren Protest damit, dass die Gruppe &#8222;offen gegen queere Menschen, Gefl\u00fcchtete, Muslim:innen, nicht wei\u00dfe Personen, Menschen mit Beeintr\u00e4chtigungen sowie gegen Medien und Wissenschaft&#8220; hetze.<\/p>\n<p><a href=\"#focus-1\" class=\"transition-colors block text-current relative\" data-sctrack=\"FocusGalleryImage.Reference\"><img   loading=\"lazy\" src=\"https:\/\/www.europesays.com\/de\/wp-content\/uploads\/2026\/09\/montagsdemonstration-von-team-menschenrechte-und-gegendemonstrationen-gegen-rechtsextremismus-nuernb.jpeg\" alt=\"imago images 0852213406\" title=\"imago images 0852213406\" width=\"3291\" height=\"1851\" class=\"h-full w-full max-w-full rounded-8\" decoding=\"async\"\/><img loading=\"lazy\" src=\"https:\/\/nuernberg.t-online.de\/s\/paper\/_next\/static\/media\/zoom-in.f7dae02f.svg\" alt=\"Vergr\u00f6\u00dfern des Bildes\" title=\"Vergr\u00f6\u00dfern des Bildes\" class=\"block h-[calc(var(--height)_\/_16_*_1rem)] w-[calc(var(--width)_\/_16_*_1rem)] max-w-none absolute right-8 bottom-8 rounded-4 bg-snow p-8\" style=\"--width:32;--height:32\" decoding=\"async\"\/>Montagsdemonstration der rechtsextremen Gruppierung &#8222;Team Menschenrechte&#8220; (Archivbild): Einzelne Mitglieder werden vom Verfassungsschutz beobachtet. (Quelle: IMAGO\/Ardan Fuessmann\/imago)<\/a><\/p>\n<p class=\"text-18 leading-17 user-text-lg:text-22 user-text-xl:text-24\">Da die <a href=\"https:\/\/nuernberg.t-online.de\/region\/nuernberg\/id_100749802\/montagsdemos-in-nuernberg-geschaefte-klagen-ueber-umsatzeinbussen.html\" class=\"transition-colors cursor-pointer no-underline md:hover:text-magenta md:focus:text-magenta border-b border-solid border-current text-salemsfur md:hover:border-magenta\" data-tracking=\"{&quot;action&quot;:&quot;click&quot;,&quot;category&quot;:&quot;intextLink&quot;,&quot;label&quot;:&quot;\/region\/nuernberg\/id_100749802\/montagsdemos-in-nuernberg-geschaefte-klagen-ueber-umsatzeinbussen.html&quot;}\" data-sctrack=\"BodyAnchor\" rel=\"nofollow noopener\" target=\"_blank\">auch als &#8222;Montagsdemos&#8220; bezeichneten Aufm\u00e4rsche<\/a> bislang weitestgehend ungehindert stattfinden d\u00fcrfen, sollen sie dies &#8222;wenigstens f\u00fcr etwas Gutes tun&#8220;, hei\u00dft es auf der Webseite der Veranstalter. Demnach soll f\u00fcr jeden Meter, den das rechtsextreme &#8222;Team Menschenrechte&#8220; bei seinem Aufmarsch zur\u00fccklege, Geld an den Verein &#8222;B.U.D. \u2013 Beratung, Unterst\u00fctzung und Dokumentation f\u00fcr Betroffene rechter Gewalt&#8220; flie\u00dfen. W\u00f6chentlich legt die rechte Gruppe durchschnittlich drei Kilometer zur\u00fcck.<\/p>\n<p class=\"text-18 leading-17 user-text-lg:text-22 user-text-xl:text-24\">Die Aktion l\u00e4uft unter dem Motto &#8222;Rechte latschen gegen rechte Latschen&#8220;. Es seien bereits Tausende Euro gesammelt worden.<\/p>\n<p>Verfassungsschutz beobachtet rechtsextreme Gruppierung<\/p>\n<p class=\"text-18 leading-17 user-text-lg:text-22 user-text-xl:text-24\">Vorbild f\u00fcr die N\u00fcrnberger Aktivisten ist ein \u00e4hnlicher Lauf in Wunsiedel: &#8222;Rechts (laufen) gegen Rechts&#8220;. Dieser wurde 2014 als Gegenprotest zu einem Aufmarsch der Neonazi-Partei &#8222;Der III. Weg&#8220; ins Leben gerufen.<\/p>\n<p class=\"text-18 leading-17 user-text-lg:text-22 user-text-xl:text-24\"><a href=\"https:\/\/nuernberg.t-online.de\/region\/nuernberg\/id_100948924\/demo-in-nuernberg-umstrittene-route-entfacht-streit-in-der-stadtspitze.html\" class=\"transition-colors cursor-pointer no-underline md:hover:text-magenta md:focus:text-magenta border-b border-solid border-current text-salemsfur md:hover:border-magenta\" data-tracking=\"{&quot;action&quot;:&quot;click&quot;,&quot;category&quot;:&quot;intextLink&quot;,&quot;label&quot;:&quot;\/region\/nuernberg\/id_100948924\/demo-in-nuernberg-umstrittene-route-entfacht-streit-in-der-stadtspitze.html&quot;}\" data-sctrack=\"BodyAnchor\" rel=\"nofollow noopener\" target=\"_blank\">&#8222;Team Menschenrechte&#8220; sammelte w\u00e4hrend der Corona-Pandemie Anh\u00e4nger der &#8222;Querdenken&#8220;-Bewegung um sich<\/a>. Wie eine Recherche des Bayerischen Rundfunks und der &#8222;N\u00fcrnberger Nachrichten&#8220; zeigte, tummeln sich einige Mitglieder schon seit Jahren in der rechtsextremen Szene und versuchten bereits, verschiedene Gruppen im Sinne ihrer Ideologie aufzuhetzen.<\/p>\n<p><a href=\"#focus-2\" class=\"transition-colors block text-current relative\" data-sctrack=\"FocusGalleryImage.Reference\"><img   loading=\"lazy\" src=\"https:\/\/www.europesays.com\/de\/wp-content\/uploads\/2026\/09\/get-organized-demonstration-gegen-rechtsruck-ausbeutung-und-vereinzelung-in-nuernnberg-demonstration.jpeg\" alt=\"imago images 0419061666\" title=\"imago images 0419061666\" width=\"4378\" height=\"2463\" class=\"h-full w-full max-w-full rounded-8\" decoding=\"async\"\/><img loading=\"lazy\" src=\"https:\/\/nuernberg.t-online.de\/s\/paper\/_next\/static\/media\/zoom-in.f7dae02f.svg\" alt=\"Vergr\u00f6\u00dfern des Bildes\" title=\"Vergr\u00f6\u00dfern des Bildes\" class=\"block h-[calc(var(--height)_\/_16_*_1rem)] w-[calc(var(--width)_\/_16_*_1rem)] max-w-none absolute right-8 bottom-8 rounded-4 bg-snow p-8\" style=\"--width:32;--height:32\" decoding=\"async\"\/>Mitglieder des Vereins &#8222;Omas gegen Rechts&#8220;, die zum N\u00fcrnberger &#8222;B\u00fcndnis Nazistopp&#8220; geh\u00f6ren: Aktivisten des B\u00fcndnisses haben die Aktion ins Leben gerufen. (Quelle: IMAGO\/Ardan Fuessmann\/imago)<\/a><\/p>\n<p class=\"text-18 leading-17 user-text-lg:text-22 user-text-xl:text-24\">Im Umfeld der Gruppe befinden sich au\u00dferdem auch Anh\u00e4nger der NPD-Nachfolgepartei &#8222;Die Heimat&#8220; und einzelne Mitglieder der AfD.<\/p>\n","protected":false},"excerpt":{"rendered":"Kuriose Aktion Rechte Gruppe sammelt unfreiwillig Spenden gegen Rechts 04.09.2026 &#8211; 14:56 UhrLesedauer: 2 Min. Das AfD-nahe &#8222;Team&hellip;\n","protected":false},"author":2,"featured_media":1281651,"comment_status":"","ping_status":"","sticky":false,"template":"","format":"standard","meta":{"footnotes":"","_share_on_mastodon":"0"},"categories":[1837],"tags":[522,186,264415,772,3364,507,29,30,24866,52664,3783,11032,419],"class_list":["post-1281650","post","type-post","status-publish","format-standard","has-post-thumbnail","category-nuernberg","tag-522","tag-afd","tag-aussteigerprogramm","tag-bayern","tag-de","tag-demonstration","tag-deutschland","tag-germany","tag-menschenrecht","tag-montagsdemonstration","tag-nuernberg","tag-spende","tag-verfassungsschutz"],"share_on_mastodon":{"url":"https:\/\/pubeurope.com\/@de\/117216874869813653","error":""},"_links":{"self":[{"href":"https:\/\/www.europesays.com\/de\/wp-json\/wp\/v2\/posts\/1281650","targetHints":{"allow":["GET"]}}],"collection":[{"href":"https:\/\/www.europesays.com\/de\/wp-json\/wp\/v2\/posts"}],"about":[{"href":"https:\/\/www.europesays.com\/de\/wp-json\/wp\/v2\/types\/post"}],"author":[{"embeddable":true,"href":"https:\/\/www.europesays.com\/de\/wp-json\/wp\/v2\/users\/2"}],"replies":[{"embeddable":true,"href":"https:\/\/www.europesays.com\/de\/wp-json\/wp\/v2\/comments?post=1281650"}],"version-history":[{"count":0,"href":"https:\/\/www.europesays.com\/de\/wp-json\/wp\/v2\/posts\/1281650\/revisions"}],"wp:featuredmedia":[{"embeddable":true,"href":"https:\/\/www.europesays.com\/de\/wp-json\/wp\/v2\/media\/1281651"}],"wp:attachment":[{"href":"https:\/\/www.europesays.com\/de\/wp-json\/wp\/v2\/media?parent=1281650"}],"wp:term":[{"taxonomy":"category","embeddable":true,"href":"https:\/\/www.europesays.com\/de\/wp-json\/wp\/v2\/categories?post=1281650"},{"taxonomy":"post_tag","embeddable":true,"href":"https:\/\/www.europesays.com\/de\/wp-json\/wp\/v2\/tags?post=1281650"}],"curies":[{"name":"wp","href":"https:\/\/api.w.org\/{rel}","templated":true}]}}