{"id":1281677,"date":"2026-09-05T06:11:28","date_gmt":"2026-09-05T06:11:28","guid":{"rendered":"https:\/\/www.europesays.com\/de\/1281677\/"},"modified":"2026-09-05T06:11:28","modified_gmt":"2026-09-05T06:11:28","slug":"james-blunt-2027-duesseldorf-konzert-termin-tickets-vorverkauf","status":"publish","type":"post","link":"https:\/\/www.europesays.com\/de\/1281677\/","title":{"rendered":"James Blunt 2027 D\u00fcsseldorf \u2013 Konzert, Termin, Tickets, Vorverkauf"},"content":{"rendered":"<p class=\"text_ohne_einzug richtext text-em-55 !leading-serif mx-6 desktop:mx-0\"> \u201eYou&#8217;re Beautiful&#8220;, \u201eGoodbye My Lover&#8220;, \u201e1973&#8243;, die Liste der Ohrw\u00fcrmer, mit denen <a href=\"https:\/\/rp-online.de\/thema\/james-blunt\/\" rel=\"nofollow noopener\" target=\"_blank\">James Blunt<\/a> seit mehr als zwei Jahrzehnten die Hitparaden flutet, ist lang. Besonders in Deutschland hat der britische Singer-Songwriter eine treue Fangemeinde. Im M\u00e4rz 2027 kommt er f\u00fcr einen Auftritt nach D\u00fcsseldorf.<\/p>\n<p class=\"richtext text-em-55 !leading-serif mx-6 desktop:mx-0\">Das Konzert findet am Samstag, 13. M\u00e4rz 2027, um 20 Uhr im PSD Bank Dome statt. Die Tour l\u00e4uft unter dem Titel \u201eAirplane Mode Tour 2027\u201c.<\/p>\n<p>Wo und wann gibt es Karten f\u00fcr das Konzert?      <\/p>\n<p class=\"text_ohne_einzug richtext text-em-55 !leading-serif mx-6 desktop:mx-0\">Der allgemeine Vorverkauf f\u00fcr den Auftritt in D\u00fcsseldorf startet am Mittwoch, 9. September 2026, um 10 Uhr bei Eventim und weiteren Vorverkaufsstellen. Inhaber einer Visa-Kreditkarte der <a href=\"https:\/\/rp-online.de\/thema\/commerzbank\/\" rel=\"nofollow noopener\" target=\"_blank\">Commerzbank<\/a> oder Comdirect Bank k\u00f6nnen bereits ab dem 7. September 2026 im exklusiven Presale Tickets erwerben.<\/p>\n<p>Neues Album \u201eAirplane Mode\u201c im Gep\u00e4ck      <\/p>\n<p class=\"richtext text-em-55 !leading-serif mx-6 desktop:mx-0\">Der Name der Tour kommt nicht von ungef\u00e4hr: Passend zur Tournee erscheint am 6. November 2026 Blunts achtes Studioalbum \u201eAirplane Mode\u201c. Die zw\u00f6lf Songs entstanden gr\u00f6\u00dftenteils im englischen Banbury, gemeinsam mit seiner langj\u00e4hrigen Live-Band, die ihn auch auf der Tour begleitet.<\/p>\n<p class=\"richtext text-em-55 !leading-serif mx-6 desktop:mx-0\">Blunt selbst beschreibt das Projekt so: \u201eIrgendwo auf dem Weg habe ich mich verloren, aber in einem Studio in Banbury wiedergefunden.\u201c Als erste Single erschien \u201eTastes Like Summer&#8220;, als zweite Auskopplung folgte \u201eWeight Of It All\u201c.<\/p>\n<p>Die \u201eAirplane Mode Tour&#8220; 2027: Alle Termine in Deutschland      <\/p>\n<p class=\"richtext text-em-55 !leading-serif mx-6 desktop:mx-0\">James Blunt spielt im Fr\u00fchjahr 2027 insgesamt zehn Konzerte in Deutschland. Der D\u00fcsseldorfer Abend am 13. M\u00e4rz ist der einzige Halt in NRW. Weitere Stationen sind N\u00fcrnberg (23. Februar), <a href=\"https:\/\/rp-online.de\/thema\/hannover\/\" rel=\"nofollow noopener\" target=\"_blank\">Hannover<\/a> (24. Februar), M\u00fcnchen (26. Februar), Leipzig (12. M\u00e4rz), Hamburg (14. M\u00e4rz), Berlin (20. M\u00e4rz), Stuttgart (21. M\u00e4rz), <a href=\"https:\/\/rp-online.de\/thema\/freiburg\/\" rel=\"nofollow noopener\" target=\"_blank\">Freiburg<\/a> (23. M\u00e4rz) und Mannheim (24. M\u00e4rz).<\/p>\n<p class=\"richtext text-em-55 !leading-serif mx-6 desktop:mx-0\">James Blunt, b\u00fcrgerlich James Hillier Blount, wurde am 22. Februar 1974 in Tidworth, Wiltshire, geboren. Bevor er Musiker wurde, schlug er eine ungew\u00f6hnliche Laufbahn ein: Blunt diente sechs Jahre lang beim britischen Milit\u00e4r, nahm als Offizier am Kosovo-Einsatz teil und verlie\u00df die Armee erst 2002 im Rang eines Hauptmanns, um seiner Leidenschaft f\u00fcr die Musik zu folgen.<\/p>\n<p class=\"richtext text-em-55 !leading-serif mx-6 desktop:mx-0\">Der Durchbruch gelang ihm 2004 mit dem Deb\u00fctalbum \u201eBack to Bedlam\u201c, das sich weltweit \u00fcber elf Millionen Mal verkaufte und die britischen Charts anf\u00fchrte. Die dritte Single daraus, \u201eYou\u2018re Beautiful\u201c, avancierte zum weltweiten Ph\u00e4nomen: Der Song erreichte Platz eins in Gro\u00dfbritannien, <a href=\"https:\/\/rp-online.de\/thema\/irland\/\" rel=\"nofollow noopener\" target=\"_blank\">Irland<\/a>, den Niederlanden und den USA sowie Platz zwei in Deutschland und <a href=\"https:\/\/rp-online.de\/thema\/australien\/\" rel=\"nofollow noopener\" target=\"_blank\">Australien<\/a> und ist bis heute einer der bekanntesten Popsongs der 2000er-Jahre.<\/p>\n","protected":false},"excerpt":{"rendered":"\u201eYou&#8217;re Beautiful&#8220;, \u201eGoodbye My Lover&#8220;, \u201e1973&#8243;, die Liste der Ohrw\u00fcrmer, mit denen James Blunt seit mehr als zwei&hellip;\n","protected":false},"author":2,"featured_media":1281678,"comment_status":"","ping_status":"","sticky":false,"template":"","format":"standard","meta":{"footnotes":"","_share_on_mastodon":"0"},"categories":[1831],"tags":[4453,264417,264418,3364,29,3405,30,264069,1310,350,1209,188703,1909,5853,47324,2884,2992],"class_list":["post-1281677","post","type-post","status-publish","format-standard","has-post-thumbnail","category-duesseldorf","tag-4453","tag-airplane","tag-beautiful","tag-de","tag-deutschland","tag-duesseldorf","tag-germany","tag-james-blunt","tag-konzert","tag-mode","tag-nordrhein-westfalen","tag-popsongs","tag-song","tag-songs","tag-songwriter","tag-tour","tag-tournee"],"share_on_mastodon":{"url":"https:\/\/pubeurope.com\/@de\/117216954474698979","error":""},"_links":{"self":[{"href":"https:\/\/www.europesays.com\/de\/wp-json\/wp\/v2\/posts\/1281677","targetHints":{"allow":["GET"]}}],"collection":[{"href":"https:\/\/www.europesays.com\/de\/wp-json\/wp\/v2\/posts"}],"about":[{"href":"https:\/\/www.europesays.com\/de\/wp-json\/wp\/v2\/types\/post"}],"author":[{"embeddable":true,"href":"https:\/\/www.europesays.com\/de\/wp-json\/wp\/v2\/users\/2"}],"replies":[{"embeddable":true,"href":"https:\/\/www.europesays.com\/de\/wp-json\/wp\/v2\/comments?post=1281677"}],"version-history":[{"count":0,"href":"https:\/\/www.europesays.com\/de\/wp-json\/wp\/v2\/posts\/1281677\/revisions"}],"wp:featuredmedia":[{"embeddable":true,"href":"https:\/\/www.europesays.com\/de\/wp-json\/wp\/v2\/media\/1281678"}],"wp:attachment":[{"href":"https:\/\/www.europesays.com\/de\/wp-json\/wp\/v2\/media?parent=1281677"}],"wp:term":[{"taxonomy":"category","embeddable":true,"href":"https:\/\/www.europesays.com\/de\/wp-json\/wp\/v2\/categories?post=1281677"},{"taxonomy":"post_tag","embeddable":true,"href":"https:\/\/www.europesays.com\/de\/wp-json\/wp\/v2\/tags?post=1281677"}],"curies":[{"name":"wp","href":"https:\/\/api.w.org\/{rel}","templated":true}]}}