{"id":1281680,"date":"2026-09-05T06:13:12","date_gmt":"2026-09-05T06:13:12","guid":{"rendered":"https:\/\/www.europesays.com\/de\/1281680\/"},"modified":"2026-09-05T06:13:12","modified_gmt":"2026-09-05T06:13:12","slug":"klopp-sieht-stuttgart-party-traumsolo-und-blitz-joker-eiskalter-vfb-besiegt-koeln","status":"publish","type":"post","link":"https:\/\/www.europesays.com\/de\/1281680\/","title":{"rendered":"Klopp sieht Stuttgart-Party: Traumsolo und Blitz-Joker: Eiskalter VfB besiegt K\u00f6ln"},"content":{"rendered":"<p>Klopp sieht Stuttgart-PartyTraumsolo und Blitz-Joker: Eiskalter VfB besiegt K\u00f6ln<\/p>\n<p>Artikel anh\u00f6ren (00:26 min)<\/p>\n<p>04.09.2026 | 22:25 Uhr <\/p>\n<p>Mit einem Sieg h\u00e4tte der 1. FC K\u00f6ln an die Tabellenspitze der Fu\u00dfball-Bundesliga springen k\u00f6nnen. Daraus wird aber nichts: Der VfB Stuttgart gewinnt mit 4:1 und durchkreuzt damit die Pl\u00e4ne. Vor allem Josha Vagnoman erlebt schon wieder ein Auf und Ab.<\/p>\n<p class=\"Typography_text-default__P3otY Typography_weight-normal__pqUbH StorylineParagraph_p__4mkZU\">Der VfB Stuttgart hat sich f\u00fcr seine deftige Abreibung zum Saisonauftakt eindrucksvoll rehabilitiert. Nach dem deprimierenden 1:5 gegen den FC Bayern gewannen die Schwaben ihr Heimspiel gegen den 1. FC K\u00f6ln trotz einer kurzen Schw\u00e4chephase verdient mit 4:1 (1:0). Vor den Augen von Bundestrainer J\u00fcrgen Klopp musste sich die Mannschaft von Trainer Sebastian Hoene\u00df nur vorwerfen lassen, dass sie nach einer starken ersten Halbzeit das Spiel fast aus der Hand gegeben h\u00e4tte.<\/p>\n<p class=\"Typography_text-default__P3otY Typography_weight-normal__pqUbH StorylineParagraph_p__4mkZU\">Der VfB war zun\u00e4chst deutlich \u00fcberlegen, spr\u00fchte vor Spielfreude, musste aber unter anderem nach zwei Lattentreffern lange warten, ehe Bilal El Khannouss die \u00fcberf\u00e4llige F\u00fchrung erzielte (39.). Dabei dribbelte er sehenswert durch die gegnerische Abwehr.<\/p>\n<p>Bundesliga-HighlightsZweitliga-Highlights<\/p>\n<p class=\"Typography_text-default__P3otY Typography_weight-normal__pqUbH StorylineParagraph_p__4mkZU\">Die K\u00f6lner lie\u00dfen sich dadurch nicht entmutigen, besa\u00dfen zu Beginn der zweiten Halbzeit auch beste Chancen zum Ausgleich. Der VfB konnte sich beim starken Ersatz-Torh\u00fcter Fabian Bredlow bedanken, dass die Partie vor den Treffern von Grischa Pr\u00f6mel (60.), Ermedin Demirovic (76.), kurz nach seiner Einwechslung, und Josha Vagnoman (90.+1) sowie dem Eigentor von Ramon Hendriks (81.) nicht gekippt war.<\/p>\n<p class=\"Typography_text-default__P3otY Typography_weight-normal__pqUbH StorylineParagraph_p__4mkZU\">Dabei h\u00e4tte das Spiel zur Pause bereits entschieden sein k\u00f6nnen, wenn nicht m\u00fcssen: Der VfB machte von Beginn an Druck, verpasste aber spektakul\u00e4r die fr\u00fche F\u00fchrung: Nach einer Flanke von El Khannouss drosch der freistehende Josha Vagnoman den Ball aus drei Metern nur an die Latte (9.). Dort landete wenig sp\u00e4ter auch der Kopfball aus kurzer Distanz von Klopp-Kandidat Dzenan Pejcinovic (15.).<\/p>\n<p class=\"Typography_text-default__P3otY Typography_weight-normal__pqUbH StorylineParagraph_p__4mkZU\">K\u00f6ln musste ohne seine Torsch\u00fctzen beim Auftaktsieg gegen die TSG Hoffenheim (3:2) auskommen: Doppelpacker Thijs Dallinga plagte ein Magen-Darm-Infekt, Said El Mala eine Erk\u00e4ltung. Dennoch wurden die zun\u00e4chst bisweilen arg durcheinander gewirbelten G\u00e4ste vor allem nach der Pause immer gef\u00e4hrlicher &#8211; Torh\u00fcter Bredlow verhinderte gegen Ellyes Skhiri (47.) und den auf Anhieb starken Neuzugang Mikey Moore (53. und 56.) reaktionsschnell den Ausgleichstreffer.<\/p>\n<p class=\"Typography_text-default__P3otY Typography_weight-normal__pqUbH StorylineParagraph_p__4mkZU\">Zun\u00e4chst waren die G\u00e4ste vor allem damit besch\u00e4ftigt gewesen, den deutlich \u00fcberlegenen VfB einzubremsen. Das gelang trotz einiger Wackler auch dank des starken Torh\u00fcters Marvin Schw\u00e4be eine Weile gut, beim Gegentreffer von El Khannouss lie\u00dfen sich aber gleich mehrere K\u00f6lner vom marokkanischen Nationalspieler b\u00f6se verladen. Auch bei den weiteren Treffern war die FC-Abwehr unsortiert.<\/p>\n<p>Verwendete Quellen: ntv.de, ses\/sid<\/p>\n","protected":false},"excerpt":{"rendered":"Klopp sieht Stuttgart-PartyTraumsolo und Blitz-Joker: Eiskalter VfB besiegt K\u00f6ln Artikel anh\u00f6ren (00:26 min) 04.09.2026 | 22:25 Uhr Mit&hellip;\n","protected":false},"author":2,"featured_media":1281681,"comment_status":"","ping_status":"","sticky":false,"template":"","format":"standard","meta":{"footnotes":"","_share_on_mastodon":"0"},"categories":[1830],"tags":[623,1634,3364,29,347,485,30,1441,2915],"class_list":["post-1281680","post","type-post","status-publish","format-standard","has-post-thumbnail","category-stuttgart","tag-1-fc-koeln","tag-baden-wuerttemberg","tag-de","tag-deutschland","tag-fussball","tag-fussball-bundesliga","tag-germany","tag-stuttgart","tag-vfb-stuttgart"],"share_on_mastodon":{"url":"https:\/\/pubeurope.com\/@de\/117216962684221022","error":""},"_links":{"self":[{"href":"https:\/\/www.europesays.com\/de\/wp-json\/wp\/v2\/posts\/1281680","targetHints":{"allow":["GET"]}}],"collection":[{"href":"https:\/\/www.europesays.com\/de\/wp-json\/wp\/v2\/posts"}],"about":[{"href":"https:\/\/www.europesays.com\/de\/wp-json\/wp\/v2\/types\/post"}],"author":[{"embeddable":true,"href":"https:\/\/www.europesays.com\/de\/wp-json\/wp\/v2\/users\/2"}],"replies":[{"embeddable":true,"href":"https:\/\/www.europesays.com\/de\/wp-json\/wp\/v2\/comments?post=1281680"}],"version-history":[{"count":0,"href":"https:\/\/www.europesays.com\/de\/wp-json\/wp\/v2\/posts\/1281680\/revisions"}],"wp:featuredmedia":[{"embeddable":true,"href":"https:\/\/www.europesays.com\/de\/wp-json\/wp\/v2\/media\/1281681"}],"wp:attachment":[{"href":"https:\/\/www.europesays.com\/de\/wp-json\/wp\/v2\/media?parent=1281680"}],"wp:term":[{"taxonomy":"category","embeddable":true,"href":"https:\/\/www.europesays.com\/de\/wp-json\/wp\/v2\/categories?post=1281680"},{"taxonomy":"post_tag","embeddable":true,"href":"https:\/\/www.europesays.com\/de\/wp-json\/wp\/v2\/tags?post=1281680"}],"curies":[{"name":"wp","href":"https:\/\/api.w.org\/{rel}","templated":true}]}}