{"id":1281699,"date":"2026-09-05T06:24:18","date_gmt":"2026-09-05T06:24:18","guid":{"rendered":"https:\/\/www.europesays.com\/de\/1281699\/"},"modified":"2026-09-05T06:24:18","modified_gmt":"2026-09-05T06:24:18","slug":"siegmund-laesst-ministerpraesidenten-wahl-offen-berlin-story-news","status":"publish","type":"post","link":"https:\/\/www.europesays.com\/de\/1281699\/","title":{"rendered":"Siegmund l\u00e4sst Ministerpr\u00e4sidenten-Wahl offen &#8211; Berlin Story News"},"content":{"rendered":"<p><img post-id=\"106135\" fifu-featured=\"1\" decoding=\"async\" src=\"https:\/\/www.europesays.com\/de\/wp-content\/uploads\/2026\/09\/dts_image_130621_jsphgrtdpb_348_800_600.jpg\" alt=\"Siegmund l\u00e4sst Ministerpr\u00e4sidenten-Wahl offen\" title=\"Siegmund l\u00e4sst Ministerpr\u00e4sidenten-Wahl offen\" width=\"100%\" align=\"LEFT\"\/><br \/>Foto: AfD-Wahlplakat mit Ulrich Siegmund (Archiv), via dts Nachrichtenagentur<\/p>\n<p>Magdeburg (dts Nachrichtenagentur) \u2013 Sachsen-Anhalts AfD-Spitzenkandidat Ulrich Siegmund l\u00e4sst offen, ob er sich im Fall einer absoluten Mehrheit zum Ministerpr\u00e4sidenten w\u00e4hlen lassen will.<\/p>\n<p>Auf die Frage, ob er bei einer Ein-Stimmen-Mehrheit im Landtag das Ministerpr\u00e4sidentenamt anstrebe, sagte Siegmund der \u201eBild\u201c: \u201eDas werden wir am Montag entscheiden. Gucken wir mal, wie es ausgeht.\u201c<\/p>\n<p>Siegmund sagte, es gehe ihm um eine \u201estabile Mehrheit\u201c im Landtag. \u201eWas mache ich, wenn mal ein oder zwei oder drei Abgeordnete im Krankenhaus sind? Soll ich die dann mit der Trage in den Landtag reintragen zum Abstimmen?\u201c, sagte Siegmund. Es d\u00fcrfe nicht so sein, dass der \u201eFortschritt des Landes gel\u00e4hmt\u201c sei, \u201eweil ein oder zwei Abgeordnete gesundheitsbedingt ausfallen\u201c.<\/p>\n","protected":false},"excerpt":{"rendered":"Foto: AfD-Wahlplakat mit Ulrich Siegmund (Archiv), via dts Nachrichtenagentur Magdeburg (dts Nachrichtenagentur) \u2013 Sachsen-Anhalts AfD-Spitzenkandidat Ulrich Siegmund l\u00e4sst&hellip;\n","protected":false},"author":2,"featured_media":1281700,"comment_status":"","ping_status":"","sticky":false,"template":"","format":"standard","meta":{"footnotes":"","_share_on_mastodon":"0"},"categories":[1825],"tags":[1941,1939,147,296,1937,29,30,1940,1938,16,55],"class_list":["post-1281699","post","type-post","status-publish","format-standard","has-post-thumbnail","category-berlin","tag-aktuelle-nachrichten-aus-berlin","tag-aktuelle-news-aus-berlin","tag-ausland","tag-berlin","tag-berlin-news","tag-deutschland","tag-germany","tag-nachrichten-aus-berlin","tag-news-aus-berlin","tag-politik","tag-wirtschaft"],"share_on_mastodon":{"url":"https:\/\/pubeurope.com\/@de\/117217007731856421","error":""},"_links":{"self":[{"href":"https:\/\/www.europesays.com\/de\/wp-json\/wp\/v2\/posts\/1281699","targetHints":{"allow":["GET"]}}],"collection":[{"href":"https:\/\/www.europesays.com\/de\/wp-json\/wp\/v2\/posts"}],"about":[{"href":"https:\/\/www.europesays.com\/de\/wp-json\/wp\/v2\/types\/post"}],"author":[{"embeddable":true,"href":"https:\/\/www.europesays.com\/de\/wp-json\/wp\/v2\/users\/2"}],"replies":[{"embeddable":true,"href":"https:\/\/www.europesays.com\/de\/wp-json\/wp\/v2\/comments?post=1281699"}],"version-history":[{"count":0,"href":"https:\/\/www.europesays.com\/de\/wp-json\/wp\/v2\/posts\/1281699\/revisions"}],"wp:featuredmedia":[{"embeddable":true,"href":"https:\/\/www.europesays.com\/de\/wp-json\/wp\/v2\/media\/1281700"}],"wp:attachment":[{"href":"https:\/\/www.europesays.com\/de\/wp-json\/wp\/v2\/media?parent=1281699"}],"wp:term":[{"taxonomy":"category","embeddable":true,"href":"https:\/\/www.europesays.com\/de\/wp-json\/wp\/v2\/categories?post=1281699"},{"taxonomy":"post_tag","embeddable":true,"href":"https:\/\/www.europesays.com\/de\/wp-json\/wp\/v2\/tags?post=1281699"}],"curies":[{"name":"wp","href":"https:\/\/api.w.org\/{rel}","templated":true}]}}