{"id":1281741,"date":"2026-09-05T06:51:25","date_gmt":"2026-09-05T06:51:25","guid":{"rendered":"https:\/\/www.europesays.com\/de\/1281741\/"},"modified":"2026-09-05T06:51:25","modified_gmt":"2026-09-05T06:51:25","slug":"viersen-trashdance-open-air-2026-feiert-hits-der-90er-und-2000er","status":"publish","type":"post","link":"https:\/\/www.europesays.com\/de\/1281741\/","title":{"rendered":"Viersen: Trashdance-Open-Air 2026 feiert Hits der 90er und 2000er"},"content":{"rendered":"<p class=\"text_ohne_einzug richtext text-em-55 !leading-serif mx-6 desktop:mx-0\"> Bereits zum f\u00fcnften Mal bringen Carsten Zielke vom Edeka Zielke und Christoph Jinkertz alias DJ Budda am Samstag, 5. September, das Trashdance-Open-Air auf den Dancefloor. Nachdem das Partyformat mit den Hits aus den 1990ern und den 2000ern 2022 und 2023 auf der Open-Air-B\u00fchne am Hohen Busch zu Gast war, zogen die Veranstalter vor zwei Jahren auf die Melcherstiege im Herzen von D\u00fclken um. Grund daf\u00fcr war, dass die Open-Air-B\u00fchne in <a href=\"https:\/\/rp-online.de\/thema\/viersen\/\" rel=\"nofollow noopener\" target=\"_blank\">Viersen<\/a> eine Pause einlegen musste. Auch in diesem Jahr wird es wieder an dieser Stelle stattfinden.<\/p>\n<p class=\"richtext text-em-55 !leading-serif mx-6 desktop:mx-0\">Ab 16 Uhr werden am 5. September musikalische Jugends\u00fcnden und ehemalige Lieblingslieder aus den Boxen schallen. Das Trashdance-DJ-Team um DJ Budda hat sich daf\u00fcr wieder ein paar G\u00e4ste eingeladen, die dabei unterst\u00fctzen, die Nostalgie f\u00fcr die beiden Jahrzehnte aufleben zu lassen. Mit dabei ist diesmal Aquagen, der unter anderem f\u00fcr seine Songs \u201eIhr seid so leise!\u201c, \u201ePartyalarm\u201c und \u201eExplode\u201c bekannt wurde. DJ Chris kennen viele aus der Skihalle <a href=\"https:\/\/rp-online.de\/thema\/neuss\/\" rel=\"nofollow noopener\" target=\"_blank\">Neuss<\/a> und von etlichen Partys in der Region und \u00fcberregional.<\/p>\n<p class=\"richtext text-em-55 !leading-serif mx-6 desktop:mx-0\">Vielleicht wird es auch einen Special Guest geben. Das wollen die Veranstalter aber noch nicht genau verraten. Wer beim Tanzen hungrig wird, kann sich am Foodtruck der Guerilla K\u00fcche versorgen. Und gegen den Durst helfen verschiedene Weine aus einem Winetruck, diverse Trendgetr\u00e4nke und das \u00fcbliche Getr\u00e4nkeangebot.<\/p>\n<p class=\"richtext text-em-55 !leading-serif mx-6 desktop:mx-0\">Zudem wird es eine Schaum-Area geben und Kinder bis 14 Jahre haben in Begleitung der Erziehungsberechtigten freien Eintritt. F\u00fcr alle anderen gibt es Karten f\u00fcr das Spektakel unter www.edeka-zielke.de und an den station\u00e4ren Vorverkaufsstellen Edeka Zielke Viersen in der L\u00fctticher Stra\u00dfe 1 und Edeka Zielke D\u00fclken am Westgraben 5-7.<\/p>\n","protected":false},"excerpt":{"rendered":"Bereits zum f\u00fcnften Mal bringen Carsten Zielke vom Edeka Zielke und Christoph Jinkertz alias DJ Budda am Samstag,&hellip;\n","protected":false},"author":2,"featured_media":1281742,"comment_status":"","ping_status":"","sticky":false,"template":"","format":"standard","meta":{"footnotes":"","_share_on_mastodon":"0"},"categories":[1849],"tags":[264424,4057,4056,5564,264423,3364,29,1024,548,663,3934,30,13,40246,4455,14,15,1209,5565,12,264422,18183,264421],"class_list":["post-1281741","post","type-post","status-publish","format-standard","has-post-thumbnail","category-moenchengladbach","tag-1990ern","tag-2000er","tag-90er","tag-air","tag-budda","tag-de","tag-deutschland","tag-edeka","tag-eu","tag-europa","tag-europe","tag-germany","tag-headlines","tag-hits","tag-moenchengladbach","tag-nachrichten","tag-news","tag-nordrhein-westfalen","tag-open","tag-schlagzeilen","tag-trashdance","tag-viersen","tag-zielke"],"share_on_mastodon":{"url":"https:\/\/pubeurope.com\/@de\/117217111973554755","error":""},"_links":{"self":[{"href":"https:\/\/www.europesays.com\/de\/wp-json\/wp\/v2\/posts\/1281741","targetHints":{"allow":["GET"]}}],"collection":[{"href":"https:\/\/www.europesays.com\/de\/wp-json\/wp\/v2\/posts"}],"about":[{"href":"https:\/\/www.europesays.com\/de\/wp-json\/wp\/v2\/types\/post"}],"author":[{"embeddable":true,"href":"https:\/\/www.europesays.com\/de\/wp-json\/wp\/v2\/users\/2"}],"replies":[{"embeddable":true,"href":"https:\/\/www.europesays.com\/de\/wp-json\/wp\/v2\/comments?post=1281741"}],"version-history":[{"count":0,"href":"https:\/\/www.europesays.com\/de\/wp-json\/wp\/v2\/posts\/1281741\/revisions"}],"wp:featuredmedia":[{"embeddable":true,"href":"https:\/\/www.europesays.com\/de\/wp-json\/wp\/v2\/media\/1281742"}],"wp:attachment":[{"href":"https:\/\/www.europesays.com\/de\/wp-json\/wp\/v2\/media?parent=1281741"}],"wp:term":[{"taxonomy":"category","embeddable":true,"href":"https:\/\/www.europesays.com\/de\/wp-json\/wp\/v2\/categories?post=1281741"},{"taxonomy":"post_tag","embeddable":true,"href":"https:\/\/www.europesays.com\/de\/wp-json\/wp\/v2\/tags?post=1281741"}],"curies":[{"name":"wp","href":"https:\/\/api.w.org\/{rel}","templated":true}]}}