{"id":1281744,"date":"2026-09-05T06:54:24","date_gmt":"2026-09-05T06:54:24","guid":{"rendered":"https:\/\/www.europesays.com\/de\/1281744\/"},"modified":"2026-09-05T06:54:24","modified_gmt":"2026-09-05T06:54:24","slug":"pol-wi-kvd-13-jaehriges-maedchen-aus-wiesbaden-vermisst","status":"publish","type":"post","link":"https:\/\/www.europesays.com\/de\/1281744\/","title":{"rendered":"POL-WI-KvD: 13-j\u00e4hriges M\u00e4dchen aus Wiesbaden vermisst"},"content":{"rendered":"<p class=\"date\">05.09.2026 \u2013 05:53<\/p>\n<p class=\"customer\">\n                        <a class=\"story-customer\" title=\"weiter zum newsroom von Wiesbaden (KvD) - Polizeipr\u00e4sidium Westhessen\" href=\"https:\/\/www.presseportal.de\/blaulicht\/nr\/11815\" rel=\"nofollow noopener\" target=\"_blank\">Wiesbaden (KvD) &#8211; Polizeipr\u00e4sidium Westhessen<\/a>\n                    <\/p>\n<p><a class=\"glightbox event-trigger\" href=\"https:\/\/cache.pressmailing.net\/thumbnail\/story_hires\/244e2665-fa0a-4245-bcfb-2bf9c66796b1\/VP-BOULAAOUAD-EL-HICHOU.jpg.jpg\" data-description=\"Foto der Vermissten\" data-category=\"medialightbox\" data-action=\"click\" data-label=\"single\" data-value=\"6a9b9221270000fd2cca93cf\" rel=\"nofollow noopener\" target=\"_blank\"><img decoding=\"async\" height=\"540\" with=\"720\" src=\"https:\/\/www.europesays.com\/de\/wp-content\/uploads\/2026\/09\/pol-wi-kvd-13-j-hriges-m-dchen-aus-wiesbaden-vermisst.jpeg\"   alt=\"POL-WI-KvD: 13-j\u00e4hriges M\u00e4dchen aus Wiesbaden vermisst\" class=\"single\"\/><\/a><\/p>\n<p><a data-category=\"citylink-story-view\" data-action=\"click\" data-label=\"Citylink in Meldungsansicht\" class=\"story-city event-trigger\" href=\"https:\/\/www.presseportal.de\/regional\/Wiesbaden\" title=\"News aus Wiesbaden \" rel=\"nofollow noopener\" target=\"_blank\">Wiesbaden<\/a> (ots)<\/p>\n<p>13-j\u00e4hriges M\u00e4dchen aus Wiesbaden vermisst,<br \/>\nWiesbaden,<br \/>\nFreitag, 04.09.2026, 14:00 Uhr<\/p>\n<p>(eh) Die Wiesbadener Polizei bitte die Bev\u00f6lkerung um Mitfahndung nach einem 13-j\u00e4hrigen M\u00e4dchen aus Wiesbaden.<br \/>\nSeit Freitagmittag wird die Jannat Boulaaouad El Hichou aus Wiesbaden vermisst. Sie besuchte am Morgen die Schule in der Lorcher Stra\u00dfe, erschien um 14:00 Uhr aber nicht wie abgesprochen zuhause.<br \/>\nEs liegen keine Hinweise auf den aktuellen Aufenthaltsort der Vermissten vor. Konkrete Ausl\u00f6ser f\u00fcr das Verschwinden sind nicht bekannt, laut Familie sei die Vermisste aktuell in einer &#8222;rebellischen Phase&#8220;.<br \/>\nDie Jannat ist weiblich, ca. 150cm gro\u00df, etwas kr\u00e4ftiger, hat dunkle, lockige Haare und ist bekleidet mit Blue-Jeans und einem schwarzen Pulli mit rot-wei\u00dfen Applikationen.<br \/>\nHinweise auf den Aufenthaltsort nimmt das 5. Polizeirevier in Wiesbaden unter der Telefonnummer (0611) 345-2540, sowie jede andere Polizeidienststelle entgegen.<\/p>\n<p class=\"contact-headline\">R\u00fcckfragen bitte an:<\/p>\n<p class=\"contact-text\">Polizeipr\u00e4sidium Westhessen<br \/>Polizeidirektion Wiesbaden<br \/>Kommissar vom Dienst<\/p>\n<p>Telefon: (0611) 345-2042<br \/>E-Mail: <a href=\"https:\/\/www.presseportal.de\/blaulicht\/pm\/11815\/mailto:KvD.Wiesbaden.ppwh@polizei.hessen.de\" class=\"uri-mailto\" rel=\"nofollow noopener\" target=\"_blank\">KvD.Wiesbaden.ppwh@polizei.hessen.de<\/a><\/p>\n<p class=\"originator\">Original-Content von: Wiesbaden (KvD) &#8211; Polizeipr\u00e4sidium Westhessen, \u00fcbermittelt durch news aktuell<\/p>\n","protected":false},"excerpt":{"rendered":"05.09.2026 \u2013 05:53 Wiesbaden (KvD) &#8211; Polizeipr\u00e4sidium Westhessen Wiesbaden (ots) 13-j\u00e4hriges M\u00e4dchen aus Wiesbaden vermisst, Wiesbaden, Freitag, 04.09.2026,&hellip;\n","protected":false},"author":2,"featured_media":1281745,"comment_status":"","ping_status":"","sticky":false,"template":"","format":"standard","meta":{"footnotes":"","_share_on_mastodon":"0"},"categories":[1847],"tags":[3364,29,548,663,3934,30,1087,13,2052,177,14,15,121,178,180,179,181,12,4544],"class_list":["post-1281744","post","type-post","status-publish","format-standard","has-post-thumbnail","category-wiesbaden","tag-de","tag-deutschland","tag-eu","tag-europa","tag-europe","tag-germany","tag-he","tag-headlines","tag-hessen","tag-kriminalitt","tag-nachrichten","tag-news","tag-polizei","tag-presse","tag-pressemeldung","tag-pressemitteilung","tag-pressemitteilungen","tag-schlagzeilen","tag-wiesbaden"],"share_on_mastodon":{"url":"https:\/\/pubeurope.com\/@de\/117217125536322584","error":""},"_links":{"self":[{"href":"https:\/\/www.europesays.com\/de\/wp-json\/wp\/v2\/posts\/1281744","targetHints":{"allow":["GET"]}}],"collection":[{"href":"https:\/\/www.europesays.com\/de\/wp-json\/wp\/v2\/posts"}],"about":[{"href":"https:\/\/www.europesays.com\/de\/wp-json\/wp\/v2\/types\/post"}],"author":[{"embeddable":true,"href":"https:\/\/www.europesays.com\/de\/wp-json\/wp\/v2\/users\/2"}],"replies":[{"embeddable":true,"href":"https:\/\/www.europesays.com\/de\/wp-json\/wp\/v2\/comments?post=1281744"}],"version-history":[{"count":0,"href":"https:\/\/www.europesays.com\/de\/wp-json\/wp\/v2\/posts\/1281744\/revisions"}],"wp:featuredmedia":[{"embeddable":true,"href":"https:\/\/www.europesays.com\/de\/wp-json\/wp\/v2\/media\/1281745"}],"wp:attachment":[{"href":"https:\/\/www.europesays.com\/de\/wp-json\/wp\/v2\/media?parent=1281744"}],"wp:term":[{"taxonomy":"category","embeddable":true,"href":"https:\/\/www.europesays.com\/de\/wp-json\/wp\/v2\/categories?post=1281744"},{"taxonomy":"post_tag","embeddable":true,"href":"https:\/\/www.europesays.com\/de\/wp-json\/wp\/v2\/tags?post=1281744"}],"curies":[{"name":"wp","href":"https:\/\/api.w.org\/{rel}","templated":true}]}}