{"id":1281760,"date":"2026-09-05T07:03:17","date_gmt":"2026-09-05T07:03:17","guid":{"rendered":"https:\/\/www.europesays.com\/de\/1281760\/"},"modified":"2026-09-05T07:03:17","modified_gmt":"2026-09-05T07:03:17","slug":"ab-24-september-verbindungsstrasse-im-bielefelder-sueden-fuer-zweieinhalb-jahre-gesperrt","status":"publish","type":"post","link":"https:\/\/www.europesays.com\/de\/1281760\/","title":{"rendered":"Ab 24. September: Verbindungsstra\u00dfe im Bielefelder S\u00fcden f\u00fcr zweieinhalb Jahre gesperrt"},"content":{"rendered":"<p id=\"absatz1\" class=\"em_text\">Bielefeld-Brackwede. Der Startschuss f\u00fcr die langwierige Kanalsanierung in der Senner Stra\u00dfe f\u00e4llt am Donnerstag, 24. September. Sie wird voraussichtlich zweieinhalb Jahre dauern. In dieser Zeit wird die Baustelle in Etappen vom S\u00fcdring bis zur D\u00fcsseldorfer Stra\u00dfe hinaufwandern. Die Senner Stra\u00dfe wird in dieser ganzen Phase, bis Anfang 2029, f\u00fcr den Durchgangsverkehr gesperrt.<\/p>\n<p id=\"absatz2\" class=\"em_text\">Bei den Arbeiten handelt es sich um eine hydraulische Kanalsanierung. Laut Bielefelder Umweltbetrieb sind diese Ma\u00dfnahmen unumg\u00e4nglich, weil der Kanal \u00fcberlastet ist. Jetzt wird der Querschnitt vergr\u00f6\u00dfert, sodass vor allem bei Starkregen mehr Wasser hindurchflie\u00dfen kann. In der Senner Stra\u00dfe wird der vorhandene Regen- und Schmutzwasserkanal daf\u00fcr auf einer L\u00e4nge von etwa 600 Metern erneuert.<\/p>\n<p id=\"absatz3\" class=\"em_text\">Die Arbeiten werden dabei als Wanderbaustelle ausgef\u00fchrt. Das bedeutet, dass in etwa 50-Meter-Abschnitten eine zeitweise Sperrung der Stra\u00dfe erfolgt. Dadurch bleiben die Senner Stra\u00dfe von beiden Seiten sowie die Grundst\u00fccke \u2013 mit Ausnahme des jeweils gesperrten Bauabschnittes \u2013 grunds\u00e4tzlich f\u00fcr Anlieger und den Lieferverkehr frei.<\/p>\n<p id=\"absatz4\"><b class=\"bold\">Lesen Sie auch: <\/b><a href=\"https:\/\/www.nw.de\/lokal\/bielefeld\/senne\/24406538_Bielefelder-Anwohner-fuehlen-sich-beim-Bau-eines-40-Meter-hohen-Sendemastes-uebergangen.html\" rel=\"nofollow noopener\" target=\"_blank\">Bielefelder f\u00fchlen sich beim Bau eines 40 Meter hohen Sendemastes \u00fcbergangen<\/a><\/p>\n<p>\n        \u00d7\n    <\/p>\n<p>\n            Sie erhalten in wenigen Minuten eine E-Mail zur Best\u00e4tigung Ihrer Anmeldung.\n        <\/p>\n<p>Erst danach ist diese abgeschlossen.<\/p>\n<p>Bitte pr\u00fcfen Sie auch den Spam-Ordner.<\/p>\n<p>\n        \u00d7\n    <\/p>\n<p>\n            Sie haben bisher Ihre E-Mail-Adresse noch nicht best\u00e4tigt.\n        <\/p>\n<p>Erst danach ist diese abgeschlossen.<\/p>\n<p>Bitte pr\u00fcfen Sie auch den Spam-Ordner.<\/p>\n<p>\n        \u00d7\n    <\/p>\n<p>\n            Es ist einen Fehler aufgetreten\n        <\/p>\n<p>Bei Fragen hilft unser Newsletter-Support<\/p>\n<p> Newsletter<\/p>\n<p> Aus Bielefeld<\/p>\n<p>W\u00f6chentliche News direkt aus der Redaktion Bielefeld.<\/p>\n<p>                Jetzt anmelden<\/p>\n<p>Zweiter gro\u00dfer Bauabschnitt in der D\u00fcsseldorfer Stra\u00dfe<\/p>\n<p id=\"absatz5\" class=\"em_text\">An den Kanalbau in der Senner Stra\u00dfe schlie\u00dft sich der in der D\u00fcsseldorfer Stra\u00dfe an. Ab etwa Mitte\/Ende 2028 soll dort der Abschnitt zwischen Schwarzer Kamp und S\u00fcdstra\u00dfe in Angriff genommen werden.<\/p>\n<p id=\"absatz6\" class=\"em_text\">Im Vorfeld hatten Anwohner und Bezirkspolitiker <a href=\"https:\/\/www.nw.de\/lokal\/bielefeld\/mitte\/24332758_Es-geht-los-Mitte-Juni-startet-die-zweieinhalbjaehrige-Sperrung-der-Senner-Strasse-in-Brackwede.html\" rel=\"nofollow noopener\" target=\"_blank\">gro\u00dfe Bedenken wegen der langen Bauzeit und der Auswirkungen<\/a> vor allem auf den Handel und die anliegenden Dienstleister ge\u00e4u\u00dfert. Verwaltung, Umweltbetrieb, Mobiel, Bezirksvertreter und Bezirksamt hatten daher einen kleinen Baustellen-Gipfel abgehalten und \u00fcber m\u00f6gliche Problemlagen gesprochen.<\/p>\n<p id=\"absatz7\" class=\"em_text\">Die Bezirksvertretung Brackwede hatte nach den Erfahrungen mit anderen Gro\u00dfbaustellen im Stadtteil auch auf ein gutes Umleitungskonzept gepocht. Eine Umleitung f\u00fcr den Durchgangsverkehr wird jetzt \u00fcber die Berliner Stra\u00dfe ausgeschildert. Die Brackweder werden kritisch hinschauen, denn sie sehen die Leistungsf\u00e4higkeit der Stra\u00dfe durchaus als begrenzt an, zumal dort an vielen Stellen rechts und links geparkt werden darf, was den Verkehr bremst. Die Frage ist, ob dort tempor\u00e4r an einigen Stellen Park- und Halteverbote ausgesprochen werden m\u00fcssen.<\/p>\n<p id=\"absatz8\"><b class=\"bold\">\ud83d\udcf1 News direkt aufs Smartphone: <\/b><a data-auth=\"NotApplicable\" href=\"https:\/\/whatsapp.com\/channel\/0029VaeYHJ40Qeam4DWyn109\" rel=\"nofollow noopener\" target=\"_blank\">Hier finden Sie den kostenlosen Whatsapp-Kanal der NW-Bielefeld<\/a> <\/p>\n","protected":false},"excerpt":{"rendered":"Bielefeld-Brackwede. Der Startschuss f\u00fcr die langwierige Kanalsanierung in der Senner Stra\u00dfe f\u00e4llt am Donnerstag, 24. September. Sie wird&hellip;\n","protected":false},"author":2,"featured_media":1281761,"comment_status":"","ping_status":"","sticky":false,"template":"","format":"standard","meta":{"footnotes":"","_share_on_mastodon":"0"},"categories":[1841],"tags":[26805,1605,28242,3364,29,81547,30,73890,730,1606,1608,198343,736,164252,26093,1613,1209,264427,187316,223344],"class_list":["post-1281760","post","type-post","status-publish","format-standard","has-post-thumbnail","category-bielefeld","tag-bauabschnitt","tag-bielefeld","tag-brackwede","tag-de","tag-deutschland","tag-duesseldorfer-strasse","tag-germany","tag-kanalsanierung","tag-label_grafik","tag-label_m-80","tag-label_top-news","tag-meta_artikelklasse_aboanker","tag-meta_copyrights_nw","tag-meta_eo_zusammenfassung","tag-meta_themen_verkehr_mobilitaet","tag-meta_userneeds_informieremich","tag-nordrhein-westfalen","tag-senneer-strasse","tag-verbindungsstrasse","tag-wanderbaustelle"],"share_on_mastodon":{"url":"https:\/\/pubeurope.com\/@de\/117217159231634260","error":""},"_links":{"self":[{"href":"https:\/\/www.europesays.com\/de\/wp-json\/wp\/v2\/posts\/1281760","targetHints":{"allow":["GET"]}}],"collection":[{"href":"https:\/\/www.europesays.com\/de\/wp-json\/wp\/v2\/posts"}],"about":[{"href":"https:\/\/www.europesays.com\/de\/wp-json\/wp\/v2\/types\/post"}],"author":[{"embeddable":true,"href":"https:\/\/www.europesays.com\/de\/wp-json\/wp\/v2\/users\/2"}],"replies":[{"embeddable":true,"href":"https:\/\/www.europesays.com\/de\/wp-json\/wp\/v2\/comments?post=1281760"}],"version-history":[{"count":0,"href":"https:\/\/www.europesays.com\/de\/wp-json\/wp\/v2\/posts\/1281760\/revisions"}],"wp:featuredmedia":[{"embeddable":true,"href":"https:\/\/www.europesays.com\/de\/wp-json\/wp\/v2\/media\/1281761"}],"wp:attachment":[{"href":"https:\/\/www.europesays.com\/de\/wp-json\/wp\/v2\/media?parent=1281760"}],"wp:term":[{"taxonomy":"category","embeddable":true,"href":"https:\/\/www.europesays.com\/de\/wp-json\/wp\/v2\/categories?post=1281760"},{"taxonomy":"post_tag","embeddable":true,"href":"https:\/\/www.europesays.com\/de\/wp-json\/wp\/v2\/tags?post=1281760"}],"curies":[{"name":"wp","href":"https:\/\/api.w.org\/{rel}","templated":true}]}}