{"id":1281790,"date":"2026-09-05T07:21:15","date_gmt":"2026-09-05T07:21:15","guid":{"rendered":"https:\/\/www.europesays.com\/de\/1281790\/"},"modified":"2026-09-05T07:21:15","modified_gmt":"2026-09-05T07:21:15","slug":"villa-hammerschmidt-in-bonn-steinmeier-feiert-letztes-buergerfest","status":"publish","type":"post","link":"https:\/\/www.europesays.com\/de\/1281790\/","title":{"rendered":"Villa Hammerschmidt in Bonn: Steinmeier feiert letztes B\u00fcrgerfest"},"content":{"rendered":"<p class=\"richtext text-em-55 !leading-serif mx-6 desktop:mx-0\">Bundespr\u00e4sident <a href=\"https:\/\/rp-online.de\/thema\/frank-walter-steinmeier\/\" rel=\"nofollow noopener\" target=\"_blank\">Frank-Walter Steinmeier<\/a> l\u00e4dt am Samstag, 5. September, 2026 um 11.00 Uhr zum Tag der offenen T\u00fcr in die Villa Hammerschmidt ein. Das allj\u00e4hrliche B\u00fcrgerfest findet erstmals am Bonner Amtssitz des Bundespr\u00e4sidenten statt, weil das Schloss Bellevue in Berlin umfassend saniert wird.<\/p>\n<p class=\"richtext text-em-55 !leading-serif mx-6 desktop:mx-0\">F\u00fcr Steinmeier ist es das letzte B\u00fcrgerfest, das er als Bundespr\u00e4sident ausrichtet. Am 30. Januar 2027 w\u00e4hlt die <a href=\"https:\/\/rp-online.de\/thema\/bundesversammlung\/\" rel=\"nofollow noopener\" target=\"_blank\">Bundesversammlung<\/a> seinen Nachfolger oder seine Nachfolgerin.<\/p>\n<p>Buntes Programm f\u00fcr die Besucher      <\/p>\n<p class=\"richtext text-em-55 !leading-serif mx-6 desktop:mx-0\">Bei der Veranstaltung erwartet die G\u00e4ste ein buntes Programm. Im Park pr\u00e4sentieren etwa 30 gemeinn\u00fctzige Organisationen ihre Arbeit. Bei F\u00fchrungen k\u00f6nnen Besucher die Villa erkunden. Auf mehreren B\u00fchnen gibt es Musik, Lesungen und Diskussionsrunden.\u00a0<\/p>\n<p class=\"richtext text-em-55 !leading-serif mx-6 desktop:mx-0\">Um 13.00 Uhr werden Steinmeier und seine Ehefrau Elke B\u00fcdenbender die G\u00e4ste offiziell begr\u00fc\u00dfen. Sp\u00e4ter ist unter anderem eine Liveschaltung zur Neumayer-Station III in der Antarktis geplant. Das B\u00fcrgerfest hatte bereits am Freitagabend begonnen.<\/p>\n","protected":false},"excerpt":{"rendered":"Bundespr\u00e4sident Frank-Walter Steinmeier l\u00e4dt am Samstag, 5. September, 2026 um 11.00 Uhr zum Tag der offenen T\u00fcr in&hellip;\n","protected":false},"author":2,"featured_media":1281791,"comment_status":"","ping_status":"","sticky":false,"template":"","format":"standard","meta":{"footnotes":"","_share_on_mastodon":"0"},"categories":[1842],"tags":[39823,1741,14489,76222,39377,3364,29,30,13316,1209,40763,17020,13597,1781,33826],"class_list":["post-1281790","post","type-post","status-publish","format-standard","has-post-thumbnail","category-bonn","tag-bellevue","tag-bonn","tag-bundespraesident","tag-bundespraesidenten","tag-buergerfest","tag-de","tag-deutschland","tag-germany","tag-laedt","tag-nordrhein-westfalen","tag-offenen","tag-saniert","tag-schloss","tag-tag","tag-tuer"],"share_on_mastodon":{"url":"https:\/\/pubeurope.com\/@de\/117217230191595657","error":""},"_links":{"self":[{"href":"https:\/\/www.europesays.com\/de\/wp-json\/wp\/v2\/posts\/1281790","targetHints":{"allow":["GET"]}}],"collection":[{"href":"https:\/\/www.europesays.com\/de\/wp-json\/wp\/v2\/posts"}],"about":[{"href":"https:\/\/www.europesays.com\/de\/wp-json\/wp\/v2\/types\/post"}],"author":[{"embeddable":true,"href":"https:\/\/www.europesays.com\/de\/wp-json\/wp\/v2\/users\/2"}],"replies":[{"embeddable":true,"href":"https:\/\/www.europesays.com\/de\/wp-json\/wp\/v2\/comments?post=1281790"}],"version-history":[{"count":0,"href":"https:\/\/www.europesays.com\/de\/wp-json\/wp\/v2\/posts\/1281790\/revisions"}],"wp:featuredmedia":[{"embeddable":true,"href":"https:\/\/www.europesays.com\/de\/wp-json\/wp\/v2\/media\/1281791"}],"wp:attachment":[{"href":"https:\/\/www.europesays.com\/de\/wp-json\/wp\/v2\/media?parent=1281790"}],"wp:term":[{"taxonomy":"category","embeddable":true,"href":"https:\/\/www.europesays.com\/de\/wp-json\/wp\/v2\/categories?post=1281790"},{"taxonomy":"post_tag","embeddable":true,"href":"https:\/\/www.europesays.com\/de\/wp-json\/wp\/v2\/tags?post=1281790"}],"curies":[{"name":"wp","href":"https:\/\/api.w.org\/{rel}","templated":true}]}}