{"id":1281795,"date":"2026-09-05T07:26:36","date_gmt":"2026-09-05T07:26:36","guid":{"rendered":"https:\/\/www.europesays.com\/de\/1281795\/"},"modified":"2026-09-05T07:26:36","modified_gmt":"2026-09-05T07:26:36","slug":"fynn-otto-kehrt-zurueck-neu-fuer-klose-drei-spiele-drei-siege-2","status":"publish","type":"post","link":"https:\/\/www.europesays.com\/de\/1281795\/","title":{"rendered":"Fynn Otto kehrt zur\u00fcck: Neu f\u00fcr Klose: Drei Spiele, drei Siege!"},"content":{"rendered":"<ul>\n<li>Miroslav Klose erlebt als Trainer des 1. FC N\u00fcrnberg ein ganz neues Gef\u00fchl zum Saisonstart.<\/li>\n<li>Was er in der fr\u00e4nkischen Euphorie vor dem Spiel in Kiel selbst ausstrahlt.<\/li>\n<\/ul>\n<p><b>N\u00fcrnberg (dpa\/lby) &#8211; Auch auf die weiteste Ausw\u00e4rtsfahrt in der 2. Fu\u00dfball-Bundesliga werden 1.500 Fans ihren 1. FC N\u00fcrnberg begleiten. Der G\u00e4steblock im Kieler Holstein-Stadion, das aktuell umgebaut wird, ist damit ausverkauft. Es herrscht nach drei Siegen und der Tabellenf\u00fchrung Euphorie rund um das Team von Miroslav Klose, der sich vom H\u00f6henflug aber nicht zu sehr mitrei\u00dfen l\u00e4sst.<\/b><\/p>\n<p>Gleichwohl ist die Brust auch bei Klose breit geworden vor der Aufgabe am Samstag (13.00 Uhr\/Sky) gegen die noch sieglosen Kieler. \u00abAuch da sind drei Punkte zu vergeben. Wir fahren da schon selbstbewusst hin und wollen so viel wie m\u00f6glich mitnehmen\u00bb, sagte der Coach. Im Idealfall sind das die n\u00e4chsten drei Punkte. Mit dann zw\u00f6lf w\u00fcrde man sich erst mal oben etablieren.<\/p>\n<p>\u00abWir haben es verdient, da wo wir zurzeit stehen, weil wir auch richtig gute Leistungen gezeigt haben\u00bb, \u00e4u\u00dferte Klose nach dem Neun-Punkte-Auftakt, der f\u00fcr ihn als Trainer im dritten Jahr ein absolutes Kontrastprogramm zu den vorangegangenen Fehlstarts darstellt. \u00abDa mussten wir dann direkt unter Druck Spiele gewinnen\u00bb, erinnerte Klose. Jetzt baut sich gerade eine Leichtigkeit auf. <\/p>\n<p>Wir haben noch gar nichts erreicht<\/p>\n<p>Der Weltmeister von 2014 bremst freilich bei vorschnellen Aufstiegs-Tr\u00e4umen. Er kennt die Schnelllebigkeit des Fu\u00dfballs, er hat als Ex-Profi vieles erlebt. \u00abWir d\u00fcrfen nicht vergessen, wir sind nach dem 3. Spieltag\u00bb, mahnt Klose: \u00abIch habe kein Problem, den Jungs das aufzuzeigen, dass sie mit den F\u00fc\u00dfen auf dem Boden bleiben. Das strahle ich selbst auch aus, weil wir wissen, dass wir noch gar nichts erreicht haben. Das haben wir auch intern klar angesprochen.\u00bb<\/p>\n<p>Die sportliche Leistung um Sportvorstand Joti Chatzialexiou und Klose hat auch Lehren aus der Vergangenheit gezogen &#8211; gerade auf dem Transfermarkt. \u00abViele Spieler halten\u00bb, das war laut Klose das Ziel, auch wenn die gesamte Abwehrreihe verloren ging und neu besetzt werden musste. <\/p>\n<p>\u00abWir sind jetzt das erste Mal so aufgestellt, wie es unseren W\u00fcnschen und M\u00f6glichkeiten entspricht\u00bb, sagte Chatzialexiou. Sogar Torj\u00e4ger Mohamed Ali Zoma ist weiter an Bord. Das ist einerseits ein Luxus &#8211; und andererseits auch ein Zeichen.<\/p>\n<p>Fynn Otto kehrt in die Abwehr zur\u00fcck<\/p>\n<p>Der \u00abClub\u00bb hat etwas vor. Und Klose auch. Der Trainer ist gl\u00fccklich: \u00abWenn ich alleine das gestrige Training betrachte, haben wir jetzt eine Mannschaft mit ganz viel Konkurrenzkampf. Da macht es einfach Spa\u00df, Trainer zu sein.\u00bb<\/p>\n<p>Elf Tore sind der Topwert in der Liga. Und drei Gegentreffer sprechen auch f\u00fcr eine schnell erarbeitete Stabilit\u00e4t in der umbesetzten Abwehr. In Kiel kann Klose im Deckungszentrum wieder auf Fynn Otto zur\u00fcckgreifen, der wegen R\u00fcckenproblemen beim 4:1-Heimsieg gegen Arminia Bielefeld gefehlt hatte und durch den unerfahrenen Kristian Mandic (18) ersetzt wurde.<\/p>\n","protected":false},"excerpt":{"rendered":"Miroslav Klose erlebt als Trainer des 1. FC N\u00fcrnberg ein ganz neues Gef\u00fchl zum Saisonstart. Was er in&hellip;\n","protected":false},"author":2,"featured_media":1279778,"comment_status":"","ping_status":"","sticky":false,"template":"","format":"standard","meta":{"footnotes":"","_share_on_mastodon":"0"},"categories":[1837],"tags":[772,3364,29,30,3783],"class_list":["post-1281795","post","type-post","status-publish","format-standard","has-post-thumbnail","category-nuernberg","tag-bayern","tag-de","tag-deutschland","tag-germany","tag-nuernberg"],"share_on_mastodon":{"url":"https:\/\/pubeurope.com\/@de\/117217249615691958","error":""},"_links":{"self":[{"href":"https:\/\/www.europesays.com\/de\/wp-json\/wp\/v2\/posts\/1281795","targetHints":{"allow":["GET"]}}],"collection":[{"href":"https:\/\/www.europesays.com\/de\/wp-json\/wp\/v2\/posts"}],"about":[{"href":"https:\/\/www.europesays.com\/de\/wp-json\/wp\/v2\/types\/post"}],"author":[{"embeddable":true,"href":"https:\/\/www.europesays.com\/de\/wp-json\/wp\/v2\/users\/2"}],"replies":[{"embeddable":true,"href":"https:\/\/www.europesays.com\/de\/wp-json\/wp\/v2\/comments?post=1281795"}],"version-history":[{"count":0,"href":"https:\/\/www.europesays.com\/de\/wp-json\/wp\/v2\/posts\/1281795\/revisions"}],"wp:featuredmedia":[{"embeddable":true,"href":"https:\/\/www.europesays.com\/de\/wp-json\/wp\/v2\/media\/1279778"}],"wp:attachment":[{"href":"https:\/\/www.europesays.com\/de\/wp-json\/wp\/v2\/media?parent=1281795"}],"wp:term":[{"taxonomy":"category","embeddable":true,"href":"https:\/\/www.europesays.com\/de\/wp-json\/wp\/v2\/categories?post=1281795"},{"taxonomy":"post_tag","embeddable":true,"href":"https:\/\/www.europesays.com\/de\/wp-json\/wp\/v2\/tags?post=1281795"}],"curies":[{"name":"wp","href":"https:\/\/api.w.org\/{rel}","templated":true}]}}