{"id":1281797,"date":"2026-09-05T07:30:37","date_gmt":"2026-09-05T07:30:37","guid":{"rendered":"https:\/\/www.europesays.com\/de\/1281797\/"},"modified":"2026-09-05T07:30:37","modified_gmt":"2026-09-05T07:30:37","slug":"sanierungsplan-von-vw-beschlossen-stimmen-aus-emden-und-hannover","status":"publish","type":"post","link":"https:\/\/www.europesays.com\/de\/1281797\/","title":{"rendered":"Sanierungsplan von VW beschlossen: Stimmen aus Emden und Hannover"},"content":{"rendered":"<p>\n                <strong>Video:<\/strong><br \/>\n                VW-Besch\u00e4ftigte: &#8222;Es macht einem Angst&#8220; (1 Min)\n            <\/p>\n<p>\n                Stand: 04.09.2026 20:57 Uhr<\/p>\n<p class=\"preface\">Der VW-Aufsichtsrat hat sich auf einen Sparplan geeinigt. Trotzdem bleibt bis Mitte 2027 unklar, wie es um die Zukunft der Werke, darunter Emden und Hannover, steht. Kritiker sagen, die Entscheidung ist nur aufgeschoben.<\/p>\n<p class=\"\">Ferdinand Dudenh\u00f6ffer sprach nach der gestrigen <a href=\"https:\/\/www.ndr.de\/nachrichten\/niedersachsen\/hannover_weser-leinegebiet\/nach-einigung-auf-sparplan-vw-aktie-steigt-im-dax,vw-1438.html\" title=\"Nach Einigung auf Sparplan: VW-Aktie steigt im Dax\" rel=\"nofollow noopener\" target=\"_blank\">Einigung im VW-Aufsichtsrat<\/a> gegen\u00fcber dem NDR Niedersachsen von einem &#8222;Zukunftsplan light&#8220;. Die Entscheidung \u00fcber die vier Werke sei lediglich aufgeschoben, sagte Dudenh\u00f6ffer, der das Forschungsinstitut Center Automotive Research (CAR) leitet. Bis Ende Juni 2027 soll dem VW-Konzern zufolge feststehen, wie es mit den vier bedrohten Werken weitergeht. &#8222;F\u00fcr diese Werke werden parallel und erg\u00e4nzend alternative Verwendungsm\u00f6glichkeiten gepr\u00fcft&#8220;, hie\u00df es. Schlie\u00dfungen sind damit weder beschlossen noch ausgeschlossen. Die Werke Emden, Hannover, Neckarsulm (Audi) und Zwickau stehen nach wie vor auf der Kippe. Allerdings sollen nach Informationen der Nachrichtenagentur Reuters jetzt alle europ\u00e4ischen Werke \u00fcberpr\u00fcft werden, wenn es darum geht, \u00dcberkapazit\u00e4ten abzubauen.<\/p>\n<p>        <img decoding=\"async\" src=\"https:\/\/www.europesays.com\/de\/wp-content\/uploads\/2026\/09\/1788593429_590_vw-1472.webp\" alt=\"Markenhochhaus des Volkswagenwerks Wolfsburg.\" title=\"Markenhochhaus des Volkswagenwerks Wolfsburg. | dpa, Moritz Frankenberg\" class=\"responsive\" loading=\"lazy\"\/><\/p>\n<p>Um knapp zehn Prozent ging es f\u00fcr die Aktie heute nach oben. Anfang Juli war sie auf das tiefste Niveau seit 2010 abgerutscht.<\/p>\n<p>    Hannovers Oberb\u00fcrgermeister: &#8222;Unsicherheit wird fortgesetzt&#8220;<\/p>\n<p class=\"\">Hannovers Oberb\u00fcrgermeister Belit Onay (Gr\u00fcne) zeigte sich am Freitagmorgen schockiert \u00fcber das Ergebnis der Aufsichtsratsitzung. &#8222;Die Unsicherheit wird fortgesetzt&#8220;, sagte der Politiker. Es gebe keine klaren Perspektiven. Zwar sei eine Folgenutzung der Werke in Aussicht gestellt worden, allerdings h\u00e4nge diese von den Bem\u00fchungen des Volkswagen-Vorstands ab, &#8222;der an diese Standorte eigentlich nicht mehr glaubt&#8220;, betonte Onay. &#8222;Das ist denkbar schlecht als Voraussetzung.&#8220; Er forderte unter anderem Ministerpr\u00e4sident Olaf Lies (SPD) auf, sich f\u00fcr alternative M\u00f6glichkeiten einzusetzen &#8211; &#8222;gerade mit Blick auf Hannover, auf die Nutzfahrzeuge&#8220;, sagte Onay. Lies sitzt f\u00fcr das Land Niedersachsen im VW-Aufsichtsrat. Onay sagte weiter: &#8222;Es ist absolut unerkl\u00e4rlich, dass man diesen Standort nicht weiter st\u00e4rken m\u00f6chte.&#8220; Im VW-Werk in Hannover-St\u00f6cken werden Nutzfahrzeuge produziert. Gerade das sei ein Bereich, der &#8222;nicht in Konkurrenz zu China steht, der leistungsf\u00e4hig ist, der wahnsinnig viel Expertise hier vor Ort hat&#8220;, so Onay. Die IHK Hannover teilte mit, dass ein Auslaufen der Produktion im VW-Werk Hannover unter anderem einen &#8222;erheblichen Tiefschlag&#8220; f\u00fcr die Industrieregion bedeuten w\u00fcrde.<\/p>\n<p>        <img decoding=\"async\" src=\"https:\/\/www.europesays.com\/de\/wp-content\/uploads\/2026\/09\/screenshot1838372.webp\" alt=\"B\u00fcrgermeister Tim Kruithoff\" title=\"B\u00fcrgermeister Tim Kruithoff | Screenshot\" class=\"responsive\" loading=\"lazy\"\/><\/p>\n<p>Das ostfriesische VW-Werk steht weiter auf der Kippe. Emdens Oberb\u00fcrgermeister Tim Kruithoff will um den Standort k\u00e4mpfen.<\/p>\n<p>    Emdens Oberb\u00fcrgermeister: &#8222;Akzeptieren keine Placebos&#8220;<\/p>\n<p class=\"\">Emdens <a href=\"https:\/\/www.ndr.de\/nachrichten\/info\/sendungen\/interviews\/emdens-buergermeister-zu-vw-einigung-schlag-in-die-magengrube,audio-3458802.html\" title=\"Emdens B\u00fcrgermeister zu VW-Einigung: &quot;Schlag in die Magengrube&quot;\" rel=\"nofollow noopener\" target=\"_blank\">Oberb\u00fcrgermeister Tim Kruithoff<\/a> (parteilos) sagte, dass die Lage f\u00fcr die Besch\u00e4ftigten bei VW weiterhin unsicher bleibe und die kommenden Wochen vermutlich schwierig w\u00fcrden. Positiv sei aber, dass in der Aufsichtsratsitzung keine Werksschlie\u00dfung beschlossen wurde. &#8222;Die konkreten Perspektiven f\u00fcr die Standorte m\u00fcssen jetzt erarbeitet und verhandelt werden&#8220;, sagte er. Weiter betonte Kruithoff, dass Emden ein Automobilstandort sei. &#8222;Wir bauen Autos &#8211; und wir wollen auch in Zukunft Autos bauen&#8220;, sagte er. Er sei nicht an &#8222;irgendeiner Ersatzbesch\u00e4ftigung&#8220; f\u00fcr das Werk interessiert und akzeptiere keine &#8222;Placebos&#8220;. Ende August hatte der Oberb\u00fcrgermeister dem VW-Vorstandsvorsitzenden Oliver Blume <a href=\"https:\/\/www.ndr.de\/nachrichten\/niedersachsen\/oldenburg_ostfriesland\/vw-resolution-rat-der-stadt-emden-kaempft-um-standort,aktuelloldenburg-4092.html\" title=\"VW-Resolution - Rat der Stadt Emden k\u00e4mpft um Standort\" rel=\"nofollow noopener\" target=\"_blank\">eine Resolution<\/a> des Rats der Stadt zum Erhalt des Werks in Emden <a href=\"https:\/\/www.ndr.de\/nachrichten\/niedersachsen\/oldenburg_ostfriesland\/vw-chef-blume-in-emden-wir-kaempfen-um-industrielle-perspektiven,vw-1354.html\" title=\"VW-Chef Blume in Emden: &quot;Wir k\u00e4mpfen um industrielle Perspektiven&quot;\" rel=\"nofollow noopener\" target=\"_blank\">\u00fcberreicht<\/a>.<\/p>\n<p>    Wolfsburgs OB Weilmann: &#8222;Transformation gelingt nur \u00fcber Perspektiven&#8220;<\/p>\n<p class=\"\">F\u00fcr Wolfsburgs Oberb\u00fcrgermeister Dennis Weilmann (CDU) ist es entscheidend, dass Wirtschaftlichkeit, Zukunftsf\u00e4higkeit und Besch\u00e4ftigung nicht gegeneinander ausgespielt werden. Transformation k\u00f6nne nur gelingen, wenn es eine verl\u00e4ssliche Perspektive f\u00fcr den weiteren Weg gebe, &#8222;auch wenn die damit verbundenen Entscheidungen schmerzhaft sein werden&#8220;, hei\u00dft es in einer Stellungnahme des CDU-Politikers. Der Weg m\u00fcsse gemeinsam mit den Besch\u00e4ftigten gestaltet werden. Insbesondere m\u00fcssten f\u00fcr das Stammwerk Wolfsburg &#8222;tragf\u00e4hige Zukunftsperspektiven entwickelt&#8220; wird, so Weilmann am Freitag.<\/p>\n<p>\n            <strong>Video:<\/strong><br \/>\n            VW-Kompromiss: Reaktionen auf die Sparpl\u00e4ne beim Autokonzern (5 Min)\n        <\/p>\n<p>    Lechner: &#8222;Es fehlt an Perspektiven&#8220;<\/p>\n<p class=\"\">Der Fraktionsvorsitzende der CDU im Nieders\u00e4chsischen Landtag, Sebastian Lechner, sieht es positiv, dass die &#8222;Eskalation des auf offener B\u00fchne ausgetragenen Streites im letzten Moment noch vermieden&#8220; wurde. Das sei aber auch die einzige gute Nachricht, teilte der Politiker am Freitag mit. &#8222;Die Entscheidungen \u00fcber die Werke wurden vertagt&#8220;. Unklar sei zudem, wie der Abbau von Zehntausenden Arbeitspl\u00e4tzen ablaufen soll, sagte Lechner. &#8222;Die VW-Besch\u00e4ftigten sind heute genauso verunsichert wie gestern vor der Sitzung des Aufsichtsrates.&#8220; Es fehle weiter an Perspektiven und die &#8222;h\u00e4tten in den vergangenen zwei Jahren l\u00e4ngst erarbeitet werden m\u00fcssen&#8220;, so der Landtagsabgeordnete.<\/p>\n<p>    Automobilexperte Reindl: An Werksschlie\u00dfungen f\u00fchrt kein Weg vorbei<\/p>\n<p class=\"\">Stefan Reindl vom Institut f\u00fcr Automobilwirtschaft an der Hochschule N\u00fcrtingen-Geislingen (Baden-W\u00fcrttemberg) h\u00e4lt Werksschlie\u00dfungen bei VW f\u00fcr unvermeidbar. &#8222;Ich glaube, dass man tats\u00e4chlich nicht um diese Schlie\u00dfung der vier Werke herumkommen wird&#8220;, sagte er NDR Info am Freitag. Der Konzern sei auf die Produktion von deutlich mehr Fahrzeugen ausgerichtet, als er aktuell auf dem Markt verkaufe. Gleichzeitig seien die deutschen Werke die teuersten, betonte Reindl.<\/p>\n<p>\n            <strong>Video:<\/strong><br \/>\n            VW-Restrukturierung &#8222;hat schon sehr harsche Komponenten&#8220; (2 Min)\n        <\/p>\n<p>    Bratzel: Zwei Werksschlie\u00dfungen k\u00f6nnten gen\u00fcgen<\/p>\n<p class=\"\">Automobilexperte Stefan Bratzel bezweifelt ebenfalls, dass die Sanierung bei VW ohne Werksschlie\u00dfungen gelingt. &#8222;Mit entsprechenden Effizienzverbesserungen k\u00f6nnten auch die Reduzierungen von zwei Werken in Deutschland gen\u00fcgen&#8220;, sagte er dem NDR Niedersachsen. Die diskutierte Schlie\u00dfung von gleich vier Werken h\u00e4lt er f\u00fcr \u00fcbertrieben. Sicher sei aber, dass Kapazit\u00e4ten erheblich reduziert werden m\u00fcssten, um auf eine andere Kostenbasis zu kommen, betonte er. Der Experte h\u00e4lt es auch f\u00fcr unvermeidbar, dass die Lohnkosten pro Mitarbeiter gepr\u00fcft werden m\u00fcssten.<strong> <\/strong>Aus seiner Sicht m\u00fcsste &#8222;f\u00fcr das gleiche Geld mehr gearbeitet werden&#8220;. Au\u00dferdem solle VW mehr in neue Wachstumsfelder wie k\u00fcnstliche Intelligenz investieren, so der Experte.<\/p>\n<p>        <img decoding=\"async\" src=\"https:\/\/www.europesays.com\/de\/wp-content\/uploads\/2026\/09\/screenshot1845696.webp\" alt=\"Der Bezirksleiter der IG Metall K\u00fcste Daniel Friedrich.\" title=\"Der Bezirksleiter der IG Metall K\u00fcste Daniel Friedrich. | Screenshot\" class=\"responsive\" loading=\"lazy\"\/><\/p>\n<p>Der VW-Vorstand m\u00fcsse aufh\u00f6ren, gegen die Menschen zu arbeiten, sagt Daniel Friedrich, Bezirksleiter K\u00fcste bei der Gewerkschaft IG Metall.<\/p>\n<p>    Finanzexperte: Sanierungsplan war unausweichlich<\/p>\n<p class=\"\">Moritz Kronenberger, Fondsmanager bei Union Investment, bezeichnete den VW-Sanierungsplan als unausweichlich. &#8222;Unterausgelastete Werke w\u00fcrden Volkswagen in den kommenden Jahren in eine finanziell verheerende Situation f\u00fchren, die die Marge ins Negative drehen k\u00f6nnte&#8220;, sagte der Finanzexperte dem NDR Niedersachsen. Er sprach insgesamt von einem guten Zeichen f\u00fcr Volkswagen und den Kapitalmarkt &#8211; auch wenn dies mit &#8222;herben Einschnitten&#8220; innerhalb der Belegschaft verbunden sei.<\/p>\n<p>\n            <strong>Video:<\/strong><br \/>\n            Sanierungsplan: So will VW sparen (1 Min)\n        <\/p>\n<p>        <img decoding=\"async\" src=\"https:\/\/www.europesays.com\/de\/wp-content\/uploads\/2026\/09\/vw-zentrale-102.webp\" alt=\"Das Markenhochhaus am VW-Stammwerk in Wolfsburg spiegelt sich in einer Pf\u00fctze. \" title=\"Das Markenhochhaus am VW-Stammwerk in Wolfsburg spiegelt sich in einer Pf\u00fctze.  | Julian Stratenschulte\/dpa\" class=\"responsive\" loading=\"lazy\"\/><\/p>\n<p>Konzern-Umbau<\/p>\n<p>Abbau von Zehntausenden Stellen, vier Werke auf der Kippe &#8211; und das ist noch nicht alles. VW hat ein gigantisches Sparprogramm auf den Weg gebracht. Was der Konzern plant &#8211; und was Experten dazu sagen. Ein \u00dcberblick.<\/p>\n<p>        <img decoding=\"async\" src=\"https:\/\/www.europesays.com\/de\/wp-content\/uploads\/2026\/09\/vw-1440.webp\" alt=\"Dunkle Wolken ziehen \u00fcber das Markenhochhaus von Volkswagen auf dem Gel\u00e4nde vom VW Stammwerk.\" title=\"Dunkle Wolken ziehen \u00fcber das Markenhochhaus von Volkswagen auf dem Gel\u00e4nde vom VW Stammwerk. | Julian Stratenschulte\/dpa\" class=\"responsive\" loading=\"lazy\"\/><\/p>\n<p>VW-Aufsichtsrat<\/p>\n<p>Einen Tag fr\u00fcher als geplant hat der VW-Aufsichtsrat einem Sparplan zugestimmt: 50.000 Jobs sollen wegfallen, und vier Werke stehen vor dem Aus, wenn keine alternative Verwendung f\u00fcr sie gefunden wird.<\/p>\n<p>        <img decoding=\"async\" src=\"https:\/\/www.europesays.com\/de\/wp-content\/uploads\/2026\/09\/autos-214.webp\" alt=\"Neuwagen der Marken Volkswagen, Audi und Cupra stehen vor der Auslieferung auf einem Parkplatz im Werk von Volkswagen. \" title=\"Neuwagen der Marken Volkswagen, Audi und Cupra stehen vor der Auslieferung auf einem Parkplatz im Werk von Volkswagen.  | Hendrik Schmidt\/dpa\" class=\"responsive\" loading=\"lazy\"\/><\/p>\n<p>Der Staat solle bei kriselnden Autobauern wie VW aktiv werden, meinen 62 Prozent der Befragten. Auch Z\u00f6lle finden Unterst\u00fctzung.<\/p>\n<p>        <img decoding=\"async\" src=\"https:\/\/www.europesays.com\/de\/wp-content\/uploads\/2026\/09\/schalkefan-104.webp\" alt=\"Schalkefan-Treff\" title=\"Schalkefan-Treff | NDR\" class=\"responsive\" loading=\"lazy\"\/><\/p>\n<p>Vor Jahrzehnten sind Fans des Fu\u00dfballbundesligisten Schalke 04 nach Wolfsburg gekommen. Kommt f\u00fcr sie jetzt nach dem Kohle-Aus das VW-Aus?<\/p>\n","protected":false},"excerpt":{"rendered":"Video: VW-Besch\u00e4ftigte: &#8222;Es macht einem Angst&#8220; (1 Min) Stand: 04.09.2026 20:57 Uhr Der VW-Aufsichtsrat hat sich auf einen&hellip;\n","protected":false},"author":2,"featured_media":1281798,"comment_status":"","ping_status":"","sticky":false,"template":"","format":"standard","meta":{"footnotes":"","_share_on_mastodon":"0"},"categories":[1836],"tags":[88616,513,3364,29,45694,30,46,2422,16399,1411,88881,26565,79437,931,373,603,68380,7138],"class_list":["post-1281797","post","type-post","status-publish","format-standard","has-post-thumbnail","category-hannover","tag-aufsichtsratsitzung","tag-auto","tag-de","tag-deutschland","tag-emden","tag-germany","tag-hannover","tag-lies","tag-neckarsulm","tag-niedersachsen","tag-onay","tag-reaktionen","tag-sparplan","tag-vfl-wolfsburg","tag-volkswagen","tag-vw","tag-zukunftsplan","tag-zwickau"],"share_on_mastodon":{"url":"https:\/\/pubeurope.com\/@de\/117217266107476348","error":""},"_links":{"self":[{"href":"https:\/\/www.europesays.com\/de\/wp-json\/wp\/v2\/posts\/1281797","targetHints":{"allow":["GET"]}}],"collection":[{"href":"https:\/\/www.europesays.com\/de\/wp-json\/wp\/v2\/posts"}],"about":[{"href":"https:\/\/www.europesays.com\/de\/wp-json\/wp\/v2\/types\/post"}],"author":[{"embeddable":true,"href":"https:\/\/www.europesays.com\/de\/wp-json\/wp\/v2\/users\/2"}],"replies":[{"embeddable":true,"href":"https:\/\/www.europesays.com\/de\/wp-json\/wp\/v2\/comments?post=1281797"}],"version-history":[{"count":0,"href":"https:\/\/www.europesays.com\/de\/wp-json\/wp\/v2\/posts\/1281797\/revisions"}],"wp:featuredmedia":[{"embeddable":true,"href":"https:\/\/www.europesays.com\/de\/wp-json\/wp\/v2\/media\/1281798"}],"wp:attachment":[{"href":"https:\/\/www.europesays.com\/de\/wp-json\/wp\/v2\/media?parent=1281797"}],"wp:term":[{"taxonomy":"category","embeddable":true,"href":"https:\/\/www.europesays.com\/de\/wp-json\/wp\/v2\/categories?post=1281797"},{"taxonomy":"post_tag","embeddable":true,"href":"https:\/\/www.europesays.com\/de\/wp-json\/wp\/v2\/tags?post=1281797"}],"curies":[{"name":"wp","href":"https:\/\/api.w.org\/{rel}","templated":true}]}}