{"id":1281824,"date":"2026-09-05T07:49:46","date_gmt":"2026-09-05T07:49:46","guid":{"rendered":"https:\/\/www.europesays.com\/de\/1281824\/"},"modified":"2026-09-05T07:49:46","modified_gmt":"2026-09-05T07:49:46","slug":"raetsel-um-schwertransport-in-kernen-wessen-75-tonnen-rammgeraet-ist-das-nachrichten-aus-kernen","status":"publish","type":"post","link":"https:\/\/www.europesays.com\/de\/1281824\/","title":{"rendered":"R\u00e4tsel um Schwertransport in Kernen: Wessen 75-Tonnen-Rammger\u00e4t ist das? &#8211; Nachrichten aus Kernen"},"content":{"rendered":"<p><strong>Kernen-Rommelshausen. <\/strong> Freitagmorgens schnell auf den ersten Termin nach Rommelshausen \u2013 und pl\u00f6tzlich geht gar nichts mehr. Von der Landhauskreuzung her kommend stehen die Autos vor dem Kreisel an der Eni-Tankstelle, eine Weile geht es weder vor noch zur\u00fcck. Dann wird das Problem sichtbar:  Ein Schwertransport steht vor der Absperrung in Richtung K1857, blockiert den Kreisverkehr. Und so leicht l\u00e4sst sich diese Zwickm\u00fchle gar nicht l\u00f6sen. <\/p>\n<p>Transporteure von <\/p>\n","protected":false},"excerpt":{"rendered":"Kernen-Rommelshausen. Freitagmorgens schnell auf den ersten Termin nach Rommelshausen \u2013 und pl\u00f6tzlich geht gar nichts mehr. Von der&hellip;\n","protected":false},"author":2,"featured_media":1281825,"comment_status":"","ping_status":"","sticky":false,"template":"","format":"standard","meta":{"footnotes":"","_share_on_mastodon":"0"},"categories":[1830],"tags":[264436,1634,264437,27268,264438,3364,29,264439,10050,30,80361,264440,14435,113846,25730,131485,121,264441,247530,44424,1441,191400],"class_list":["post-1281824","post","type-post","status-publish","format-standard","has-post-thumbnail","category-stuttgart","tag-aldi-kreisverkehr","tag-baden-wuerttemberg","tag-baugenossenschaft-zuffenhausen","tag-bauhof","tag-bgz","tag-de","tag-deutschland","tag-eni-tankstelle","tag-filderstadt","tag-germany","tag-hangweide","tag-k1857","tag-kernen","tag-kreisbau","tag-kreisverkehr","tag-landhauskreuzung","tag-polizei","tag-rammgeraet","tag-sascha-baumann","tag-schwertransport","tag-stuttgart","tag-un_was-gibt-es-neues"],"share_on_mastodon":{"url":"https:\/\/pubeurope.com\/@de\/117217339997558102","error":""},"_links":{"self":[{"href":"https:\/\/www.europesays.com\/de\/wp-json\/wp\/v2\/posts\/1281824","targetHints":{"allow":["GET"]}}],"collection":[{"href":"https:\/\/www.europesays.com\/de\/wp-json\/wp\/v2\/posts"}],"about":[{"href":"https:\/\/www.europesays.com\/de\/wp-json\/wp\/v2\/types\/post"}],"author":[{"embeddable":true,"href":"https:\/\/www.europesays.com\/de\/wp-json\/wp\/v2\/users\/2"}],"replies":[{"embeddable":true,"href":"https:\/\/www.europesays.com\/de\/wp-json\/wp\/v2\/comments?post=1281824"}],"version-history":[{"count":0,"href":"https:\/\/www.europesays.com\/de\/wp-json\/wp\/v2\/posts\/1281824\/revisions"}],"wp:featuredmedia":[{"embeddable":true,"href":"https:\/\/www.europesays.com\/de\/wp-json\/wp\/v2\/media\/1281825"}],"wp:attachment":[{"href":"https:\/\/www.europesays.com\/de\/wp-json\/wp\/v2\/media?parent=1281824"}],"wp:term":[{"taxonomy":"category","embeddable":true,"href":"https:\/\/www.europesays.com\/de\/wp-json\/wp\/v2\/categories?post=1281824"},{"taxonomy":"post_tag","embeddable":true,"href":"https:\/\/www.europesays.com\/de\/wp-json\/wp\/v2\/tags?post=1281824"}],"curies":[{"name":"wp","href":"https:\/\/api.w.org\/{rel}","templated":true}]}}