{"id":1281826,"date":"2026-09-05T07:51:22","date_gmt":"2026-09-05T07:51:22","guid":{"rendered":"https:\/\/www.europesays.com\/de\/1281826\/"},"modified":"2026-09-05T07:51:22","modified_gmt":"2026-09-05T07:51:22","slug":"stuermer-vom-vfb-stuttgart-schliesst-sich-klub-von-thomas-mueller-an","status":"publish","type":"post","link":"https:\/\/www.europesays.com\/de\/1281826\/","title":{"rendered":"St\u00fcrmer vom VfB Stuttgart schlie\u00dft sich Klub von Thomas M\u00fcller an"},"content":{"rendered":"<p>Fu\u00dfball-Bundesligist VfB Stuttgart hat den ecuadorianischen St\u00fcrmer Jeremy Arevalo bis Saisonende an den portugiesischen Erstligisten CF Estrela Amadora verliehen.<\/p>\n<p style=\"text-align:start\">Der 21 Jahre alte WM-Teilnehmer war im Januar f\u00fcr 7,5 Millionen Euro von Racing Santander gewechselt, hat es bislang aber nur auf 32 Bundesliga-Minuten gebracht.<\/p>\n<p style=\"text-align:start\">&#8222;F\u00fcr Jeremy ist die Leihe zu Estrela Amadora zum jetzigen Zeitpunkt der richtige Karriereschritt, um in der ersten portugiesischen Liga Spielpraxis und weitere Erfahrungen zu sammeln&#8220;, sagte Fabian Wohlgemuth, Vorstand Sport beim VfB.<\/p>\n<p style=\"text-align:start\">Estrela Amadora, ein junger Klub aus einer Vorstadt Lissabons, war erst k\u00fcrzlich zum gr\u00f6\u00dften Teil von einer Investorengruppe erworben worden, zu der auch die fr\u00fcheren Fu\u00dfball-Nationalspieler Thomas M\u00fcller und Mats Hummels geh\u00f6ren.<\/p>\n","protected":false},"excerpt":{"rendered":"Fu\u00dfball-Bundesligist VfB Stuttgart hat den ecuadorianischen St\u00fcrmer Jeremy Arevalo bis Saisonende an den portugiesischen Erstligisten CF Estrela Amadora&hellip;\n","protected":false},"author":2,"featured_media":1281827,"comment_status":"","ping_status":"","sticky":false,"template":"","format":"standard","meta":{"footnotes":"","_share_on_mastodon":"0"},"categories":[1830],"tags":[1634,299,3364,29,264442,347,30,264443,135511,78780,4604,1441,1288,2915],"class_list":["post-1281826","post","type-post","status-publish","format-standard","has-post-thumbnail","category-stuttgart","tag-baden-wuerttemberg","tag-bundesliga","tag-de","tag-deutschland","tag-estrela-da-amadora","tag-fussball","tag-germany","tag-j-arevalo","tag-jeremy-arevalo","tag-liga-portugal","tag-soccer","tag-stuttgart","tag-transfers","tag-vfb-stuttgart"],"share_on_mastodon":{"url":"https:\/\/pubeurope.com\/@de\/117217348081322489","error":""},"_links":{"self":[{"href":"https:\/\/www.europesays.com\/de\/wp-json\/wp\/v2\/posts\/1281826","targetHints":{"allow":["GET"]}}],"collection":[{"href":"https:\/\/www.europesays.com\/de\/wp-json\/wp\/v2\/posts"}],"about":[{"href":"https:\/\/www.europesays.com\/de\/wp-json\/wp\/v2\/types\/post"}],"author":[{"embeddable":true,"href":"https:\/\/www.europesays.com\/de\/wp-json\/wp\/v2\/users\/2"}],"replies":[{"embeddable":true,"href":"https:\/\/www.europesays.com\/de\/wp-json\/wp\/v2\/comments?post=1281826"}],"version-history":[{"count":0,"href":"https:\/\/www.europesays.com\/de\/wp-json\/wp\/v2\/posts\/1281826\/revisions"}],"wp:featuredmedia":[{"embeddable":true,"href":"https:\/\/www.europesays.com\/de\/wp-json\/wp\/v2\/media\/1281827"}],"wp:attachment":[{"href":"https:\/\/www.europesays.com\/de\/wp-json\/wp\/v2\/media?parent=1281826"}],"wp:term":[{"taxonomy":"category","embeddable":true,"href":"https:\/\/www.europesays.com\/de\/wp-json\/wp\/v2\/categories?post=1281826"},{"taxonomy":"post_tag","embeddable":true,"href":"https:\/\/www.europesays.com\/de\/wp-json\/wp\/v2\/tags?post=1281826"}],"curies":[{"name":"wp","href":"https:\/\/api.w.org\/{rel}","templated":true}]}}