{"id":1281834,"date":"2026-09-05T07:55:31","date_gmt":"2026-09-05T07:55:31","guid":{"rendered":"https:\/\/www.europesays.com\/de\/1281834\/"},"modified":"2026-09-05T07:55:31","modified_gmt":"2026-09-05T07:55:31","slug":"protest-camp-kriegsgegner-demonstrieren-in-koeln-politik","status":"publish","type":"post","link":"https:\/\/www.europesays.com\/de\/1281834\/","title":{"rendered":"Protest-Camp &#8211; Kriegsgegner demonstrieren in K\u00f6ln &#8211; Politik"},"content":{"rendered":"<p data-manual=\"paragraph\" data-schema-org-speakable=\"true\" class=\"css-1eosz7k\">K\u00f6ln (dpa\/lnw) &#8211; Kriegsgegner wollen am Samstag (13.00 Uhr) in K\u00f6ln auf die Stra\u00dfe gehen. Aufgerufen zu der Demonstration hat das B\u00fcndnis \u201eRheinmetall entwaffnen\u201c, das noch bis Sonntag ein Protestcamp in K\u00f6ln veranstaltet. Zu der Demo, die am Hauptbahnhof starten soll, sind rund 400 Menschen bei der Polizei angemeldet. Sie wird nach eigenen Angaben mit starken Kr\u00e4ften im Einsatz sein.\u00a0<\/p>\n<p data-manual=\"paragraph\" data-schema-org-speakable=\"true\" class=\"css-1eosz7k\">Am Donnerstag hatten Mitglieder des Antikriegs-B\u00fcndnisses zeitweise eine Bundeswehr-Kaserne in K\u00f6ln blockiert und sich in Bonn vor einer Rheinmetall-Niederlassung festgeklebt.\u00a0<\/p>\n<p data-manual=\"paragraph\" data-schema-org-speakable=\"true\" class=\"css-1eosz7k\">Im vergangenen Jahr war es bei der Abschluss-Demonstration des Camps in K\u00f6ln zu Zusammenst\u00f6\u00dfen mit der Polizei gekommen, nach denen sich beide Seiten gegenseitig Vorw\u00fcrfe machten. 13 Polizisten und mindestens neun Demonstranten wurden verletzt. NRW-Innenminister Herbert Reul (CDU) hatte anschlie\u00dfend Fehler der Polizei einger\u00e4umt.<\/p>\n<p data-manual=\"paragraph\" data-schema-org-speakable=\"true\" class=\"css-1eosz7k\">\u00a9 dpa-infocom, dpa:260905-930-636309\/1<\/p>\n","protected":false},"excerpt":{"rendered":"K\u00f6ln (dpa\/lnw) &#8211; Kriegsgegner wollen am Samstag (13.00 Uhr) in K\u00f6ln auf die Stra\u00dfe gehen. Aufgerufen zu der&hellip;\n","protected":false},"author":2,"featured_media":1281835,"comment_status":"","ping_status":"","sticky":false,"template":"","format":"standard","meta":{"footnotes":"","_share_on_mastodon":"0"},"categories":[1828],"tags":[507,29,30,1420,18266,4046,1209,16,159,747,6473,149],"class_list":["post-1281834","post","type-post","status-publish","format-standard","has-post-thumbnail","category-koeln","tag-demonstration","tag-deutschland","tag-germany","tag-koeln","tag-koeln-hauptbahnhof","tag-krieg","tag-nordrhein-westfalen","tag-politik","tag-proteste","tag-ruestungsindustrie","tag-sicherheitspolitik","tag-sueddeutsche-zeitung"],"share_on_mastodon":{"url":"https:\/\/pubeurope.com\/@de\/117217363630339145","error":""},"_links":{"self":[{"href":"https:\/\/www.europesays.com\/de\/wp-json\/wp\/v2\/posts\/1281834","targetHints":{"allow":["GET"]}}],"collection":[{"href":"https:\/\/www.europesays.com\/de\/wp-json\/wp\/v2\/posts"}],"about":[{"href":"https:\/\/www.europesays.com\/de\/wp-json\/wp\/v2\/types\/post"}],"author":[{"embeddable":true,"href":"https:\/\/www.europesays.com\/de\/wp-json\/wp\/v2\/users\/2"}],"replies":[{"embeddable":true,"href":"https:\/\/www.europesays.com\/de\/wp-json\/wp\/v2\/comments?post=1281834"}],"version-history":[{"count":0,"href":"https:\/\/www.europesays.com\/de\/wp-json\/wp\/v2\/posts\/1281834\/revisions"}],"wp:featuredmedia":[{"embeddable":true,"href":"https:\/\/www.europesays.com\/de\/wp-json\/wp\/v2\/media\/1281835"}],"wp:attachment":[{"href":"https:\/\/www.europesays.com\/de\/wp-json\/wp\/v2\/media?parent=1281834"}],"wp:term":[{"taxonomy":"category","embeddable":true,"href":"https:\/\/www.europesays.com\/de\/wp-json\/wp\/v2\/categories?post=1281834"},{"taxonomy":"post_tag","embeddable":true,"href":"https:\/\/www.europesays.com\/de\/wp-json\/wp\/v2\/tags?post=1281834"}],"curies":[{"name":"wp","href":"https:\/\/api.w.org\/{rel}","templated":true}]}}