{"id":1281850,"date":"2026-09-05T08:07:24","date_gmt":"2026-09-05T08:07:24","guid":{"rendered":"https:\/\/www.europesays.com\/de\/1281850\/"},"modified":"2026-09-05T08:07:24","modified_gmt":"2026-09-05T08:07:24","slug":"leverkusen-union-berlin-heute-wo-laeuft-das-spiel-im-tv-und-stream","status":"publish","type":"post","link":"https:\/\/www.europesays.com\/de\/1281850\/","title":{"rendered":"Leverkusen \u2013 Union Berlin heute: Wo l\u00e4uft das Spiel im TV und Stream?"},"content":{"rendered":"<p>\u00dcbertragung des Spiels Leverkusen \u2013 Union Berlin<\/p>\n<p>Die TV-\u00dcbertragung des Spiels Leverkusen \u2013 Union ist auf Sky Sport Bundesliga 2 HD zu sehen. Dies ist der einzige Fernsehsender, der die Partie live \u00fcbertr\u00e4gt.<\/p>\n<p class=\"mb20 mt30\">Im Internet kann das Spiel \u00fcber die Sky-Go-App verfolgt werden. Zus\u00e4tzlich zeigt DAZN eine Konferenz mit den anderen zeitgleich stattfindenden Bundesliga-Spielen.<\/p>\n<ul class=\"mb20 mt30\">&#13;<\/p>\n<li>Spiel: <a href=\"https:\/\/www.fussballdaten.de\/vereine\/bayer-leverkusen\/\" title=\"Profil von Bayer Leverkusen\" rel=\"nofollow noopener\" target=\"_blank\">Bayer Leverkusen<\/a> \u2013 <a href=\"https:\/\/www.fussballdaten.de\/vereine\/1-fc-union-berlin\/\" title=\"Profil von 1. FC Union Berlin\" rel=\"nofollow noopener\" target=\"_blank\">Union Berlin<\/a><\/li>\n<p>&#13;<\/p>\n<li>Wettbewerb: 1. Bundesliga<\/li>\n<p>&#13;<\/p>\n<li>Datum: 5. September, 15:30 Uhr<\/li>\n<p>&#13;<\/p>\n<li>Stadion: BayArena, Leverkusen<\/li>\n<p>&#13;<\/p>\n<li>Schiedsrichter: Robin Braun<\/li>\n<p>&#13;<\/p>\n<li>\u00dcbertragung: Sky Sport Bundesliga 2, Sky Go, DAZN (Konferenz)<\/li>\n<\/ul>\n<p><br class=\"mb20 mt30\"\/>Leverkusen \u2013 Union: Voraussichtliche Aufstellungen<\/p>\n<p class=\"mb20 mt30\">Leverkusen: Flekken \u2013 Gutierrez, Medina, Tapsoba, Vazquez \u2013 Garcia, Fernandez, Moreira, Tilman, Maza \u2013 Schick<\/p>\n<p class=\"mb20 mt30\">Union: Raab \u2013 Juranovic, Querfeld, van den Bosch, Rothe \u2013 Aebischer, Khedira, Kemlein, Schafer \u2013 Ljubicic, Latte Lath<\/p>\n<p>Duell um den ersten Saisonsieg<\/p>\n<p class=\"mb20 mt30\">Beide Mannschaften warten noch auf ihren ersten Sieg in dieser Bundesliga-Saison. Am ersten Spieltag verlor Leverkusen etwas \u00fcberraschend ausw\u00e4rts gegen Elversberg mit 2:3 und lag dabei bereits mit 0:3 zur\u00fcck. Erst in der Schlussphase kamen die Bayer-Profis besser ins Spiel. In der 77. Minute erzielte Schick das erste Saisontor der G\u00e4ste. In der Nachspielzeit gelang Kofane noch der Anschlusstreffer. F\u00fcr eine vollst\u00e4ndige Aufholjagd reichte die Zeit jedoch nicht mehr.<\/p>\n<p class=\"mb20 mt30\">Union holte in seinem ersten Saisonspiel lediglich einen Punkt. Die Berliner trennten sich zu Hause mit 3:3 von Eintracht Frankfurt. Die Tore f\u00fcr die Gastgeber erzielten Latte Lath, Querfeld und Skarke. F\u00fcr die G\u00e4ste gl\u00e4nzte Ebnoutalib mit einem Hattrick.<\/p>\n","protected":false},"excerpt":{"rendered":"\u00dcbertragung des Spiels Leverkusen \u2013 Union Berlin Die TV-\u00dcbertragung des Spiels Leverkusen \u2013 Union ist auf Sky Sport&hellip;\n","protected":false},"author":2,"featured_media":1281851,"comment_status":"","ping_status":"","sticky":false,"template":"","format":"standard","meta":{"footnotes":"","_share_on_mastodon":"0"},"categories":[1825],"tags":[296,299,29,7847,347,30,6461,15907,2375,5725,4058,856],"class_list":["post-1281850","post","type-post","status-publish","format-standard","has-post-thumbnail","category-berlin","tag-berlin","tag-bundesliga","tag-deutschland","tag-football","tag-fussball","tag-germany","tag-heute","tag-laeuft","tag-leverkusen","tag-spiel","tag-stream","tag-union"],"share_on_mastodon":{"url":"https:\/\/pubeurope.com\/@de\/117217410655749266","error":""},"_links":{"self":[{"href":"https:\/\/www.europesays.com\/de\/wp-json\/wp\/v2\/posts\/1281850","targetHints":{"allow":["GET"]}}],"collection":[{"href":"https:\/\/www.europesays.com\/de\/wp-json\/wp\/v2\/posts"}],"about":[{"href":"https:\/\/www.europesays.com\/de\/wp-json\/wp\/v2\/types\/post"}],"author":[{"embeddable":true,"href":"https:\/\/www.europesays.com\/de\/wp-json\/wp\/v2\/users\/2"}],"replies":[{"embeddable":true,"href":"https:\/\/www.europesays.com\/de\/wp-json\/wp\/v2\/comments?post=1281850"}],"version-history":[{"count":0,"href":"https:\/\/www.europesays.com\/de\/wp-json\/wp\/v2\/posts\/1281850\/revisions"}],"wp:featuredmedia":[{"embeddable":true,"href":"https:\/\/www.europesays.com\/de\/wp-json\/wp\/v2\/media\/1281851"}],"wp:attachment":[{"href":"https:\/\/www.europesays.com\/de\/wp-json\/wp\/v2\/media?parent=1281850"}],"wp:term":[{"taxonomy":"category","embeddable":true,"href":"https:\/\/www.europesays.com\/de\/wp-json\/wp\/v2\/categories?post=1281850"},{"taxonomy":"post_tag","embeddable":true,"href":"https:\/\/www.europesays.com\/de\/wp-json\/wp\/v2\/tags?post=1281850"}],"curies":[{"name":"wp","href":"https:\/\/api.w.org\/{rel}","templated":true}]}}