{"id":1281858,"date":"2026-09-05T08:13:19","date_gmt":"2026-09-05T08:13:19","guid":{"rendered":"https:\/\/www.europesays.com\/de\/1281858\/"},"modified":"2026-09-05T08:13:19","modified_gmt":"2026-09-05T08:13:19","slug":"bares-fuer-rares-star-fabian-kahl-sie-ist-die-mutter-seines-ersten-kindes","status":"publish","type":"post","link":"https:\/\/www.europesays.com\/de\/1281858\/","title":{"rendered":"&#8222;Bares f\u00fcr Rares&#8220;-Star Fabian Kahl: Sie ist die Mutter seines ersten Kindes"},"content":{"rendered":"<p class=\"MuiTypography-root MuiTypography-body1 mui-1bbyacl\">Privates Gl\u00fcck<\/p>\n<p class=\"MuiTypography-root MuiTypography-body1 mui-1qohl2o\">Aktualisiert: Vor 54 Minuten<\/p>\n<p>von C3 Newsroom<img alt=\"\" fetchpriority=\"high\" loading=\"eager\" width=\"1920\" height=\"1080\" decoding=\"async\" data-nimg=\"1\" class=\"mui-1k85kau\" style=\"color:transparent\"   src=\"https:\/\/www.europesays.com\/de\/wp-content\/uploads\/2026\/09\/1788595999_260_image.webp\"\/><\/p>\n<p class=\"MuiTypography-root MuiTypography-body1 mui-1pymq60\">Fabian Kahl (r.) und Yvonne Arnolds (l.) wurden im Juni 2026 zum ersten Mal Eltern.<\/p>\n<p class=\"MuiTypography-root MuiTypography-body1 mui-qeigui\">Bild: IMAGO \/ Future Image<\/p>\n<p class=\"MuiTypography-root MuiTypography-body1 mui-1qsr6u5\" data-testid=\"intro-paragraph\">Fabian Kahl ist den meisten als H\u00e4ndler bei &#8222;Bares f\u00fcr Rares&#8220; bekannt. Seine Partnerin Yvonne lernte er zuf\u00e4llig kennen &#8211; doch f\u00fcr Kahl stand offenbar innerhalb weniger Augenblicke fest, dass sie die Richtige f\u00fcr ihn ist.<\/p>\n<p class=\"MuiTypography-root MuiTypography-body1 mui-1pymq60\" data-testid=\"paragraph\">In der <a class=\"MuiTypography-root MuiTypography-inherit MuiLink-root MuiLink-underlineAlways mui-1bbqssm\" tabindex=\"0\" href=\"https:\/\/www.joyn.de\/bts\/themen\/zdf\" rel=\"nofollow noopener\" target=\"_blank\">ZDF-<\/a>Show h\u00e4lt Fabian Kahl regelm\u00e4\u00dfig Ausschau nach besonderen Sch\u00e4tzen. Privat hat der 34-J\u00e4hrige sein gro\u00dfes Gl\u00fcck mit Yvonne Arnolds l\u00e4ngst gefunden. Gemeinsam erkundet das Paar die Welt und schmiedet inzwischen sogar Hochzeitspl\u00e4ne.<\/p>\n<p class=\"MuiTypography-root MuiTypography-body1 mui-1pymq60\" data-testid=\"paragraph\">Dabei begann ihre Liebesgeschichte eher zuf\u00e4llig. Yvonne kannte urspr\u00fcnglich nicht Fabian, sondern dessen Bruder Tobias. \u00dcber ihn kreuzten sich schlie\u00dflich die Wege der beiden.<\/p>\n<p>Keine Folge von &#8222;Bares f\u00fcr Rares&#8220; verpassen!Fabian Kahl wusste sofort: Yvonne ist die Richtige<\/p>\n<p class=\"MuiTypography-root MuiTypography-body1 mui-1pymq60\" data-testid=\"paragraph\">Bei einem Familientreffen begegneten sich Fabian und Yvonne zum ersten Mal. F\u00fcr den &#8222;<a class=\"MuiTypography-root MuiTypography-inherit MuiLink-root MuiLink-underlineAlways mui-1bbqssm\" tabindex=\"0\" href=\"https:\/\/www.joyn.de\/bts\/serien\/bares-fuer-rares\" rel=\"nofollow noopener\" target=\"_blank\">Bares f\u00fcr Rares<\/a>&#8222;-H\u00e4ndler scheint es Liebe auf den ersten Blick gewesen zu sein. In einem Interview mit RTL erinnert er sich an das Kennenlernen und erz\u00e4hlt:<\/p>\n<blockquote class=\"MuiBox-root mui-7nav3v\" data-testid=\"quote-section\">\n<p class=\"MuiTypography-root MuiTypography-body1 mui-1uw4lb8\">Ich wusste schon nach einer Sekunde: Diese Frau ist meine Frau.<\/p>\n<p>Fabian Kahl<\/p><\/blockquote>\n<p class=\"MuiTypography-root MuiTypography-body1 mui-1pymq60\" data-testid=\"paragraph\">Im Sommer 2022 zeigte Kahl seine Partnerin schlie\u00dflich erstmals auf seinem Instagram-Account. Seine Gef\u00fchle f\u00fcr sie machte er dabei mit romantischen Worten deutlich:<\/p>\n<blockquote class=\"MuiBox-root mui-7nav3v\" data-testid=\"quote-section\">\n<p class=\"MuiTypography-root MuiTypography-body1 mui-1uw4lb8\">Welch wundersch\u00f6ne Blumen im Garten. Und eine von ihnen l\u00e4chelte sich mitten hinein in mein Herz.<\/p>\n<p>Fabian Kahl<\/p><\/blockquote>\n<p class=\"MuiTypography-root MuiTypography-body1 mui-1hq5oao\">Externer Inhalt<\/p>\n<p class=\"MuiTypography-root MuiTypography-body1 mui-1pymq60\">Dieser Inhalt stammt von externen Anbietern wie Facebook, Instagram oder Youtube.<\/p>\n<p class=\"MuiTypography-root MuiTypography-body1 mui-1pymq60\">Aktiviere bitte Personalisierte Anzeigen und Inhalte sowie Anbieter au\u00dferhalb des CMP Standards, um diese Inhalte anzuzeigen.<\/p>\n<p>Privatsph\u00e4re-EinstellungenGemeinsame Leidenschaft f\u00fchrt Fabian Kahl und Yvonne nach Afrika<\/p>\n<p class=\"MuiTypography-root MuiTypography-body1 mui-1pymq60\" data-testid=\"paragraph\">Die beiden verbindet die Lust am Reisen und an Abenteuern. Unter anderem waren sie gemeinsam in S\u00fcdfrankreich und auf den Malediven unterwegs. Eine besondere Rolle spielt f\u00fcr Kahl allerdings Afrika.<\/p>\n<p class=\"MuiTypography-root MuiTypography-body1 mui-1pymq60\" data-testid=\"paragraph\">2023 brach das Paar zu einer Reise nach Botswana auf. Dort kombinierte der ZDF-Star eine Ausbildung zum Safari-Guide mit seiner Begeisterung f\u00fcr Naturfotografie. Gemeinsam mit Yvonne arbeitete er au\u00dferdem an einem Bildband-Projekt.<\/p>\n<p class=\"MuiTypography-root MuiTypography-body1 mui-1pymq60\" data-testid=\"paragraph\">Doch gerade diese Leidenschaft stellte ihre Beziehung zuvor auch vor eine Herausforderung. Ende 2022 sprach Kahl bei Facebook offen dar\u00fcber, dass er f\u00fcr zweieinhalb Monate nach Afrika gereist war, obwohl sich die beiden damals noch nicht lange kannten.<\/p>\n<p class=\"MuiTypography-root MuiTypography-body1 mui-1pymq60\" data-testid=\"paragraph\">&#8222;Eines der sch\u00f6nsten Jahre unseres bisherigen Lebens geht zu Ende. Angefangen hat das Jahr f\u00fcr Yvonne und mich mit einer Zerrei\u00dfprobe, da ich f\u00fcr zweieinhalb Monate nach Afrika ging und wir uns bis dato noch nicht so lange kannten (\u2026) Wir haben uns auch immer wieder Auszeiten genommen. Genauso gab es auch immer mal wieder Reibereien&#8220;, schrieb er damals.<\/p>\n<p>Fabian Kahl ist zum ersten Mal Vater geworden<\/p>\n<p class=\"MuiTypography-root MuiTypography-body1 mui-1pymq60\" data-testid=\"paragraph\">Inzwischen hat sich im Privatleben des &#8222;Bares f\u00fcr Rares&#8220;-H\u00e4ndlers noch einmal einiges ver\u00e4ndert: Fabian Kahl ist zum ersten Mal Vater geworden. Wie der 34-J\u00e4hrige in der SWR-Sendung &#8222;Landesschau Rheinland-Pfalz&#8220; erz\u00e4hlte, kam sein Sohn im Juni 2026 zur Welt.<\/p>\n<p class=\"MuiTypography-root MuiTypography-body1 mui-1pymq60\" data-testid=\"paragraph\">Damit beginnt f\u00fcr Kahl und seine Partnerin Yvonne ein ganz neues Kapitel. Die beiden sind mittlerweile auch verlobt. Wann sie heiraten m\u00f6chten, haben sie bislang allerdings nicht \u00f6ffentlich gemacht.<\/p>\n<p>Du liest gern unsere News &amp; Storys? So siehst du mehr davon<\/p>\n<p class=\"MuiTypography-root MuiTypography-body1 mui-1pymq60\">Mit nur einem Klick kannst du &#8222;Joyn &#8211; Behind The Screens&#8220; auf Google als bevorzugte Quelle hinzuf\u00fcgen. So bekommst du mehr spannende News, Insider-Infos und Storys rund um deine Lieblingssendungen und Promis.<\/p>\n<p>Mehr entdecken<\/p>\n","protected":false},"excerpt":{"rendered":"Privates Gl\u00fcck Aktualisiert: Vor 54 Minuten von C3 Newsroom Fabian Kahl (r.) und Yvonne Arnolds (l.) wurden im&hellip;\n","protected":false},"author":2,"featured_media":1281859,"comment_status":"","ping_status":"","sticky":false,"template":"","format":"standard","meta":{"footnotes":"","_share_on_mastodon":"0"},"categories":[1773],"tags":[29,214,30,471,1780,215],"class_list":["post-1281858","post","type-post","status-publish","format-standard","has-post-thumbnail","category-serien","tag-deutschland","tag-entertainment","tag-germany","tag-serien","tag-series","tag-unterhaltung"],"share_on_mastodon":{"url":"","error":""},"_links":{"self":[{"href":"https:\/\/www.europesays.com\/de\/wp-json\/wp\/v2\/posts\/1281858","targetHints":{"allow":["GET"]}}],"collection":[{"href":"https:\/\/www.europesays.com\/de\/wp-json\/wp\/v2\/posts"}],"about":[{"href":"https:\/\/www.europesays.com\/de\/wp-json\/wp\/v2\/types\/post"}],"author":[{"embeddable":true,"href":"https:\/\/www.europesays.com\/de\/wp-json\/wp\/v2\/users\/2"}],"replies":[{"embeddable":true,"href":"https:\/\/www.europesays.com\/de\/wp-json\/wp\/v2\/comments?post=1281858"}],"version-history":[{"count":0,"href":"https:\/\/www.europesays.com\/de\/wp-json\/wp\/v2\/posts\/1281858\/revisions"}],"wp:featuredmedia":[{"embeddable":true,"href":"https:\/\/www.europesays.com\/de\/wp-json\/wp\/v2\/media\/1281859"}],"wp:attachment":[{"href":"https:\/\/www.europesays.com\/de\/wp-json\/wp\/v2\/media?parent=1281858"}],"wp:term":[{"taxonomy":"category","embeddable":true,"href":"https:\/\/www.europesays.com\/de\/wp-json\/wp\/v2\/categories?post=1281858"},{"taxonomy":"post_tag","embeddable":true,"href":"https:\/\/www.europesays.com\/de\/wp-json\/wp\/v2\/tags?post=1281858"}],"curies":[{"name":"wp","href":"https:\/\/api.w.org\/{rel}","templated":true}]}}