{"id":1281860,"date":"2026-09-05T08:14:25","date_gmt":"2026-09-05T08:14:25","guid":{"rendered":"https:\/\/www.europesays.com\/de\/1281860\/"},"modified":"2026-09-05T08:14:25","modified_gmt":"2026-09-05T08:14:25","slug":"wattn-quiz-taeglich-drei-fragen-zu-norddeutschland-01-09-26","status":"publish","type":"post","link":"https:\/\/www.europesays.com\/de\/1281860\/","title":{"rendered":"Watt&#8217;n Quiz! T\u00e4glich drei Fragen zu Norddeutschland (01.09.26)"},"content":{"rendered":"<p>Das t\u00e4gliche Quiz f\u00fcr alle, die wissen, dass &#8222;nordisch&#8220; mehr ist als Moin, M\u00f6wen und mittelgute Wetterlagen. Es geht um schr\u00e4ge Ortsnamen, stolze Bauwerke, platte Landschaften, hohe T\u00fcrme, tiefe Meere, kleine Sprachfallen. Also: \u00d6lzeug zurechtr\u00fccken, Klugschei\u00dfer-Modus auf halbe Kraft &#8211; und los geht&#8217;s mit Norddeutschland, wie es wirklich ist: sch\u00f6n, stur, windig und erstaunlich quiztauglich.<\/p>\n<p>    <a id=\"quizstartposition\"\/><\/p>\n<p>        <img decoding=\"async\" src=\"https:\/\/www.europesays.com\/de\/wp-content\/uploads\/2026\/09\/wquiz-teaserbild-100.webp\" alt=\"Eine Person mit hochgekrempelter Jeans geht barfu\u00df im Watt.\" title=\"Eine Person mit hochgekrempelter Jeans geht barfu\u00df im Watt. | imago images\/Bihlmayerfotografie\" class=\"responsive\" loading=\"lazy\"\/><\/p>\n<p>        Los geht&#8217;s! <\/p>\n<p>        <img decoding=\"async\" src=\"https:\/\/www.europesays.com\/de\/wp-content\/uploads\/2026\/07\/wattn-quiz-auswertung-0-100.webp\" alt=\"Eine leere Wattenmeerlandschaft\" title=\"Eine leere Wattenmeerlandschaft | IMAGO\/Panthermedia\" class=\"responsive\" loading=\"lazy\"\/><\/p>\n<p>            Ahoi, Leichtmatrose! Nix richtig? Das kann doch nich&#8216; angehen!<\/p>\n<p>            Noch einmal!<\/p>\n<p>        <img decoding=\"async\" src=\"https:\/\/www.europesays.com\/de\/wp-content\/uploads\/2026\/07\/wattn-quiz-auswertung-1-100.webp\" alt=\"Ein Seestern im seichten Meereswasser\" title=\"Ein Seestern im seichten Meereswasser | Zoonar.com\/HelmutxVogler\" class=\"responsive\" loading=\"lazy\"\/><\/p>\n<p>            Ah, ein Deckschrubber mit Potenzial! Immerhin ein Treffer. Ein blindes Huhn trinkt auch mal &#8217;nen Korn, nicht wahr?<\/p>\n<p>            Noch einmal!<\/p>\n<p>        <img decoding=\"async\" src=\"https:\/\/www.europesays.com\/de\/wp-content\/uploads\/2026\/07\/wattn-quiz-auswertung-2-100.webp\" alt=\"Eine Flaschenpost ragt am Strand aus dem Boden.\" title=\"Eine Flaschenpost ragt am Strand aus dem Boden. | imago images\/Shotshop\" class=\"responsive\" loading=\"lazy\"\/><\/p>\n<p>            Herr oder Frau Kapit\u00e4n, wir sind fast auf Kurs! Zwei von drei richtig. <\/p>\n<p>            Noch einmal!<\/p>\n<p>        <img decoding=\"async\" src=\"https:\/\/www.europesays.com\/de\/wp-content\/uploads\/2026\/07\/wattn-quiz-auswertung-3-100.webp\" alt=\"Goldm\u00fcnze liegt im seichten Meereswasser (KI-generiertes Bild)\" title=\"Goldm\u00fcnze liegt im seichten Meereswasser (KI-generiertes Bild) | NDR (generiert mit ChatGPT)\" class=\"responsive\" loading=\"lazy\"\/><\/p>\n<p>            Alle Achtung, Frau oder Herr Admiral! Volle Punktzahl, ich ziehe meine M\u00fctze.<\/p>\n<p>            Noch einmal!<\/p>\n","protected":false},"excerpt":{"rendered":"Das t\u00e4gliche Quiz f\u00fcr alle, die wissen, dass &#8222;nordisch&#8220; mehr ist als Moin, M\u00f6wen und mittelgute Wetterlagen. Es&hellip;\n","protected":false},"author":2,"featured_media":1281861,"comment_status":"","ping_status":"","sticky":false,"template":"","format":"standard","meta":{"footnotes":"","_share_on_mastodon":"0"},"categories":[1772],"tags":[29,214,30,1779,810,215],"class_list":["post-1281860","post","type-post","status-publish","format-standard","has-post-thumbnail","category-musik","tag-deutschland","tag-entertainment","tag-germany","tag-music","tag-musik","tag-unterhaltung"],"share_on_mastodon":{"url":"https:\/\/pubeurope.com\/@de\/117217441750225657","error":""},"_links":{"self":[{"href":"https:\/\/www.europesays.com\/de\/wp-json\/wp\/v2\/posts\/1281860","targetHints":{"allow":["GET"]}}],"collection":[{"href":"https:\/\/www.europesays.com\/de\/wp-json\/wp\/v2\/posts"}],"about":[{"href":"https:\/\/www.europesays.com\/de\/wp-json\/wp\/v2\/types\/post"}],"author":[{"embeddable":true,"href":"https:\/\/www.europesays.com\/de\/wp-json\/wp\/v2\/users\/2"}],"replies":[{"embeddable":true,"href":"https:\/\/www.europesays.com\/de\/wp-json\/wp\/v2\/comments?post=1281860"}],"version-history":[{"count":0,"href":"https:\/\/www.europesays.com\/de\/wp-json\/wp\/v2\/posts\/1281860\/revisions"}],"wp:featuredmedia":[{"embeddable":true,"href":"https:\/\/www.europesays.com\/de\/wp-json\/wp\/v2\/media\/1281861"}],"wp:attachment":[{"href":"https:\/\/www.europesays.com\/de\/wp-json\/wp\/v2\/media?parent=1281860"}],"wp:term":[{"taxonomy":"category","embeddable":true,"href":"https:\/\/www.europesays.com\/de\/wp-json\/wp\/v2\/categories?post=1281860"},{"taxonomy":"post_tag","embeddable":true,"href":"https:\/\/www.europesays.com\/de\/wp-json\/wp\/v2\/tags?post=1281860"}],"curies":[{"name":"wp","href":"https:\/\/api.w.org\/{rel}","templated":true}]}}