{"id":1281862,"date":"2026-09-05T08:15:22","date_gmt":"2026-09-05T08:15:22","guid":{"rendered":"https:\/\/www.europesays.com\/de\/1281862\/"},"modified":"2026-09-05T08:15:22","modified_gmt":"2026-09-05T08:15:22","slug":"ein-grossartiger-abschluss-der-reihe-neuer-fsk-18-horrorfilm-startet-im-streaming-abo-durch","status":"publish","type":"post","link":"https:\/\/www.europesays.com\/de\/1281862\/","title":{"rendered":"\u201eEin gro\u00dfartiger Abschluss der Reihe\u201c: Neuer FSK-18-Horrorfilm startet im Streaming-Abo durch"},"content":{"rendered":"<p>HBO serviert Horrorfans den Abschluss einer blutigen Slasher-Trilogie.<\/p>\n<p>Wenn du \u00fcber diese Links einkaufst, erhalten wir eine Provision, die unsere<br \/>\nredaktionelle Arbeit unterst\u00fctzt. Der Preis f\u00fcr dich bleibt dabei<br \/>\nunver\u00e4ndert. Diese Affiliate-Links sind durch ein  Symbol<br \/>\ngekennzeichnet. \u00a0<a class=\"alice-affiliate-info__link\" href=\"https:\/\/www.kino.de\/erloesmodelle\/\" target=\"_blank\" rel=\"nofollow noopener\">Mehr erfahren.<\/a><\/p>\n<p><a href=\"https:\/\/www.kino.de\/film\/the-strangers-chapter-3\/\" rel=\"nofollow noopener\" target=\"_blank\">\u201eThe Strangers: Chapter 3\u201c<\/a> ist jetzt bei HBO Max verf\u00fcgbar: Der blutige Slasher feiert seine Streaming-Premiere und kann von Abonnenten ohne zus\u00e4tzliche Kosten angesehen werden. Der FSK-18-Horror bildet den Abschluss der 2024 gestarteten Trilogie \u2013 doch bei den Kritiken scheiden sich die Geister.<\/p>\n<p>Horror-Reihe feiert bei HBO Max gro\u00dfes Finale<\/p>\n<p>Mit \u201eThe Strangers: Chapter 3\u201c kehren die wohlbekannten Maskenm\u00f6rder ein letztes Mal zur\u00fcck. Erneut steht Maya, gespielt von Madelaine Petsch (<a href=\"https:\/\/www.kino.de\/serie\/riverdale\/\" rel=\"nofollow noopener\" target=\"_blank\">\u201eRiverdale\u201c<\/a>), im Mittelpunkt des Geschehens. Nachdem sie bereits in den beiden vorherigen Kapiteln um ihr Leben k\u00e4mpfen musste, kommt es nun zum entscheidenden Showdown mit den Killern.<\/p>\n<p>Wer wissen m\u00f6chte, wie Mayas Geschichte endet und ob sie den maskierten Psychopathen entkommen kann, kann \u201eThe Strangers: Chapter 3\u201c <a href=\"https:\/\/play.hbomax.com\/movie\/fc873374-9406-450c-871b-ae8df53dc784\" rel=\"nofollow noopener\" target=\"_blank\">ab sofort bei HBO Max streamen<\/a>. F\u00fcr deutsche Abonnenten ist damit auch das Finale der Horror-Trilogie bequem im Abo verf\u00fcgbar.<\/p>\n<p>Wer die ersten beiden Filme noch nicht gesehen hat, muss allerdings etwas zwischen den Streamingdiensten wechseln. \u201eThe Strangers: Chapter 1\u201c ist <a href=\"https:\/\/siren.a.xafl.kino.de?t=https%3A%2F%2Fplus.rtl.de%2Fthe-strangers-chapter-1-p_267232&amp;s=https%3A%2F%2Fwww.kino.de%2F%3Adoc-redirect%2F%3Fcontent_id%3Dd0d47d22-b43d-44bf-820c-b38a9d95b1c7&amp;channel=website&amp;contentPieceId=d0d47d22-b43d-44bf-820c-b38a9d95b1c7&amp;site=KINO&amp;deviceType=desktop&amp;affiliateOption=Text-link\" target=\"_blank\" rel=\"sponsored nofollow noopener\" class=\"smb-affiliate-link\" data-smb-track=\"display=Text-link&amp;t=affiliate&amp;href=https%3A%2F%2Fplus.rtl.de%2Fthe-strangers-chapter-1-p_267232\">derzeit bei RTL+ verf\u00fcgbar<\/a>, w\u00e4hrend \u201eThe Strangers: Chapter 2\u201c <a href=\"https:\/\/siren.a.xafl.kino.de?t=https%3A%2F%2Fwww.wowtv.de%2Fstreamen%2Fthe-strangers-chapter-2%2FTF21856313&amp;s=https%3A%2F%2Fwww.kino.de%2F%3Adoc-redirect%2F%3Fcontent_id%3Dd0d47d22-b43d-44bf-820c-b38a9d95b1c7&amp;channel=website&amp;contentPieceId=d0d47d22-b43d-44bf-820c-b38a9d95b1c7&amp;site=KINO&amp;deviceType=desktop&amp;affiliateOption=Text-link\" target=\"_blank\" rel=\"sponsored nofollow noopener\" class=\"smb-affiliate-link\" data-smb-track=\"display=Text-link&amp;t=affiliate&amp;href=https%3A%2F%2Fwww.wowtv.de%2Fstreamen%2Fthe-strangers-chapter-2%2FTF21856313\">bei Sky beziehungsweise WOW im Abo<\/a> gestreamt werden kann.<\/p>\n<p>Wer die komplette Trilogie am St\u00fcck nachholen m\u00f6chte, braucht daher momentan etwas Geduld \u2013 und gleich mehrere Streaming-Abos.<\/p>\n<p>Welche Horrorfilme laut einer wissenschaftlichen Studie \u00fcbrigens zu den gruseligsten des Genres z\u00e4hlen, das erfahrt ihr im folgenden <strong>Video<\/strong>.<\/p>\n<p><img decoding=\"async\" class=\"alice-video-feed__placeholder-image\" fetchpriority=\"high\" alt=\"Wissenschaftlich belegt: Die 11 gruseligsten Horrorfilme aller Zeiten\" title=\"Wissenschaftlich belegt: Die 11 gruseligsten Horrorfilme aller Zeiten\" src=\"https:\/\/www.europesays.com\/de\/wp-content\/uploads\/2026\/05\/c22ba421aec020247a4d007887_cmUgMTIwMCAwA2IzY2IyZTI0NDA4_scary-movies_update_2023-thumb2.jpg\" \/>Die Presse hasst den neuen Horrorfilm<\/p>\n<p>Wer bei \u201eThe Strangers: Chapter 3\u201c auf den n\u00e4chsten gro\u00dfen Horror-Hit gehofft hat, sollte seine Erwartungen allerdings ein wenig zur\u00fcckschrauben. Bei der Presse konnte der Slasher n\u00e4mlich kaum punkten.<\/p>\n<p><a href=\"https:\/\/www.rottentomatoes.com\/m\/the_strangers_chapter_3\" target=\"_blank\" rel=\"nofollow noopener\">Auf Rotten Tomatoes<\/a> kommt der Film derzeit gerade einmal auf 18 % Zustimmung bei den Kritiker*innen. Auch beim Publikum h\u00e4lt sich die Begeisterung mit 49 % deutlich in Grenzen. Ganz ohne positive Stimmen kommt \u201eThe Strangers: Chapter 3\u201c aber nat\u00fcrlich nicht davon.<\/p>\n<blockquote class=\"alice-quote \">\n<p>\u201eDer Film war gut. Mir hat der Abschluss der Geschichte gefallen. Ich h\u00e4tte ein paar Dinge anders gemacht, aber insgesamt fand ich es gut.\u201c<\/p>\n<p>\u2013 CJ<\/p><\/blockquote>\n<blockquote class=\"alice-quote \">\n<p>\u201eEin gro\u00dfartiger Abschluss der Reihe, das Anschauen hat sich absolut gelohnt. Vor allem hat die Umsetzung so schnell geklappt, ein gro\u00dfes Lob an alle Beteiligten!\u201c<\/p>\n<p>\u2013 Zach<\/p><\/blockquote>\n<blockquote class=\"alice-quote \">\n<p>\u201eEs war in Ordnung, ich hatte es mir viel gruseliger vorgestellt.\u201c<\/p>\n<p>\u2013 Jose D<\/p><\/blockquote>\n<p>Deutlich besser steht \u00fcbrigens <a href=\"https:\/\/www.kino.de\/film\/the-strangers-2007\/\" rel=\"nofollow noopener\" target=\"_blank\">das Original von 2008<\/a> da, das inzwischen Kultstatus genie\u00dft. Leider ist der erste Teil derzeit bei keinem Streaming-Anbieter im Rahmen einer Flatrate verf\u00fcgbar. Wer den Horror-Klassiker trotzdem sehen m\u00f6chte, bekommt <a href=\"https:\/\/siren.a.xafl.kino.de?t=https%3A%2F%2Fwww.amazon.de%2FStrangers-Blu-ray-Liv-Tyler%2Fdp%2FB07KLCVXY3%2F&amp;s=https%3A%2F%2Fwww.kino.de%2F%3Adoc-redirect%2F%3Fcontent_id%3Dd0d47d22-b43d-44bf-820c-b38a9d95b1c7&amp;channel=website&amp;contentPieceId=d0d47d22-b43d-44bf-820c-b38a9d95b1c7&amp;site=KINO&amp;deviceType=desktop&amp;affiliateOption=Text-link\" rel=\"nofollow noopener sponsored\" target=\"_blank\" class=\"smb-affiliate-link\" data-smb-track=\"display=Text-link&amp;t=affiliate&amp;href=https%3A%2F%2Fwww.amazon.de%2FStrangers-Blu-ray-Liv-Tyler%2Fdp%2FB07KLCVXY3%2F\">bei Amazon immerhin die deutsche Disc-Version<\/a>.<\/p>\n","protected":false},"excerpt":{"rendered":"HBO serviert Horrorfans den Abschluss einer blutigen Slasher-Trilogie. Wenn du \u00fcber diese Links einkaufst, erhalten wir eine Provision,&hellip;\n","protected":false},"author":2,"featured_media":1281863,"comment_status":"","ping_status":"","sticky":false,"template":"","format":"standard","meta":{"footnotes":"","_share_on_mastodon":"0"},"categories":[1771],"tags":[1778,29,214,30,95,1777,215],"class_list":["post-1281862","post","type-post","status-publish","format-standard","has-post-thumbnail","category-kino","tag-cinema","tag-deutschland","tag-entertainment","tag-germany","tag-kino","tag-movie","tag-unterhaltung"],"share_on_mastodon":{"url":"https:\/\/pubeurope.com\/@de\/117217442575991156","error":""},"_links":{"self":[{"href":"https:\/\/www.europesays.com\/de\/wp-json\/wp\/v2\/posts\/1281862","targetHints":{"allow":["GET"]}}],"collection":[{"href":"https:\/\/www.europesays.com\/de\/wp-json\/wp\/v2\/posts"}],"about":[{"href":"https:\/\/www.europesays.com\/de\/wp-json\/wp\/v2\/types\/post"}],"author":[{"embeddable":true,"href":"https:\/\/www.europesays.com\/de\/wp-json\/wp\/v2\/users\/2"}],"replies":[{"embeddable":true,"href":"https:\/\/www.europesays.com\/de\/wp-json\/wp\/v2\/comments?post=1281862"}],"version-history":[{"count":0,"href":"https:\/\/www.europesays.com\/de\/wp-json\/wp\/v2\/posts\/1281862\/revisions"}],"wp:featuredmedia":[{"embeddable":true,"href":"https:\/\/www.europesays.com\/de\/wp-json\/wp\/v2\/media\/1281863"}],"wp:attachment":[{"href":"https:\/\/www.europesays.com\/de\/wp-json\/wp\/v2\/media?parent=1281862"}],"wp:term":[{"taxonomy":"category","embeddable":true,"href":"https:\/\/www.europesays.com\/de\/wp-json\/wp\/v2\/categories?post=1281862"},{"taxonomy":"post_tag","embeddable":true,"href":"https:\/\/www.europesays.com\/de\/wp-json\/wp\/v2\/tags?post=1281862"}],"curies":[{"name":"wp","href":"https:\/\/api.w.org\/{rel}","templated":true}]}}