{"id":1281875,"date":"2026-09-05T08:22:35","date_gmt":"2026-09-05T08:22:35","guid":{"rendered":"https:\/\/www.europesays.com\/de\/1281875\/"},"modified":"2026-09-05T08:22:35","modified_gmt":"2026-09-05T08:22:35","slug":"bmw-kracht-in-baustellenkran-lindenstrasse-wegen-umsturzgefahr-gesperrt","status":"publish","type":"post","link":"https:\/\/www.europesays.com\/de\/1281875\/","title":{"rendered":"BMW kracht in Baustellenkran: Lindenstra\u00dfe wegen Umsturzgefahr gesperrt"},"content":{"rendered":"<p>\n                    <strong>FULDA<\/strong><br \/>\n                    Fahrer kommt verletzt ins Krankenhaus\n                <\/p>\n<p>05.09.26 &#8211; <strong>In der Nacht zum Samstag kam es in der Lindenstra\u00dfe in Fulda zu einem schweren Verkehrsunfall. Gegen 03:36 Uhr war ein 26-j\u00e4hriger BMW-Fahrer aus einem Eichenzeller Ortsteil stadtausw\u00e4rts unterwegs, als er aus bislang ungekl\u00e4rter Ursache in eine abgesperrte Baustelle fuhr und dort gegen den Betonfu\u00df eines Baukrans prallte.<\/strong><\/p>\n<p><a class=\"fancybox\" data-fancybox=\"galerie\" data-caption=\"Fotos: Marvin Myketin - In der Nacht zum Samstag kam es in der Lindenstra\u00dfe in Fulda zu einem schweren Verkehrsunfall. \" rel=\"on_group nofollow noopener\" title=\"Fotos: Marvin Myketin - In der Nacht zum Samstag kam es in der Lindenstra\u00dfe in Fulda zu einem schweren Verkehrsunfall. \" href=\"https:\/\/oshessen-news.b-cdn.net\/images\/26\/09\/xl\/11799277-260905marvinmyketin12.jpg\" target=\"_blank\"><img decoding=\"async\" class=\"img220 imgh159 imgbdr\" src=\"https:\/\/www.europesays.com\/de\/wp-content\/uploads\/2026\/09\/11799277-260905marvinmyketin12.jpg\"\/><\/a><\/p>\n<p class=\"img-text\">In der Nacht zum Samstag kam es in der Lindenstra\u00dfe in Fulda zu einem schweren Verkehrsunfall. &#8230;Fotos: Marvin Myketin<\/p>\n<p><a class=\"fancybox\" data-fancybox=\"galerie\" data-caption=\"Gegen 03:36 Uhr war ein 26-j\u00e4hriger BMW-Fahrer aus einem Eichenzeller Ortsteil stadtausw\u00e4rts unterwegs, als er aus bislang ungekl\u00e4rter Ursache in eine abgesperrte Baustelle fuhr und dort gegen den Betonfu\u00df eines Baukrans prallte.\" rel=\"on_group nofollow noopener\" title=\"Gegen 03:36 Uhr war ein 26-j\u00e4hriger BMW-Fahrer aus einem Eichenzeller Ortsteil stadtausw\u00e4rts unterwegs, als er aus bislang ungekl\u00e4rter Ursache in eine abgesperrte Baustelle fuhr und dort gegen den Betonfu\u00df eines Baukrans prallte.\" href=\"https:\/\/oshessen-news.b-cdn.net\/images\/26\/09\/xl\/11799277-260905marvinmyketin8.jpg\" target=\"_blank\"><img decoding=\"async\" class=\"img220 imgh159 imgbdr\" src=\"https:\/\/www.europesays.com\/de\/wp-content\/uploads\/2026\/09\/11799277-260905marvinmyketin8.jpg\"\/><\/a><\/p>\n<p class=\"img-text\">Gegen 03:36 Uhr war ein 26-j\u00e4hriger BMW-Fahrer aus einem Eichenzeller Ortsteil stadtausw\u00e4rts &#8230;<\/p>\n<p><a class=\"fancybox\" data-fancybox=\"galerie\" data-caption=\"Im Einsatz waren unter anderem zwei Notarzteinsatzfahrzeuge (NEF), zwei Rettungswagen (RTW) sowie zwei Einsatzfahrzeuge der Fuldaer Feuerwehr mit ca. 15 Einsatzkr\u00e4ften.\" rel=\"on_group nofollow noopener\" title=\"Im Einsatz waren unter anderem zwei Notarzteinsatzfahrzeuge (NEF), zwei Rettungswagen (RTW) sowie zwei Einsatzfahrzeuge der Fuldaer Feuerwehr mit ca. 15 Einsatzkr\u00e4ften.\" href=\"https:\/\/oshessen-news.b-cdn.net\/images\/26\/09\/xl\/11799277-260905marvinmyketin1.jpg\" target=\"_blank\"><img decoding=\"async\" class=\"img220 imgh159 imgbdr\" src=\"https:\/\/www.europesays.com\/de\/wp-content\/uploads\/2026\/09\/11799277-260905marvinmyketin1.jpg\"\/><\/a><\/p>\n<p class=\"img-text\">Im Einsatz waren unter anderem zwei Notarzteinsatzfahrzeuge (NEF), zwei Rettungswagen &#8230;<\/p>\n<p>Der rechte Fahrstreifen der Lindenstra\u00dfe ist in diesem Bereich aufgrund von Bauarbeiten gesperrt. Trotz der entsprechenden Absperrung fuhr der 26-J\u00e4hrige nach bisherigen Erkenntnissen mit unverminderter Geschwindigkeit in die Arbeitsstelle. Die Wucht des Aufpralls war so gro\u00df, dass der massive Betonfu\u00df unter dem Baukran verschoben wurde. Dadurch geriet der Kran in Schieflage. <\/p>\n<p><a class=\"fancybox\" data-fancybox=\"galerie\" data-caption=\"Die Lindenstra\u00dfe bleibt bis auf Weiteres f\u00fcr den Fahrzeug- und Personenverkehr gesperrt. \" rel=\"on_group nofollow noopener\" title=\"Die Lindenstra\u00dfe bleibt bis auf Weiteres f\u00fcr den Fahrzeug- und Personenverkehr gesperrt. \" href=\"https:\/\/oshessen-news.b-cdn.net\/images\/26\/09\/xl\/11799277-260905marvinmyketin6.jpg\" target=\"_blank\"><img decoding=\"async\" class=\"img220 imgh159 imgbdr\" src=\"https:\/\/www.europesays.com\/de\/wp-content\/uploads\/2026\/09\/11799277-260905marvinmyketin6.jpg\"\/><\/a><\/p>\n<p class=\"img-text\">Die Lindenstra\u00dfe bleibt bis auf Weiteres f\u00fcr den Fahrzeug- und Personenverkehr &#8230;<\/p>\n<p>Carsten Richter, technischer Einsatzleiter der Feuerwehr Fulda, schildert gegen\u00fcber <strong>OSTHESSEN|NEWS<\/strong> die Einsatzlage vor Ort: &#8222;Wir wurden zun\u00e4chst zu einem Verkehrsunfall mit zwei eingeklemmten Personen alarmiert &#8211; ein Pkw sollte gegen einen Baukran gefahren sein. Vor Ort stellte sich dann heraus, dass sich lediglich eine Person im Fahrzeug befand. Sie konnte sich selbstst\u00e4ndig befreien.&#8220; Der Pkw war gegen eine St\u00fctze des Baukrans geprallt. Durch die Wucht des Aufpralls war der Kran in Schieflage geraten und steht nun quer.<br \/>&#13;\n<\/p>\n<p>Lindenstra\u00dfe wegen Umsturzgefahr des Baukrans gesperrt&#13;<br \/>\nDa ein Umst\u00fcrzen des Krans nicht ausgeschlossen werden konnte und im Tagesverlauf auffrischender Wind vorhergesagt war, musste die Lindenstra\u00dfe im betroffenen Bereich weitr\u00e4umig gesperrt werden. Sie ist derzeit weder f\u00fcr Fahrzeuge noch f\u00fcr Fu\u00dfg\u00e4nger passierbar. Zur technischen Beurteilung der Lage wurde das Technische Hilfswerk (THW) hinzugezogen.<\/p>\n<p><a class=\"fancybox\" data-fancybox=\"galerie\" data-caption=\"\" rel=\"on_group\" title=\"\" href=\"https:\/\/www.europesays.com\/de\/wp-content\/uploads\/2026\/09\/11799277-260905marvinmyketin14.jpg\"><img decoding=\"async\" class=\"imgbdr\" style=\"max-width: 98%;\" src=\"https:\/\/www.europesays.com\/de\/wp-content\/uploads\/2026\/09\/11799277-260905marvinmyketin14.jpg\"\/><\/a><\/p>\n<p>Der 26-j\u00e4hrige BMW-Fahrer wurde bei dem Zusammensto\u00df verletzt und anschlie\u00dfend in ein nahegelegenes Krankenhaus gebracht. Im Einsatz waren unter anderem zwei Notarzteinsatzfahrzeuge (NEF), zwei Rettungswagen (RTW) sowie zwei Einsatzfahrzeuge der Fuldaer Feuerwehr mit ca. 15 Einsatzkr\u00e4ften. Die Lindenstra\u00dfe bleibt bis auf Weiteres f\u00fcr den Fahrzeug- und Personenverkehr gesperrt. (ms) +++&#13;<br \/>\n <img loading=\"lazy\" decoding=\"async\" src=\"https:\/\/www.europesays.com\/de\/wp-content\/uploads\/2026\/09\/a07cde1610b9428da4dcac19e1dc3c96.gif\" width=\"1\" height=\"1\" alt=\"\"\/><\/p>\n<p><\/p>\n","protected":false},"excerpt":{"rendered":"FULDA Fahrer kommt verletzt ins Krankenhaus 05.09.26 &#8211; In der Nacht zum Samstag kam es in der Lindenstra\u00dfe&hellip;\n","protected":false},"author":2,"featured_media":1281876,"comment_status":"","ping_status":"","sticky":false,"template":"","format":"standard","meta":{"footnotes":"","_share_on_mastodon":"0"},"categories":[2],"tags":[6193,6195,29,6197,6192,30,13,2052,1381,14,6196,15,6194,12,10,8,9,11],"class_list":["post-1281875","post","type-post","status-publish","format-standard","has-post-thumbnail","category-deutschland","tag-alsfeld","tag-bad-hersfeld","tag-deutschland","tag-flieden","tag-fulda","tag-germany","tag-headlines","tag-hessen","tag-lauterbach","tag-nachrichten","tag-neuhof","tag-news","tag-osthessen","tag-schlagzeilen","tag-top-news","tag-top-meldungen","tag-topmeldungen","tag-topnews"],"share_on_mastodon":{"url":"https:\/\/pubeurope.com\/@de\/117217472683128882","error":""},"_links":{"self":[{"href":"https:\/\/www.europesays.com\/de\/wp-json\/wp\/v2\/posts\/1281875","targetHints":{"allow":["GET"]}}],"collection":[{"href":"https:\/\/www.europesays.com\/de\/wp-json\/wp\/v2\/posts"}],"about":[{"href":"https:\/\/www.europesays.com\/de\/wp-json\/wp\/v2\/types\/post"}],"author":[{"embeddable":true,"href":"https:\/\/www.europesays.com\/de\/wp-json\/wp\/v2\/users\/2"}],"replies":[{"embeddable":true,"href":"https:\/\/www.europesays.com\/de\/wp-json\/wp\/v2\/comments?post=1281875"}],"version-history":[{"count":0,"href":"https:\/\/www.europesays.com\/de\/wp-json\/wp\/v2\/posts\/1281875\/revisions"}],"wp:featuredmedia":[{"embeddable":true,"href":"https:\/\/www.europesays.com\/de\/wp-json\/wp\/v2\/media\/1281876"}],"wp:attachment":[{"href":"https:\/\/www.europesays.com\/de\/wp-json\/wp\/v2\/media?parent=1281875"}],"wp:term":[{"taxonomy":"category","embeddable":true,"href":"https:\/\/www.europesays.com\/de\/wp-json\/wp\/v2\/categories?post=1281875"},{"taxonomy":"post_tag","embeddable":true,"href":"https:\/\/www.europesays.com\/de\/wp-json\/wp\/v2\/tags?post=1281875"}],"curies":[{"name":"wp","href":"https:\/\/api.w.org\/{rel}","templated":true}]}}