{"id":1281877,"date":"2026-09-05T08:23:12","date_gmt":"2026-09-05T08:23:12","guid":{"rendered":"https:\/\/www.europesays.com\/de\/1281877\/"},"modified":"2026-09-05T08:23:12","modified_gmt":"2026-09-05T08:23:12","slug":"sabotage-an-stromleitungen-polizei-stuermt-fahrzeug-sabotageverdaechtiger-auf-der-flucht","status":"publish","type":"post","link":"https:\/\/www.europesays.com\/de\/1281877\/","title":{"rendered":"Sabotage an Stromleitungen: Polizei st\u00fcrmt Fahrzeug, Sabotageverd\u00e4chtiger auf der Flucht"},"content":{"rendered":"<p class=\"paragraph article__item\">Die <a class=\"rtr-entity\" href=\"https:\/\/www.zeit.de\/thema\/polizei\" rel=\"nofollow noopener\" target=\"_blank\">Polizei<\/a> fahndet weiter nach einem Mann, der Sabotageaktionen gegen das deutsche Stromnetz ver\u00fcbt haben soll. \u00bbWir befinden uns immer noch in der Fahndungslage\u00ab, sagte eine Sprecherin der Polizei K\u00f6ln. Am Freitagnachmittag hatte ein Spezialkommando in einem Wald das Fahrzeug des Verd\u00e4chtigen gest\u00fcrmt, den Gesuchten aber nicht vorgefunden. Bei dem Fahrzeug handelt es sich nach Beh\u00f6rdenangaben um einen Lastwagen, der augenscheinlich zu einem Wohnmobil umgebaut worden war.\n<\/p>\n<p class=\"paragraph article__item\">Laut dem nordrhein-westf\u00e4lischen Innenminister <a class=\"rtr-entity\" href=\"https:\/\/www.zeit.de\/thema\/herbert-reul\" rel=\"nofollow noopener\" target=\"_blank\">Herbert Reul<\/a> ist der Zugriff in Niederzier bei D\u00fcren in Nordrhein-Westfalen erfolgt. Jetzt sei der 48-j\u00e4hrige Mann vermutlich zu Fu\u00df unterwegs, sagte der CDU\u2011Politiker. Es gebe keine weiteren Indizien, dass der Verd\u00e4chtige besonders gef\u00e4hrlich sei. Zuvor hatte die Bild-Zeitung \u00fcber die Polizeiaktion berichtet.\n<\/p>\n<p class=\"paragraph article__item\"><a href=\"https:\/\/www.zeit.de\/politik\/deutschland\/2026-09\/angriffe-umspannwerke-stromversorgung-bekennerbrief\" target=\"_blank\" rel=\"nofollow noopener\">Nach Recherchen der ZEIT gibt es mehrere Indizien<\/a>, die darauf hinweisen, dass der Verd\u00e4chtige tats\u00e4chlich f\u00fcr die Anschlagsserie auf die Umspannwerke verantwortlich sein k\u00f6nnte. Der Mann namens Daniel V. war nach ZEIT-Informationen in der Vergangenheit nie mit Extremismus oder politischen \u00c4u\u00dferungen aufgefallen. Er studierte Medizin, arbeitete jedoch schon seit Langem nicht mehr als Arzt. Vor etwa einem Jahr habe er Kontakt zu mehreren Angeh\u00f6rigen abgebrochen.\n<\/p>\n<p>            Sprengstofffunde in Wohnung des Verd\u00e4chtigen            <\/p>\n<p class=\"paragraph article__item\">W\u00e4hrend einer Pressekonferenz hatte Reul zuvor gesagt, in der Wohnung des Verd\u00e4chtigen in Gevelsberg  sei Sprengstoff gefunden worden. Es habe sich um die Stoffe Kaliumnitrat und Kaliumperchlorat gehandelt, hie\u00df es sp\u00e4ter erg\u00e4nzend.\n<\/p>\n<p class=\"paragraph article__item\">Der Mann soll mehrere Bekennerschreiben zu den Sabotageversuchen verfasst haben. Darin habe er sich zum Kampf \u200cgegen \u2060fossile<br \/>\nEnergietr\u00e4ger bekannt. \u00bbNach aktuellem Stand muss man von \u200bKlimaextremismus ausgehen\u00ab,<br \/>\nsagte Bundesinnenminister Alexander Dobrindt (CSU) auf derselben Pressekonferenz. Eine abschlie\u00dfende Beurteilung sei aktuell jedoch noch nicht m\u00f6glich.\n<\/p>\n<p>            Detailliertes T\u00e4terwissen in Schreiben            <\/p>\n<p class=\"paragraph article__item\">\u00bbWir pr\u00fcfen, ob der Verfasser tats\u00e4chlich mit den Taten zu tun hat\u00ab, sagte auch Reul. Stand jetzt bewerte man die Briefe als authentisch. Das Schreiben mit Namen und Adresse des Mannes enthalte detailliertes T\u00e4terwissen zu den Sabotageakten. Die Familie des Verd\u00e4chtigen best\u00e4tigte gegen\u00fcber der ZEIT, dass es sich um die Handschrift von Daniel V. handle. Reul sagte aber auch: \u00bbWenn jemand seinen Namen druntersetzt, ist er nicht zwingend der Verantwortliche.\u00ab\n<\/p>\n<p class=\"paragraph article__item\">Neben einem m\u00f6glichen linksextremistischen Hintergrund werde weiter auch eine m\u00f6gliche \u00bbfremdstaatlich gesteuerte Sabotage\u00ab nicht ausgeschlossen. Man pr\u00fcfe, ob der Verd\u00e4chtige allein gehandelt habe und ob es <a href=\"https:\/\/www.zeit.de\/politik\/deutschland\/2026-09\/angriffe-stromanlagen-brandenburg-jan-redmann-sabotage-gxe\" target=\"_blank\" rel=\"nofollow noopener\">Verbindungen zu \u00e4hnlichen Vorf\u00e4llen in Brandenburg<\/a> gebe.\n<\/p>\n<p>            Mehrere Gef\u00e4hrdungslagen f\u00fcr Deutschland            <\/p>\n<p class=\"paragraph article__item\">Unbekannte hatten am Dienstag Sabotageakte gegen Umspannwerke in Bergheim bei K\u00f6ln und im brandenburgischen J\u00e4nschwalde ver\u00fcbt. Offenbar wurden feuerwerks\u00e4hnliche Raketen mit leitf\u00e4higem Material \u00fcber H\u00f6chstspannungsleitungen gelenkt, sodass es zu Kurz- beziehungsweise Erdschl\u00fcssen kam. Am <a href=\"https:\/\/www.zeit.de\/gesellschaft\/zeitgeschehen\/2026-09\/umspannwerk-dormagen-verdaechtiger-gegenstand-abschussvorrichtung-polizei\" target=\"_blank\" rel=\"nofollow noopener\">Donnerstag fand die Polizei in NRW in Dormagen und in Weisweiler weitere Abschussvorrichtungen<\/a>.\n<\/p>\n<p>\n                                        Newsletter<br \/>\n                                        Was jetzt, im Osten?<\/p>\n<p class=\"newsletter-signup__text\">Jeden Mittwoch erhalten Sie Nachrichten und Stimmungsbilder zu den Landtagswahlen sowie zum Alltagsleben und zur Kultur im Osten der Republik.<\/p>\n<p class=\"newsletter-signup__datapolicy\" hidden=\"\">\n            Mit Ihrer Registrierung nehmen Sie die <a href=\"https:\/\/datenschutz.zeit.de\/zon#Newsletter\" target=\"_blank\" rel=\"nofollow noopener\">Datenschutzerkl\u00e4rung<\/a> zur Kenntnis.\n        <\/p>\n<p>    Vielen Dank! Wir haben Ihnen eine E-Mail geschickt.<\/p>\n<p>Pr\u00fcfen Sie Ihr Postfach und best\u00e4tigen Sie das Newsletter-Abonnement.<\/p>\n<p class=\"paragraph article__item\">Nach Dobrindts Worten hat Deutschland aktuell \u00bbmit unterschiedlichen Bedrohungs- und Gef\u00e4hrdungslagen gleichzeitig\u00ab zu tun. Dazu geh\u00f6rten Sabotage, Spionage, Cyberangriffe, verdeckte Aktionen, Extremismus und Staatsterrorismus. \u00bb<a href=\"https:\/\/www.zeit.de\/politik\/deutschland\/2026-09\/sabotage-umspannwerke-brandenburg-nrw-infrastruktur\" target=\"_blank\" rel=\"nofollow noopener\">Wir sch\u00fctzen uns zunehmend auch gegen\u00fcber all diesen Bedrohungslagen<\/a>\u00ab, sagte der CSU-Politiker.\n<\/p>\n<p>            Polizeieinsatz in Sachsen            <\/p>\n<p class=\"paragraph article__item\">Im Zusammenhang mit Angriffen auf die Stromversorgung hat die Polizei auch in Sachsen \u00bbunbekannte Sprengvorrichtungen\u00ab entdeckt. \u00bbDie Polizeikr\u00e4fte haben in dem noch laufenden Einsatz an zwei Fundorten vier Objekte gesichert und gehen jetzt die Entsch\u00e4rfung an\u00ab, teilte Innenminister Armin Schuster (CDU) auf Anfrage der Nachrichtenagentur dpa mit.\u00a0Der Polizeieinsatz dauert an. Teilweise seien Polizisten die ganze Nacht \u00fcber mit der Sicherung von Spuren besch\u00e4ftigt gewesen, sagte eine Sprecherin der Polizeidirektion G\u00f6rlitz.\u00a0\n<\/p>\n<p class=\"paragraph article__item\">Hinweise darauf h\u00e4tten sich aus einem Bekennerschreiben ergeben. Unmittelbar nach dessen Eingang seien schon am Donnerstag intensive Suchma\u00dfnahmen eingeleitet worden, sagte Schuster. \u00bbDie s\u00e4chsischen Sicherheitsbeh\u00f6rden stehen mit allen weiteren betroffenen L\u00e4ndern in enger Abstimmung.\u00ab\n<\/p>\n<p class=\"paragraph article__item\">Die Polizeidirektion G\u00f6rlitz hatte einen Einsatz n\u00f6rdlich von Bautzen best\u00e4tigt. <a href=\"https:\/\/www.bild.de\/regional\/sachsen\/wieder-sabatage-alarm-sprengvorrichtungen-in-sachsen-entdeckt-6a9acf1cb3e0470a1975bd58\" target=\"_blank\" rel=\"nofollow noopener\">Die Bild-Zeitung berichtete<\/a><a href=\"https:\/\/www.bild.de\/regional\/sachsen\/wieder-sabatage-alarm-sprengvorrichtungen-in-sachsen-entdeckt-6a9acf1cb3e0470a1975bd58\" target=\"_blank\" rel=\"nofollow noopener\">,<\/a> dass die Anschlagsziele sich an der Grenze zu Brandenburg befinden w\u00fcrden, wo die Firma LEAG Braunkohle f\u00f6rdert und in den Kraftwerken J\u00e4nschwalde und Boxberg in Sachsen verstromt.\n<\/p>\n<p>Mehr zum Thema<\/p>\n<p>                <a href=\"https:\/\/www.zeit.de\/politik\/deutschland\/2026-09\/angriffe-umspannwerke-stromversorgung-bekennerbrief\" data-ct-label=\"Angriffe auf Umspannwerke: \u00bbIch bin der, der Kurzschl\u00fcsse verursacht hat\u00ab\" data-uuid=\"5a8b359f-0cda-440a-b9ae-14dcc4eec550\" rel=\"nofollow noopener\" target=\"_blank\"><\/p>\n<p>        Z+ (abopflichtiger Inhalt);<\/p>\n<p>    Angriffe auf Umspannwerke:<br \/>\n                        \u00bbIch bin der, der Kurzschl\u00fcsse verursacht hat\u00ab<\/p>\n<p>                <\/a><\/p>\n<p>                <a href=\"https:\/\/www.zeit.de\/wirtschaft\/2026-09\/stromversorgung-brandenburg-nordrhein-westfalen-anschlag-stromausfall\" data-ct-label=\"Stromversorgung: So l\u00e4sst sich das Stromnetz besser sch\u00fctzen\" data-uuid=\"b609901f-80eb-49d6-b2a7-4e746794bcac\" rel=\"nofollow noopener\" target=\"_blank\"><\/p>\n<p>        Z+ (abopflichtiger Inhalt);<\/p>\n<p>    Stromversorgung:<br \/>\n                        So l\u00e4sst sich das Stromnetz besser sch\u00fctzen<\/p>\n<p>                <\/a><\/p>\n<p>                <a href=\"https:\/\/www.zeit.de\/politik\/deutschland\/2026-09\/anschlaege-umspannwerke-nrw-brandenburg-sabotage\" data-ct-label=\"Anschl\u00e4ge auf Umspannwerke: Ist es das, wonach es aussieht?\" data-uuid=\"72772a08-cc13-4d95-b516-28ea99ee845f\" rel=\"nofollow noopener\" target=\"_blank\"><\/p>\n<p>        Z+ (abopflichtiger Inhalt);<\/p>\n<p>    Anschl\u00e4ge auf Umspannwerke:<br \/>\n                        Ist es das, wonach es aussieht?<\/p>\n<p>                <\/a><\/p>\n","protected":false},"excerpt":{"rendered":"Die Polizei fahndet weiter nach einem Mann, der Sabotageaktionen gegen das deutsche Stromnetz ver\u00fcbt haben soll. \u00bbWir befinden&hellip;\n","protected":false},"author":2,"featured_media":1281878,"comment_status":"","ping_status":"","sticky":false,"template":"","format":"standard","meta":{"footnotes":"","_share_on_mastodon":"0"},"categories":[5],"tags":[1890,587,13,15016,14,15,1209,16,121,264445,12,1136,10,8,9,11],"class_list":["post-1281877","post","type-post","status-publish","format-standard","has-post-thumbnail","category-nachrichten","tag-brandenburg","tag-ermittlung","tag-headlines","tag-herbert-reul","tag-nachrichten","tag-news","tag-nordrhein-westfalen","tag-politik","tag-polizei","tag-sabotage-an-stromleitungen","tag-schlagzeilen","tag-stromversorgung","tag-top-news","tag-top-meldungen","tag-topmeldungen","tag-topnews"],"share_on_mastodon":{"url":"https:\/\/pubeurope.com\/@de\/117217473749933712","error":""},"_links":{"self":[{"href":"https:\/\/www.europesays.com\/de\/wp-json\/wp\/v2\/posts\/1281877","targetHints":{"allow":["GET"]}}],"collection":[{"href":"https:\/\/www.europesays.com\/de\/wp-json\/wp\/v2\/posts"}],"about":[{"href":"https:\/\/www.europesays.com\/de\/wp-json\/wp\/v2\/types\/post"}],"author":[{"embeddable":true,"href":"https:\/\/www.europesays.com\/de\/wp-json\/wp\/v2\/users\/2"}],"replies":[{"embeddable":true,"href":"https:\/\/www.europesays.com\/de\/wp-json\/wp\/v2\/comments?post=1281877"}],"version-history":[{"count":0,"href":"https:\/\/www.europesays.com\/de\/wp-json\/wp\/v2\/posts\/1281877\/revisions"}],"wp:featuredmedia":[{"embeddable":true,"href":"https:\/\/www.europesays.com\/de\/wp-json\/wp\/v2\/media\/1281878"}],"wp:attachment":[{"href":"https:\/\/www.europesays.com\/de\/wp-json\/wp\/v2\/media?parent=1281877"}],"wp:term":[{"taxonomy":"category","embeddable":true,"href":"https:\/\/www.europesays.com\/de\/wp-json\/wp\/v2\/categories?post=1281877"},{"taxonomy":"post_tag","embeddable":true,"href":"https:\/\/www.europesays.com\/de\/wp-json\/wp\/v2\/tags?post=1281877"}],"curies":[{"name":"wp","href":"https:\/\/api.w.org\/{rel}","templated":true}]}}