{"id":1281881,"date":"2026-09-05T08:26:01","date_gmt":"2026-09-05T08:26:01","guid":{"rendered":"https:\/\/www.europesays.com\/de\/1281881\/"},"modified":"2026-09-05T08:26:01","modified_gmt":"2026-09-05T08:26:01","slug":"drei-tore-in-fuenf-minuten-fruehe-rote-karte-besiegelt-ingolstadts-niederlage-gegen-aachen","status":"publish","type":"post","link":"https:\/\/www.europesays.com\/de\/1281881\/","title":{"rendered":"Drei Tore in f\u00fcnf Minuten: Fr\u00fche Rote Karte besiegelt Ingolstadts Niederlage gegen Aachen"},"content":{"rendered":"<p>            <img loading=\"lazy\" decoding=\"async\" class=\"ts-image\" src=\"https:\/\/www.europesays.com\/de\/wp-content\/uploads\/2026\/09\/br-ingolstadts-elias-decker-muss-nach-seiner-roten-karte-vom-platz-100.jpg\" alt=\"Ingolstadts Elias Decker muss nach seiner Roten Karte vom Platz\" title=\"Ingolstadts Elias Decker muss nach seiner Roten Karte vom Platz | picture alliance \/ Eibner-Pressefoto | Eibner-Pressefoto\/Oliver STRISCH\"\/><\/p>\n<p class=\"metatextline\">Stand: 04.09.2026 \u2022 22:02 Uhr<\/p>\n<p class=\"article-head__shorttext\">\n        <strong>Fr\u00fcher Platzverweis, drei Gegentore in f\u00fcnf Minuten: Der FC Ingolstadt erlebt gegen Alemannia Aachen einen gebrauchten Abend. Nach der Roten Karte gegen Elias Decker war die Partie bereits in der Anfangsphase entschieden.<\/strong>\n    <\/p>\n<p class=\"textabsatz m-ten m-offset-one l-eight l-offset-two columns twelve\">Der FC Ingolstadt hat im vierten Saisonspiel die erste Niederlage kassiert. Die Mannschaft von Trainerin Sabrina Wittmann unterlag Alemannia Aachen im heimischen Audi Sportpark mit 0:3. Eine Rote Karte gegen Elias Decker und drei Gegentore innerhalb von f\u00fcnf Minuten entschieden die Partie bereits in der Anfangsphase.<\/p>\n<p>    Wittmann ver\u00e4ndert Startelf<\/p>\n<p class=\"textabsatz m-ten m-offset-one l-eight l-offset-two columns twelve\">Nach dem <a href=\"https:\/\/www.br.de\/nachrichten\/sport\/fussball-3-liga-fc-ingolstadt-feiert-gegen-grossaspach-ersten-ligasieg-der-saison-trotz-unterzahl,VTg4Zyj\" title=\"2:0 bei Aufsteiger Sonnenhof Gro\u00dfaspach\" class=\"textlink--extern\" target=\"_blank\" rel=\"noopener nofollow\">2:0 bei Aufsteiger Sonnenhof Gro\u00dfaspach<\/a> nahm Wittmann drei \u00c4nderungen vor. Decker r\u00fcckte ins Zentrum der Viererkette, Plath begann auf der Doppelsechs, Velupillay links offensiv. Bennetts fehlte gesperrt, Lorenz und Ugondu verletzt.<\/p>\n<p class=\"textabsatz m-ten m-offset-one l-eight l-offset-two columns twelve\">Aachens Trainer Mersad Selimbegovic stellte nach dem 0:3 gegen Meppen auf vier Positionen um. Wagner r\u00fcckte in die Dreierkette, Neuzugang Oehmichen begann auf der Schiene. Au\u00dferdem starteten Jung, K\u00f6ster und Loune.<\/p>\n<p>    Decker sieht fr\u00fch Rot<\/p>\n<p class=\"textabsatz m-ten m-offset-one l-eight l-offset-two columns twelve\">Ingolstadt startete ordentlich und kam durch Carlsens Freisto\u00df fr\u00fch zu einem Abschluss. Dann kippte die Partie innerhalb weniger Minuten.<\/p>\n<p class=\"textabsatz m-ten m-offset-one l-eight l-offset-two columns twelve\">Oehmichen wurde mit einem Pass in die Tiefe geschickt und von Decker kurz vor dem Strafraum zu Fall gebracht. Schiedsrichter Florian Lechner wertete den Ingolst\u00e4dter als letzten Verteidiger und zeigte Rot (4.).<\/p>\n<p class=\"textabsatz m-ten m-offset-one l-eight l-offset-two columns twelve\">Den anschlie\u00dfenden Freisto\u00df verwandelte Lukas Scepanik sehenswert zur F\u00fchrung (6.). Nur zwei Minuten sp\u00e4ter erh\u00f6hte Mika Schroers nach Vorarbeit von Oehmichen auf 2:0 (8.).<\/p>\n<p class=\"textabsatz m-ten m-offset-one l-eight l-offset-two columns twelve\">Wittmann reagierte und brachte f\u00fcr G\u00fcl den defensiveren Lukas Fr\u00f6de. Die Neuordnung griff jedoch nicht: Louis K\u00f6ster traf nach einem langen Pass und einem Fehler in der Ingolst\u00e4dter Restverteidigung zum 3:0 (11.).<\/p>\n<p>    Aachen nutzt \u00dcberzahl<\/p>\n<p class=\"textabsatz m-ten m-offset-one l-eight l-offset-two columns twelve\">Nach nur elf Minuten lag der FCI 0:3 zur\u00fcck und spielte zudem in Unterzahl. Anschlie\u00dfend stabilisierten sich die Gastgeber zwar, offensiv gelang jedoch wenig. Carlsen pr\u00fcfte Baji\u0107 noch einmal, ernsthaft in Gefahr geriet Aachens Tor aber nicht.<\/p>\n<p class=\"textabsatz m-ten m-offset-one l-eight l-offset-two columns twelve\">Die G\u00e4ste kontrollierten das Spiel und kamen durch Oehmichen mehrfach zu weiteren M\u00f6glichkeiten. Die beste vergab der Neuzugang in der 38. Minute, als er nach Vorarbeit von K\u00f6ster am langen Eck vorbeischoss.<\/p>\n<p>    FCI bleibt harmlos<\/p>\n<p class=\"textabsatz m-ten m-offset-one l-eight l-offset-two columns twelve\">Nach der Pause verteidigte Ingolstadt zun\u00e4chst konzentrierter und lie\u00df kaum noch Chancen zu. Offensiv blieben die Schanzer allerdings ideenlos. Die beste M\u00f6glichkeit vergab Velupillay, dessen Zuspiel auf den freistehenden Carlsen zu ungenau geriet (57.).<\/p>\n<p class=\"textabsatz m-ten m-offset-one l-eight l-offset-two columns twelve\">Aachen kontrollierte das Geschehen, ohne auf das vierte Tor zu dr\u00e4ngen. Die G\u00e4ste spielten ihren Vorsprung souver\u00e4n herunter und lie\u00dfen defensiv kaum noch etwas zu.<\/p>\n<p>    Aachen zieht vorbei<\/p>\n<p class=\"textabsatz m-ten m-offset-one l-eight l-offset-two columns twelve\">Mit der ersten Saisonniederlage endet Ingolstadts ungeschlagener Start in die Spielzeit. Die Schanzer bleiben bei f\u00fcnf Punkten. Aachen erh\u00f6ht sein Konto auf sieben Z\u00e4hler und zieht in der Tabelle am FC Ingolstadt vorbei.<\/p>\n<p class=\"textabsatz m-ten m-offset-one l-eight l-offset-two columns twelve\">Tabellenf\u00fchrung und Abstiegskampf, aktuelle Spielpaarungen, Ergebnisse und Liveticker, Torj\u00e4gerlisten, Laufleistung- sowie Zweikampfstatistiken und noch viel mehr: Fu\u00dfball im Ergebniscenter von BR24Sport.<\/p>\n<p class=\"textabsatz m-ten m-offset-one l-eight l-offset-two columns twelve\">Quelle: BR24Sport 04.09.2026 &#8211; 19:23 Uhr<\/p>\n<p>                                        <a class=\"backlink__link\" href=\"https:\/\/www.br.de\/nachrichten\/sport\/fc-ingolstadt-verliert-gegen-alemannia-aachen-nach-frueher-roter-karte-mit-0-3,VUH047j\" rel=\"nofollow noopener\" target=\"_blank\"><\/p>\n<p>                                                <img decoding=\"async\" src=\"https:\/\/images.sportschau.de\/image\/05fe9eb0-903d-4c3a-83ba-894c6893cc80\/AAABlap_YQI\/AAABnR8VW9w\/original\/lra-br-logo-100.svg\" alt=\"Bayerischer Rundfunk\"\/><\/p>\n<p>                                        <\/a><\/p>\n","protected":false},"excerpt":{"rendered":"Stand: 04.09.2026 \u2022 22:02 Uhr Fr\u00fcher Platzverweis, drei Gegentore in f\u00fcnf Minuten: Der FC Ingolstadt erlebt gegen Alemannia&hellip;\n","protected":false},"author":2,"featured_media":1281882,"comment_status":"","ping_status":"","sticky":false,"template":"","format":"standard","meta":{"footnotes":"","_share_on_mastodon":"0"},"categories":[1853],"tags":[995,1424,999,3204,3364,29,548,663,3934,5955,347,30,13,14,15,1209,12],"class_list":["post-1281881","post","type-post","status-publish","format-standard","has-post-thumbnail","category-aachen","tag-3-liga","tag-aachen","tag-alemannia-aachen","tag-br","tag-de","tag-deutschland","tag-eu","tag-europa","tag-europe","tag-fc-ingolstadt-04","tag-fussball","tag-germany","tag-headlines","tag-nachrichten","tag-news","tag-nordrhein-westfalen","tag-schlagzeilen"],"share_on_mastodon":{"url":"https:\/\/pubeurope.com\/@de\/117217488532776503","error":""},"_links":{"self":[{"href":"https:\/\/www.europesays.com\/de\/wp-json\/wp\/v2\/posts\/1281881","targetHints":{"allow":["GET"]}}],"collection":[{"href":"https:\/\/www.europesays.com\/de\/wp-json\/wp\/v2\/posts"}],"about":[{"href":"https:\/\/www.europesays.com\/de\/wp-json\/wp\/v2\/types\/post"}],"author":[{"embeddable":true,"href":"https:\/\/www.europesays.com\/de\/wp-json\/wp\/v2\/users\/2"}],"replies":[{"embeddable":true,"href":"https:\/\/www.europesays.com\/de\/wp-json\/wp\/v2\/comments?post=1281881"}],"version-history":[{"count":0,"href":"https:\/\/www.europesays.com\/de\/wp-json\/wp\/v2\/posts\/1281881\/revisions"}],"wp:featuredmedia":[{"embeddable":true,"href":"https:\/\/www.europesays.com\/de\/wp-json\/wp\/v2\/media\/1281882"}],"wp:attachment":[{"href":"https:\/\/www.europesays.com\/de\/wp-json\/wp\/v2\/media?parent=1281881"}],"wp:term":[{"taxonomy":"category","embeddable":true,"href":"https:\/\/www.europesays.com\/de\/wp-json\/wp\/v2\/categories?post=1281881"},{"taxonomy":"post_tag","embeddable":true,"href":"https:\/\/www.europesays.com\/de\/wp-json\/wp\/v2\/tags?post=1281881"}],"curies":[{"name":"wp","href":"https:\/\/api.w.org\/{rel}","templated":true}]}}