{"id":1281883,"date":"2026-09-05T08:27:23","date_gmt":"2026-09-05T08:27:23","guid":{"rendered":"https:\/\/www.europesays.com\/de\/1281883\/"},"modified":"2026-09-05T08:27:23","modified_gmt":"2026-09-05T08:27:23","slug":"kreuzfahrtriese-mein-schiff-relax-kommt-nach-kiel-besonderes-detail","status":"publish","type":"post","link":"https:\/\/www.europesays.com\/de\/1281883\/","title":{"rendered":"Kreuzfahrtriese Mein Schiff Relax kommt nach Kiel \u2013 besonderes Detail"},"content":{"rendered":"<p>Minus 110 Grad an Bord <\/p>\n<p>Kreuzfahrtriese mit Extrem-K\u00e4ltekammer l\u00e4uft Kiel an<\/p>\n<p>05.09.2026 &#8211; 09:01 UhrLesedauer: 2 Min.<\/p>\n<p><a href=\"#focus-0\" class=\"transition-colors block text-current relative\" data-sctrack=\"FocusGalleryImage.Reference\"><img fetchpriority=\"high\" data-testid=\"Opener.Image\"   loading=\"eager\" src=\"https:\/\/www.europesays.com\/de\/wp-content\/uploads\/2026\/09\/kiel-sommerimpressionen-port-of-kiel-kreuzfahrthafen-kiel-summer-scenes-port-of-kiel-cruise-terminal.jpeg\" alt=\"imago images 0863385450\" title=\"imago images 0863385450\" width=\"7295\" height=\"4103\" class=\"bg-[url:var(--lqipURL)] bg-cover bg-center flex h-full w-full max-w-full\" style=\"--lqipURL:url('https:\/\/images.t-online.de\/2026\/09\/u00kwBAmE823\/0x380:7295x4103\/fit-in\/150x0\/filters:blur(25)\/kiel-sommerimpressionen-port-of-kiel-kreuzfahrthafen-kiel-summer-scenes-port-of-kiel-cruise-terminal.jpg')\" decoding=\"async\"\/><img loading=\"lazy\" src=\"https:\/\/www.t-online.de\/s\/paper\/_next\/static\/media\/zoom-in.f7dae02f.svg\" alt=\"Vergr\u00f6\u00dfern des Bildes\" title=\"Vergr\u00f6\u00dfern des Bildes\" class=\"block h-[calc(var(--height)_\/_16_*_1rem)] w-[calc(var(--width)_\/_16_*_1rem)] max-w-none absolute right-8 bottom-8 rounded-4 bg-snow p-8\" style=\"--width:32;--height:32\" decoding=\"async\"\/><\/a><\/p>\n<p>Die &#8222;Mein Schiff Relax&#8220; (Archivbild): Der fast 333 Meter lange Kreuzfahrtriese kommt am 16. September nach Kiel. (Quelle: IMAGO\/Petra Nowack\/imago)<\/p>\n<p><img loading=\"lazy\" src=\"https:\/\/www.t-online.de\/s\/paper\/_next\/static\/media\/audio-volume.6689034c.svg\" alt=\"\" title=\"\" class=\"block h-[calc(var(--height)_\/_16_*_1rem)] w-[calc(var(--width)_\/_16_*_1rem)] max-w-none group-hover:brightness-0 group-hover:invert\" style=\"--width:16;--height:16\" decoding=\"async\"\/>Vorlesen<\/p>\n<p>Aktuelle Zeit:0:00Gesamtdauer:0:00<\/p>\n<p>1x<img loading=\"lazy\" src=\"https:\/\/www.t-online.de\/s\/paper\/_next\/static\/media\/font-sizes.32942e33.svg\" alt=\"\" title=\"\" class=\"block h-[calc(var(--height)_\/_16_*_1rem)] w-[calc(var(--width)_\/_16_*_1rem)] max-w-none group-hover:hidden group-aria-expanded:hidden\" style=\"--width:16;--height:16\" decoding=\"async\"\/><img loading=\"lazy\" src=\"https:\/\/www.t-online.de\/s\/paper\/_next\/static\/media\/font-sizes-dark-mode.e382645c.svg\" alt=\"\" title=\"\" class=\"block h-[calc(var(--height)_\/_16_*_1rem)] w-[calc(var(--width)_\/_16_*_1rem)] max-w-none hidden group-hover:block group-aria-expanded:block\" style=\"--width:16;--height:16\" decoding=\"async\"\/><img loading=\"lazy\" src=\"https:\/\/www.t-online.de\/s\/paper\/_next\/static\/media\/sharing-menu-icon.1eb71368.svg\" alt=\"\" title=\"\" class=\"block h-[calc(var(--height)_\/_16_*_1rem)] w-[calc(var(--width)_\/_16_*_1rem)] max-w-none group-hover:brightness-0 group-hover:invert\" style=\"--width:16;--height:16\" decoding=\"async\"\/>Artikel teilen<\/p>\n<p class=\"font-bold text-18 leading-17 user-text-lg:text-22 user-text-xl:text-24\">Fast 333 Meter lang, knapp 4.000 Passagiere \u2013 und an Bord wird es extrem kalt: Die &#8222;Mein Schiff Relax&#8220; macht im September wieder in Kiel fest.<\/p>\n<p class=\"text-18 leading-17 user-text-lg:text-22 user-text-xl:text-24\">Ein au\u00dfergew\u00f6hnlich ausgestatteter Kreuzfahrtriese kommt am Mittwoch (16. September) nach Kiel. Die &#8222;Mein Schiff Relax&#8220; soll am fr\u00fchen Morgen aus Kopenhagen eintreffen und um 6.30 Uhr am Ostseekai festmachen.<\/p>\n<p class=\"text-18 leading-17 user-text-lg:text-22 user-text-xl:text-24\">Bis 19 Uhr bleibt das fast 333 Meter lange Schiff in der F\u00f6rdestadt. Anschlie\u00dfend geht die Reise weiter nach Oslo.<\/p>\n<p class=\"text-18 leading-17 user-text-lg:text-22 user-text-xl:text-24\">Doch eine der ungew\u00f6hnlichsten Besonderheiten der &#8222;Mein Schiff Relax&#8220; verbirgt sich tief im Inneren des Schiffs: Im SPA- und Sportbereich befindet sich eine K\u00e4ltekammer mit Temperaturen von bis zu minus 110 Grad Celsius.<\/p>\n<p>In dieser Kammer wird es minus 110 Grad kalt<\/p>\n<p class=\"text-18 leading-17 user-text-lg:text-22 user-text-xl:text-24\">TUI Cruises bietet darin sogenannte Kryotherapie-Anwendungen an. Dabei halten sich G\u00e4ste f\u00fcr kurze Zeit in extremer K\u00e4lte auf. Die Anwendungen geh\u00f6ren zum Wellness- und Sportangebot des Kreuzfahrtschiffs.<\/p>\n<p class=\"text-18 leading-17 user-text-lg:text-22 user-text-xl:text-24\">Die Extrem-K\u00e4ltekammer ist nicht das einzige ungew\u00f6hnliche Angebot an Bord. Auf einem Au\u00dfendeck befindet sich eine Fasssauna mit Meerblick. Zudem verf\u00fcgt die &#8222;Mein Schiff Relax&#8220; \u00fcber einen 25 Meter langen Au\u00dfenpool sowie einen Infinity-Pool.<\/p>\n<p class=\"text-18 leading-17 user-text-lg:text-22 user-text-xl:text-24\">Das Schiff ist der erste Neubau der neuen InTUItion-Klasse von TUI Cruises. Mit einer L\u00e4nge von 332,7 Metern geh\u00f6rt es zu den gr\u00f6\u00dften Schiffen der Flotte.<\/p>\n<p>Neuer Kreuzfahrtriese bleibt mehr als zw\u00f6lf Stunden in Kiel<\/p>\n<p class=\"text-18 leading-17 user-text-lg:text-22 user-text-xl:text-24\">Bei der &#8222;Mein Schiff Relax&#8220; wurde auch das Kabinenkonzept ver\u00e4ndert. Erstmals bietet TUI Cruises auf einem Schiff dieser Klasse unter anderem spezielle Balkon-, Au\u00dfen- und Innenkabinen f\u00fcr Alleinreisende an.<\/p>\n<p class=\"text-18 leading-17 user-text-lg:text-22 user-text-xl:text-24\">F\u00fcr Kieler bleibt am 16. September reichlich Gelegenheit, den Neubau zu sehen. Zwischen der geplanten Ankunft um 6.30 Uhr und der Abfahrt um 19 Uhr liegen rund zw\u00f6lfeinhalb Stunden.<\/p>\n<p class=\"text-18 leading-17 user-text-lg:text-22 user-text-xl:text-24\">Die Liegezeiten k\u00f6nnen sich je nach Wetter, Verkehr und Betriebsablauf kurzfristig ver\u00e4ndern.<\/p>\n","protected":false},"excerpt":{"rendered":"Minus 110 Grad an Bord Kreuzfahrtriese mit Extrem-K\u00e4ltekammer l\u00e4uft Kiel an 05.09.2026 &#8211; 09:01 UhrLesedauer: 2 Min. Die&hellip;\n","protected":false},"author":2,"featured_media":1281884,"comment_status":"","ping_status":"","sticky":false,"template":"","format":"standard","meta":{"footnotes":"","_share_on_mastodon":"0"},"categories":[1852],"tags":[722,3364,29,548,663,3934,30,13,4949,2914,30915,29905,14,15,13341,6402,12,1971,29906],"class_list":["post-1281883","post","type-post","status-publish","format-standard","has-post-thumbnail","category-kiel","tag-722","tag-de","tag-deutschland","tag-eu","tag-europa","tag-europe","tag-germany","tag-headlines","tag-kiel","tag-kopenhagen","tag-kreuzfahrtriese","tag-mein-schiff","tag-nachrichten","tag-news","tag-oslo","tag-schiff","tag-schlagzeilen","tag-schleswig-holstein","tag-tui-cruises"],"share_on_mastodon":{"url":"https:\/\/pubeurope.com\/@de\/117217491355493667","error":""},"_links":{"self":[{"href":"https:\/\/www.europesays.com\/de\/wp-json\/wp\/v2\/posts\/1281883","targetHints":{"allow":["GET"]}}],"collection":[{"href":"https:\/\/www.europesays.com\/de\/wp-json\/wp\/v2\/posts"}],"about":[{"href":"https:\/\/www.europesays.com\/de\/wp-json\/wp\/v2\/types\/post"}],"author":[{"embeddable":true,"href":"https:\/\/www.europesays.com\/de\/wp-json\/wp\/v2\/users\/2"}],"replies":[{"embeddable":true,"href":"https:\/\/www.europesays.com\/de\/wp-json\/wp\/v2\/comments?post=1281883"}],"version-history":[{"count":0,"href":"https:\/\/www.europesays.com\/de\/wp-json\/wp\/v2\/posts\/1281883\/revisions"}],"wp:featuredmedia":[{"embeddable":true,"href":"https:\/\/www.europesays.com\/de\/wp-json\/wp\/v2\/media\/1281884"}],"wp:attachment":[{"href":"https:\/\/www.europesays.com\/de\/wp-json\/wp\/v2\/media?parent=1281883"}],"wp:term":[{"taxonomy":"category","embeddable":true,"href":"https:\/\/www.europesays.com\/de\/wp-json\/wp\/v2\/categories?post=1281883"},{"taxonomy":"post_tag","embeddable":true,"href":"https:\/\/www.europesays.com\/de\/wp-json\/wp\/v2\/tags?post=1281883"}],"curies":[{"name":"wp","href":"https:\/\/api.w.org\/{rel}","templated":true}]}}