{"id":1281894,"date":"2026-09-05T08:37:18","date_gmt":"2026-09-05T08:37:18","guid":{"rendered":"https:\/\/www.europesays.com\/de\/1281894\/"},"modified":"2026-09-05T08:37:18","modified_gmt":"2026-09-05T08:37:18","slug":"augsburg-an-dieses-plaerrer-kult-karussell-haben-fast-alle-augsburger-eine-besondere-erinnerung","status":"publish","type":"post","link":"https:\/\/www.europesays.com\/de\/1281894\/","title":{"rendered":"Augsburg: An dieses Pl\u00e4rrer-Kult-Karussell haben fast alle Augsburger eine besondere Erinnerung"},"content":{"rendered":"<p class=\"mb-6 text-xs-varying md:text-m lg:text-l font-serif group-[.font-sans]:font-sans \">\n    Mit unserer Reihe \u201eAugsburger Anekdoten\u201c erz\u00e4hlen wir kleine Geschichten mitten aus dem Leben unserer Stadt.\n  <\/p>\n<p class=\"mb-6 text-xs-varying md:text-m lg:text-l font-serif group-[.font-sans]:font-sans \">\n    <strong class=\"font-bold\">50 Jahre Leopardenspur. <\/strong>Manche Erinnerungen verblassen \u2013 zumindest auf Fotopapier. Als der damals 13-j\u00e4hrige Gerhard Spang am 10. September 1976 auf den <a href=\"https:\/\/www.augsburger-allgemeine.de\/veranstaltungen\/aa-augsburger-plaerrer\" target=\"_self\" class=\"underline \" rel=\"nofollow noopener\">Augsburger Pl\u00e4rrer<\/a> ging, hatte er seine Kamera dabei. Der begeisterte Fahrgesch\u00e4ft-Fan wollte seine Fotosammlung um die damals neue Leopardenspur erweitern.\n  <\/p>\n<p class=\"mb-6 text-xs-varying md:text-m lg:text-l font-serif group-[.font-sans]:font-sans \">\n    Das Fahrprinzip war zwar schon bekannt, doch der au\u00dfergew\u00f6hnliche Name und die farbenpr\u00e4chtige Gestaltung machten das Karussell zu etwas Besonderem, wie der Augsburger uns heute schreibt. Wie rasant es dort zuging, l\u00e4sst das Bild leider nur erahnen. Daf\u00fcr h\u00e4lt es einen Moment fest, der nun 50 Jahre zur\u00fcckliegt. Danke f\u00fcr die Einsendung! <a href=\"https:\/\/www.augsburger-allgemeine.de\/augsburg\/augsburg-herbst-plaerrer-2026-preise-adresse-fahrgeschaefte-was-ist-neu-2-115038381\" target=\"_self\" class=\"underline \" rel=\"nofollow noopener\">Beim diesj\u00e4hrigen Herbstpl\u00e4rrer<\/a> ist das Karussell noch bis zum 13. September zu erleben.\n  <\/p>\n<p class=\"mb-6 text-xs-varying md:text-m lg:text-l font-serif group-[.font-sans]:font-sans \">\n    ***\n  <\/p>\n<p class=\"mb-6 text-xs-varying md:text-m lg:text-l font-serif group-[.font-sans]:font-sans \">\n    <strong class=\"font-bold\">Der Schlankere rutscht nach. <\/strong>Bleiben wir bei der Leopardenspur. Nicht nur, dass fast jeder Augsburger eine Erinnerung daran hat, jeder wei\u00df auch, wie die Sitzordnung geh\u00f6rt \u2013 eigentlich: Am Rand sitzt der, dem man gerne n\u00e4herr\u00fccken m\u00f6chte. Am Rand sitzt aber auch der, der etwas gewichtiger ist als der andere. \u201eBei uns war es genau andersherum: Ich sa\u00df innen und mein deutlich leichterer Kumpel au\u00dfen\u201c, erinnert sich Leser Tobias Steinle. Durch die Geschwindigkeit wurde er so stark nach au\u00dfen gedr\u00fcckt, dass er irgendwann keine Chance mehr hatte, sich wieder nach innen zu ziehen. \u201eSo habe ich meinen Kumpel gef\u00fchlt zehn Minuten lang an die Au\u00dfenwand gedr\u00fcckt und ordentlich zerquetscht. Ich konnte mich wirklich nicht mehr zusammenrei\u00dfen vor Lachen.\u201c Er und sein Kumpel, sagt Steinle, k\u00f6nnen bis heute dar\u00fcber lachen. Ob sie allerdings noch zusammen Leopardenspur fahren, hat er uns nicht verraten\u00a0\u2026\n  <\/p>\n<p class=\"mb-6 text-xs-varying md:text-m lg:text-l font-serif group-[.font-sans]:font-sans \">\n    ***\n  <\/p>\n<p>    <img decoding=\"async\" src=\"https:\/\/www.europesays.com\/de\/wp-content\/uploads\/2026\/09\/wertach.jpg\" alt=\"Auf einem Plakat an der Wertachbr\u00fccke in Oberhausen wird Unzufriedenheit mit der Politik ausgedr\u00fcckt.\" title=\"Auf einem Plakat an der Wertachbr\u00fccke in Oberhausen wird Unzufriedenheit mit der Politik ausgedr\u00fcckt.\" loading=\"lazy\" class=\"h-full w-full object-cover\"\/><\/p>\n<p>      Icon vergr\u00f6\u00dfern<\/p>\n<p>    Auf einem Plakat an der Wertachbr\u00fccke in Oberhausen wird Unzufriedenheit mit der Politik ausgedr\u00fcckt.<br \/>\n    Foto: Ina Marks<\/p>\n<p>        Schlie\u00dfen <\/p>\n<p>      Icon Schlie\u00dfen<\/p>\n<p>        Icon vergr\u00f6\u00dfern<\/p>\n<p>        Icon verkleinern<\/p>\n<p>      Icon Pfeil bewegen<\/p>\n<p>    Auf einem Plakat an der Wertachbr\u00fccke in Oberhausen wird Unzufriedenheit mit der Politik ausgedr\u00fcckt.<br \/>\n    Foto: Ina Marks<\/p>\n<p class=\"mb-6 text-xs-varying md:text-m lg:text-l font-serif group-[.font-sans]:font-sans \">\n    <strong class=\"font-bold\">Transparente Kritik.<\/strong> Unzufrieden mit der Politik scheinen diejenigen zu sein, die dieses Plakat an der Wertach aufgeh\u00e4ngt haben. \u201eVon flei\u00dfigen wird \u20ac verlangt der faule kriegt es in die Hand\u201c, steht in knallroter Schrift darauf zu lesen. Der Ort des wilden Plakats ist vielleicht nicht zuf\u00e4llig gew\u00e4hlt. Das Transparent ist in Oberhausen unterhalb der Wertachbr\u00fccke an einem Fu\u00dfweg angebracht. Augenzeugen berichten immer wieder, dass in diesem Bereich Drogen konsumiert werden oder auch gedealt wird. Der neue S\u00fcchtigentreff in St. Johannes befindet sich in der N\u00e4he. Ein Zusammenhang zwischen dem plakativen Vorwurf und der aktuellen Situation dort liegt nahe.\n  <\/p>\n","protected":false},"excerpt":{"rendered":"Mit unserer Reihe \u201eAugsburger Anekdoten\u201c erz\u00e4hlen wir kleine Geschichten mitten aus dem Leben unserer Stadt. 50 Jahre Leopardenspur.&hellip;\n","protected":false},"author":2,"featured_media":1281895,"comment_status":"","ping_status":"","sticky":false,"template":"","format":"standard","meta":{"footnotes":"","_share_on_mastodon":"0"},"categories":[1846],"tags":[135829,680,198083,772,3364,29,548,663,3934,7824,264447,30,13,3523,260443,14,15,3728,16,12,264446,139580],"class_list":["post-1281894","post","type-post","status-publish","format-standard","has-post-thumbnail","category-augsburg","tag-anekdote","tag-augsburg","tag-augsburger-plaerrer","tag-bayern","tag-de","tag-deutschland","tag-eu","tag-europa","tag-europe","tag-fahrgeschaeft","tag-gerhard-spang","tag-germany","tag-headlines","tag-kamera","tag-leopardenspur","tag-nachrichten","tag-news","tag-oberhausen","tag-politik","tag-schlagzeilen","tag-tobias-steinle","tag-wertach"],"share_on_mastodon":{"url":"https:\/\/pubeurope.com\/@de\/117217530263992099","error":""},"_links":{"self":[{"href":"https:\/\/www.europesays.com\/de\/wp-json\/wp\/v2\/posts\/1281894","targetHints":{"allow":["GET"]}}],"collection":[{"href":"https:\/\/www.europesays.com\/de\/wp-json\/wp\/v2\/posts"}],"about":[{"href":"https:\/\/www.europesays.com\/de\/wp-json\/wp\/v2\/types\/post"}],"author":[{"embeddable":true,"href":"https:\/\/www.europesays.com\/de\/wp-json\/wp\/v2\/users\/2"}],"replies":[{"embeddable":true,"href":"https:\/\/www.europesays.com\/de\/wp-json\/wp\/v2\/comments?post=1281894"}],"version-history":[{"count":0,"href":"https:\/\/www.europesays.com\/de\/wp-json\/wp\/v2\/posts\/1281894\/revisions"}],"wp:featuredmedia":[{"embeddable":true,"href":"https:\/\/www.europesays.com\/de\/wp-json\/wp\/v2\/media\/1281895"}],"wp:attachment":[{"href":"https:\/\/www.europesays.com\/de\/wp-json\/wp\/v2\/media?parent=1281894"}],"wp:term":[{"taxonomy":"category","embeddable":true,"href":"https:\/\/www.europesays.com\/de\/wp-json\/wp\/v2\/categories?post=1281894"},{"taxonomy":"post_tag","embeddable":true,"href":"https:\/\/www.europesays.com\/de\/wp-json\/wp\/v2\/tags?post=1281894"}],"curies":[{"name":"wp","href":"https:\/\/api.w.org\/{rel}","templated":true}]}}