{"id":1281909,"date":"2026-09-05T08:48:15","date_gmt":"2026-09-05T08:48:15","guid":{"rendered":"https:\/\/www.europesays.com\/de\/1281909\/"},"modified":"2026-09-05T08:48:15","modified_gmt":"2026-09-05T08:48:15","slug":"wuelfrath-kita-arche-noah-bietet-treff-und-dino-exkursion-an","status":"publish","type":"post","link":"https:\/\/www.europesays.com\/de\/1281909\/","title":{"rendered":"W\u00fclfrath: Kita Arche Noah bietet Treff und Dino-Exkursion an"},"content":{"rendered":"<p class=\"text_ohne_einzug richtext text-em-55 !leading-serif mx-6 desktop:mx-0\"> Wer die Familienzeit mit gemeinsamen Spielen und dem Entdecken von Neuem verbringen m\u00f6chte, der findet eine passende Aktivit\u00e4t beim Familienzentrum Arche Noah. Die Kita des Caritasverbandes f\u00fcr den Kreis <a href=\"https:\/\/rp-online.de\/thema\/mettmann\/\" rel=\"nofollow noopener\" target=\"_blank\">Mettmann<\/a> bietet im September zwei Angebote f\u00fcr Familien \u2013 auch au\u00dferhalb der Kita \u2013 an.<\/p>\n<p class=\"richtext text-em-55 !leading-serif mx-6 desktop:mx-0\">Mit dem \u201eLittle Arche\u201c-Treff startet am Montag, 7. September, ein regelm\u00e4\u00dfiges Angebot f\u00fcr M\u00fctter, V\u00e4ter und andere Bezugspersonen mit Kindern von null bis drei Jahren. Jeden Montag von 9.45 bis 11.15 Uhr k\u00f6nnen die Kleinen in einer festen, kindgerechten Struktur spielen, entdecken und erste soziale Erfahrungen sammeln. Lieder, Spiele und kreative Angebote liefern zudem Anregungen f\u00fcr den Familienalltag zu Hause. Begleitet wird die Gruppe von Erzieherin Laura Sosnowski, p\u00e4dagogische Fachkraft mit Schwerpunkt Inklusion.<\/p>\n<p class=\"richtext text-em-55 !leading-serif mx-6 desktop:mx-0\">Auf gro\u00dfe Dino-Expedition geht es am Freitag, 18. September, von 15 bis 18 Uhr. Familien mit Kindern ab vier Jahren sind eingeladen, sich gemeinsam auf die Spuren geheimnisvoller Dinosaurier zu begeben. Quer durch den Wald gilt es, Dinosauriereier zu finden, Herausforderungen zu meistern und R\u00e4tsel zu l\u00f6sen. Begleitet wird das Abenteuer von Gregor Undorf.<\/p>\n","protected":false},"excerpt":{"rendered":"Wer die Familienzeit mit gemeinsamen Spielen und dem Entdecken von Neuem verbringen m\u00f6chte, der findet eine passende Aktivit\u00e4t&hellip;\n","protected":false},"author":2,"featured_media":1281910,"comment_status":"","ping_status":"","sticky":false,"template":"","format":"standard","meta":{"footnotes":"","_share_on_mastodon":"0"},"categories":[1840],"tags":[264452,264453,147029,5114,147492,39327,3364,29,3001,5431,12565,15657,1117,30,3491,15946,79913,1209,27167,4418],"class_list":["post-1281909","post","type-post","status-publish","format-standard","has-post-thumbnail","category-wuppertal","tag-22kita","tag-3akita","tag-40caritas","tag-angebot","tag-arche","tag-begleitet","tag-de","tag-deutschland","tag-entdecken","tag-familien","tag-familienalltag","tag-familienzeit","tag-familienzentrum","tag-germany","tag-kita","tag-mettmann","tag-noah","tag-nordrhein-westfalen","tag-wuelfrath","tag-wuppertal"],"share_on_mastodon":{"url":"","error":""},"_links":{"self":[{"href":"https:\/\/www.europesays.com\/de\/wp-json\/wp\/v2\/posts\/1281909","targetHints":{"allow":["GET"]}}],"collection":[{"href":"https:\/\/www.europesays.com\/de\/wp-json\/wp\/v2\/posts"}],"about":[{"href":"https:\/\/www.europesays.com\/de\/wp-json\/wp\/v2\/types\/post"}],"author":[{"embeddable":true,"href":"https:\/\/www.europesays.com\/de\/wp-json\/wp\/v2\/users\/2"}],"replies":[{"embeddable":true,"href":"https:\/\/www.europesays.com\/de\/wp-json\/wp\/v2\/comments?post=1281909"}],"version-history":[{"count":0,"href":"https:\/\/www.europesays.com\/de\/wp-json\/wp\/v2\/posts\/1281909\/revisions"}],"wp:featuredmedia":[{"embeddable":true,"href":"https:\/\/www.europesays.com\/de\/wp-json\/wp\/v2\/media\/1281910"}],"wp:attachment":[{"href":"https:\/\/www.europesays.com\/de\/wp-json\/wp\/v2\/media?parent=1281909"}],"wp:term":[{"taxonomy":"category","embeddable":true,"href":"https:\/\/www.europesays.com\/de\/wp-json\/wp\/v2\/categories?post=1281909"},{"taxonomy":"post_tag","embeddable":true,"href":"https:\/\/www.europesays.com\/de\/wp-json\/wp\/v2\/tags?post=1281909"}],"curies":[{"name":"wp","href":"https:\/\/api.w.org\/{rel}","templated":true}]}}