{"id":1281926,"date":"2026-09-05T09:00:27","date_gmt":"2026-09-05T09:00:27","guid":{"rendered":"https:\/\/www.europesays.com\/de\/1281926\/"},"modified":"2026-09-05T09:00:27","modified_gmt":"2026-09-05T09:00:27","slug":"rente-in-europa-in-diesen-laendern-kommen-rentner-gut-ueber-die-runden","status":"publish","type":"post","link":"https:\/\/www.europesays.com\/de\/1281926\/","title":{"rendered":"Rente in Europa: In diesen L\u00e4ndern kommen Rentner gut \u00fcber die Runden"},"content":{"rendered":"<p>Gro\u00dfer Vergleich <\/p>\n<p>In diesen EU-L\u00e4ndern reicht die Rente noch f\u00fcr den Alltag<\/p>\n<ul class=\"grid grid-flow-col gap-4\" aria-label=\"Autorenbilder\">\n<li class=\"leading-0\"><img data-tb-author-image=\"\"  loading=\"lazy\" src=\"https:\/\/www.europesays.com\/de\/wp-content\/uploads\/2026\/01\/1767617956_768_image.jpg\" alt=\"\" title=\"\" width=\"40\" height=\"40\" class=\"\" decoding=\"async\"\/><\/li>\n<\/ul>\n<p>05.09.2026 &#8211; 10:55 UhrLesedauer: 4 Min.<\/p>\n<p><a href=\"#focus-0\" class=\"transition-colors block text-current relative\" data-sctrack=\"FocusGalleryImage.Reference\"><img fetchpriority=\"high\" data-testid=\"Opener.Image\"   loading=\"eager\" src=\"https:\/\/www.europesays.com\/de\/wp-content\/uploads\/2026\/09\/rentnerin-zaehlt-geld-symbolbild-die-hoehe-der-gesetzlichen-rente-haengt-von-verschiedenen-faktoren-.jpeg\" alt=\"Rentnerin z\u00e4hlt Geld (Symbolbild): Die H\u00f6he der gesetzlichen Rente h\u00e4ngt von verschiedenen Faktoren ab.\" title=\"Rentnerin z\u00e4hlt Geld (Symbolbild): Die H\u00f6he der gesetzlichen Rente h\u00e4ngt von verschiedenen Faktoren ab.\" width=\"2159\" height=\"1214\" class=\"bg-[url:var(--lqipURL)] bg-cover bg-center flex h-full w-full max-w-full\" style=\"--lqipURL:url('https:\/\/images.t-online.de\/2023\/06\/YtUGgCEIjhnh\/0x87:2159x1214\/fit-in\/150x0\/filters:blur(25)\/rentnerin-zaehlt-geld-symbolbild-die-hoehe-der-gesetzlichen-rente-haengt-von-verschiedenen-faktoren-ab.jpg')\" decoding=\"async\"\/><img loading=\"lazy\" src=\"https:\/\/www.t-online.de\/s\/paper\/_next\/static\/media\/zoom-in.f7dae02f.svg\" alt=\"Vergr\u00f6\u00dfern des Bildes\" title=\"Vergr\u00f6\u00dfern des Bildes\" class=\"block h-[calc(var(--height)_\/_16_*_1rem)] w-[calc(var(--width)_\/_16_*_1rem)] max-w-none absolute right-8 bottom-8 rounded-4 bg-snow p-8\" style=\"--width:32;--height:32\" decoding=\"async\"\/><\/a><\/p>\n<p>Rentnerin z\u00e4hlt Geld (Symbolbild): In Europa beziehen die meisten Menschen eine Rente, die nicht f\u00fcr alle Alltagskosten ausreicht. (Quelle: Karl-Hendrik Tittel\/getty-images-bilder)<\/p>\n<p><img loading=\"lazy\" src=\"https:\/\/www.t-online.de\/s\/paper\/_next\/static\/media\/audio-volume.6689034c.svg\" alt=\"\" title=\"\" class=\"block h-[calc(var(--height)_\/_16_*_1rem)] w-[calc(var(--width)_\/_16_*_1rem)] max-w-none group-hover:brightness-0 group-hover:invert\" style=\"--width:16;--height:16\" decoding=\"async\"\/>Vorlesen<\/p>\n<p>Aktuelle Zeit:0:00Gesamtdauer:0:00<\/p>\n<p>1x<img loading=\"lazy\" src=\"https:\/\/www.t-online.de\/s\/paper\/_next\/static\/media\/font-sizes.32942e33.svg\" alt=\"\" title=\"\" class=\"block h-[calc(var(--height)_\/_16_*_1rem)] w-[calc(var(--width)_\/_16_*_1rem)] max-w-none group-hover:hidden group-aria-expanded:hidden\" style=\"--width:16;--height:16\" decoding=\"async\"\/><img loading=\"lazy\" src=\"https:\/\/www.t-online.de\/s\/paper\/_next\/static\/media\/font-sizes-dark-mode.e382645c.svg\" alt=\"\" title=\"\" class=\"block h-[calc(var(--height)_\/_16_*_1rem)] w-[calc(var(--width)_\/_16_*_1rem)] max-w-none hidden group-hover:block group-aria-expanded:block\" style=\"--width:16;--height:16\" decoding=\"async\"\/><img loading=\"lazy\" src=\"https:\/\/www.t-online.de\/s\/paper\/_next\/static\/media\/sharing-menu-icon.1eb71368.svg\" alt=\"\" title=\"\" class=\"block h-[calc(var(--height)_\/_16_*_1rem)] w-[calc(var(--width)_\/_16_*_1rem)] max-w-none group-hover:brightness-0 group-hover:invert\" style=\"--width:16;--height:16\" decoding=\"async\"\/>Artikel teilen<\/p>\n<p class=\"font-bold text-18 leading-17 user-text-lg:text-22 user-text-xl:text-24\">In der EU variiert die H\u00f6he der Renten und Pensionen sehr stark. Genau wie in Deutschland m\u00fcssen sich auch andernorts die meisten Rentner auf andere Einnahmen st\u00fctzen.<\/p>\n<p class=\"text-18 leading-17 user-text-lg:text-22 user-text-xl:text-24\">In Deutschland wird intensiv \u00fcber das Thema <a href=\"https:\/\/www.t-online.de\/themen\/rente\/\" class=\"transition-colors cursor-pointer no-underline md:hover:text-magenta md:focus:text-magenta border-b border-solid border-current text-salemsfur md:hover:border-magenta\" data-tracking=\"{&quot;action&quot;:&quot;click&quot;,&quot;category&quot;:&quot;intextLink&quot;,&quot;label&quot;:&quot;\/themen\/rente\/&quot;}\" data-sctrack=\"BodyAnchor\" rel=\"nofollow noopener\" target=\"_blank\">Rente<\/a> diskutiert. Dabei wird \u00fcber die H\u00f6he der gezahlten Altersbez\u00fcge, das <a href=\"https:\/\/www.t-online.de\/finanzen\/ratgeber\/altersvorsorge\/gesetzlicherente\/id_81627326\/renteneintrittsalter-tabelle-wann-koennen-rentner-aufhoeren-zu-arbeiten.html\" class=\"transition-colors cursor-pointer no-underline md:hover:text-magenta md:focus:text-magenta border-b border-solid border-current text-salemsfur md:hover:border-magenta\" data-tracking=\"{&quot;action&quot;:&quot;click&quot;,&quot;category&quot;:&quot;intextLink&quot;,&quot;label&quot;:&quot;\/finanzen\/ratgeber\/altersvorsorge\/gesetzlicherente\/id_81627326\/renteneintrittsalter-tabelle-wann-koennen-rentner-aufhoeren-zu-arbeiten.html&quot;}\" data-sctrack=\"BodyAnchor\" rel=\"nofollow noopener\" target=\"_blank\">Renteneintrittsalter<\/a> und die Art und Weise, wie Beitr\u00e4ge f\u00fcr das Alter angespart werden, diskutiert. Und immer wieder l\u00f6st der Umstand \u00c4rger aus, dass die gesetzliche Rente allein zum Leben nicht reicht. <a href=\"https:\/\/www.t-online.de\/finanzen\/ratgeber\/altersvorsorge\/gesetzlicherente\/id_101408266\/gesetzliche-rente-so-hoch-ist-die-deutsche-altersrente-im-schnitt.html\" class=\"transition-colors cursor-pointer no-underline md:hover:text-magenta md:focus:text-magenta border-b border-solid border-current text-salemsfur md:hover:border-magenta\" data-tracking=\"{&quot;action&quot;:&quot;click&quot;,&quot;category&quot;:&quot;intextLink&quot;,&quot;label&quot;:&quot;\/finanzen\/ratgeber\/altersvorsorge\/gesetzlicherente\/id_101408266\/gesetzliche-rente-so-hoch-ist-die-deutsche-altersrente-im-schnitt.html&quot;}\" data-sctrack=\"BodyAnchor\" rel=\"nofollow noopener\" target=\"_blank\">Im Schnitt beziehen Rentner und Rentnerinnen in Deutschland rund 1.500 Euro Altersrente im Monat.<\/a><\/p>\n<p class=\"text-18 leading-17 user-text-lg:text-22 user-text-xl:text-24\">Diese Problematik zeigt sich jedoch nicht nur in Deutschland. Auch in den meisten anderen EU-Nationen k\u00f6nnen sich die B\u00fcrgerinnen und B\u00fcrger nicht allein auf die staatliche Rente verlassen, sondern ben\u00f6tigen zus\u00e4tzlich eine private und\/oder betriebliche Altersvorsorge. Das zeigt eine gro\u00dfe Datenanalyse des Statistikportals &#8222;Datapulse&#8220;.<\/p>\n<p>In diesen vier EU-L\u00e4ndern reicht die Rente zum Leben<\/p>\n<p class=\"text-18 leading-17 user-text-lg:text-22 user-text-xl:text-24\">Demnach gibt es nur vier EU-L\u00e4nder, in denen die Rente vor Steuern h\u00f6her ist als die durchschnittlichen Lebenshaltungskosten in dem Land. Dazu geh\u00f6ren <a href=\"https:\/\/www.t-online.de\/themen\/rumaenien\/\" class=\"transition-colors cursor-pointer no-underline md:hover:text-magenta md:focus:text-magenta border-b border-solid border-current text-salemsfur md:hover:border-magenta\" data-tracking=\"{&quot;action&quot;:&quot;click&quot;,&quot;category&quot;:&quot;intextLink&quot;,&quot;label&quot;:&quot;\/themen\/rumaenien\/&quot;}\" data-sctrack=\"BodyAnchor\" rel=\"nofollow noopener\" target=\"_blank\">Rum\u00e4nien<\/a>, <a href=\"https:\/\/www.t-online.de\/themen\/tschechien\/\" class=\"transition-colors cursor-pointer no-underline md:hover:text-magenta md:focus:text-magenta border-b border-solid border-current text-salemsfur md:hover:border-magenta\" data-tracking=\"{&quot;action&quot;:&quot;click&quot;,&quot;category&quot;:&quot;intextLink&quot;,&quot;label&quot;:&quot;\/themen\/tschechien\/&quot;}\" data-sctrack=\"BodyAnchor\" rel=\"nofollow noopener\" target=\"_blank\">Tschechien<\/a>, <a href=\"https:\/\/www.t-online.de\/themen\/polen\/\" class=\"transition-colors cursor-pointer no-underline md:hover:text-magenta md:focus:text-magenta border-b border-solid border-current text-salemsfur md:hover:border-magenta\" data-tracking=\"{&quot;action&quot;:&quot;click&quot;,&quot;category&quot;:&quot;intextLink&quot;,&quot;label&quot;:&quot;\/themen\/polen\/&quot;}\" data-sctrack=\"BodyAnchor\" rel=\"nofollow noopener\" target=\"_blank\">Polen<\/a> und <a href=\"https:\/\/www.t-online.de\/themen\/spanien\/\" class=\"transition-colors cursor-pointer no-underline md:hover:text-magenta md:focus:text-magenta border-b border-solid border-current text-salemsfur md:hover:border-magenta\" data-tracking=\"{&quot;action&quot;:&quot;click&quot;,&quot;category&quot;:&quot;intextLink&quot;,&quot;label&quot;:&quot;\/themen\/spanien\/&quot;}\" data-sctrack=\"BodyAnchor\" rel=\"nofollow noopener\" target=\"_blank\">Spanien<\/a>. In Rum\u00e4nien werden pro Jahr im Schnitt 5.800 Euro an Rente vor Steuern ausgezahlt, f\u00fcr den Alltag brauchen Ruhest\u00e4ndler aber nur durchschnittlich 4.800 Euro im Jahr. Damit liegen die Renten 21 Prozent \u00fcber den Lebenshaltungskosten. Die Zahlen beruhen auf Daten aus dem Jahr 2023.<\/p>\n<p class=\"text-18 leading-17 user-text-lg:text-22 user-text-xl:text-24\">Im EU-Schnitt ist es eigentlich eher umgekehrt: Die ausgezahlte Rente liegt etwa 20 Prozent unter den durchschnittlichen Lebenshaltungskosten. Pro Jahr erhalten europ\u00e4ische Rentner und Rentnerinnen durchschnittlich 17.300 Euro an Rente vor Steuern. Die Alltagskosten betragen etwa 21.700 Euro im Jahr.<\/p>\n<p>Loading&#8230;<img decoding=\"async\" src=\"https:\/\/www.t-online.de\/s\/paper\/_next\/static\/media\/image.e47c3ca7.svg\" alt=\"Symbolbild f\u00fcr eingebettete Inhalte\"\/><\/p>\n<p class=\"text-10 leading-12 text-manatee uppercase\">Embed<\/p>\n<p class=\"text-18 leading-17 user-text-lg:text-22 user-text-xl:text-24\">Damit wird deutlich, wie wichtig die <a href=\"https:\/\/www.t-online.de\/finanzen\/ratgeber\/altersvorsorge\/gesetzlicherente\/id_87865602\/rentenversicherung-wie-funktioniert-die-gesetzliche-rente-.html\" class=\"transition-colors cursor-pointer no-underline md:hover:text-magenta md:focus:text-magenta border-b border-solid border-current text-salemsfur md:hover:border-magenta\" data-tracking=\"{&quot;action&quot;:&quot;click&quot;,&quot;category&quot;:&quot;intextLink&quot;,&quot;label&quot;:&quot;\/finanzen\/ratgeber\/altersvorsorge\/gesetzlicherente\/id_87865602\/rentenversicherung-wie-funktioniert-die-gesetzliche-rente-.html&quot;}\" data-sctrack=\"BodyAnchor\" rel=\"nofollow noopener\" target=\"_blank\">zweite und dritte S\u00e4ule der Altersvorsorge<\/a> in nahezu allen europ\u00e4ischen L\u00e4ndern ist. Unter der zweiten S\u00e4ule versteht man die betriebliche Rente, die dritte S\u00e4ule ist die private Altersvorsorge. Nur in den oben genannten vier L\u00e4ndern ist es rechnerisch m\u00f6glich, ausschlie\u00dflich von der staatlichen Rente zu leben. Da es sich hier um Durchschnittswerte handelt, gilt das aber l\u00e4ngst nicht f\u00fcr alle Menschen.<\/p>\n<p>Wohnen und Lebensmittel sind die wichtigsten Ausgaben<\/p>\n<p class=\"text-18 leading-17 user-text-lg:text-22 user-text-xl:text-24\">Die Statistiker von &#8222;Datapulse&#8220; haben auch untersucht, wof\u00fcr Rentner und Rentnerinnen in den europ\u00e4ischen L\u00e4ndern ihr Geld ausgeben m\u00fcssen. Das Muster sei dabei &#8222;erstaunlich&#8220; einheitlich, schreiben die Autoren: In fast allen L\u00e4ndern entf\u00e4llt die H\u00e4lfte der Ausgaben auf Wohnen und Lebensmittel.<\/p>\n<p class=\"text-18 leading-17 user-text-lg:text-22 user-text-xl:text-24\">Einige Ausrei\u00dfer gibt es dennoch: Auf <a href=\"https:\/\/www.t-online.de\/themen\/malta\/\" class=\"transition-colors cursor-pointer no-underline md:hover:text-magenta md:focus:text-magenta border-b border-solid border-current text-salemsfur md:hover:border-magenta\" data-tracking=\"{&quot;action&quot;:&quot;click&quot;,&quot;category&quot;:&quot;intextLink&quot;,&quot;label&quot;:&quot;\/themen\/malta\/&quot;}\" data-sctrack=\"BodyAnchor\" rel=\"nofollow noopener\" target=\"_blank\">Malta<\/a> machen die Wohnkosten f\u00fcr Rentner und Rentnerinnen demnach nur zehn Prozent ihrer Ausgaben aus. Lebensmittel verursachen dagegen 26 Prozent der Kosten. Andersherum ist es in <a href=\"https:\/\/www.t-online.de\/themen\/luxemburg\/\" class=\"transition-colors cursor-pointer no-underline md:hover:text-magenta md:focus:text-magenta border-b border-solid border-current text-salemsfur md:hover:border-magenta\" data-tracking=\"{&quot;action&quot;:&quot;click&quot;,&quot;category&quot;:&quot;intextLink&quot;,&quot;label&quot;:&quot;\/themen\/luxemburg\/&quot;}\" data-sctrack=\"BodyAnchor\" rel=\"nofollow noopener\" target=\"_blank\">Luxemburg<\/a>: 38 Prozent der Rentnerausgaben m\u00fcssen f\u00fcrs Wohnen aufgewendet werden, nur zehn Prozent flie\u00dfen in Lebensmittel.<\/p>\n<p class=\"text-18 leading-17 user-text-lg:text-22 user-text-xl:text-24\">Deshalb sind Schwankungen, die in diesen beiden Bereichen entstehen k\u00f6nnen, f\u00fcr Rentner und Rentnerinnen von besonderer Bedeutung. <a href=\"https:\/\/www.t-online.de\/finanzen\/aktuelles\/wirtschaft\/id_101413408\/inflation-in-deutschland-steigt-im-august-erneut-an.html\" class=\"transition-colors cursor-pointer no-underline md:hover:text-magenta md:focus:text-magenta border-b border-solid border-current text-salemsfur md:hover:border-magenta\" data-tracking=\"{&quot;action&quot;:&quot;click&quot;,&quot;category&quot;:&quot;intextLink&quot;,&quot;label&quot;:&quot;\/finanzen\/aktuelles\/wirtschaft\/id_101413408\/inflation-in-deutschland-steigt-im-august-erneut-an.html&quot;}\" data-sctrack=\"BodyAnchor\" rel=\"nofollow noopener\" target=\"_blank\">Wenn Energiekosten und Lebensmittelpreise anziehen,<\/a> dann trifft das diese Gruppe europaweit besonders hart \u2013 auch wenn die meisten L\u00e4nder ihre Renten regelm\u00e4\u00dfig an die <a href=\"https:\/\/www.t-online.de\/finanzen\/ratgeber\/verbraucher\/konjunktur\/id_90129274\/inflation-in-deutschland-was-ist-eigentlich-geldentwertung-.html\" class=\"transition-colors cursor-pointer no-underline md:hover:text-magenta md:focus:text-magenta border-b border-solid border-current text-salemsfur md:hover:border-magenta\" data-tracking=\"{&quot;action&quot;:&quot;click&quot;,&quot;category&quot;:&quot;intextLink&quot;,&quot;label&quot;:&quot;\/finanzen\/ratgeber\/verbraucher\/konjunktur\/id_90129274\/inflation-in-deutschland-was-ist-eigentlich-geldentwertung-.html&quot;}\" data-sctrack=\"BodyAnchor\" rel=\"nofollow noopener\" target=\"_blank\">Inflation<\/a> anpassen.<\/p>\n","protected":false},"excerpt":{"rendered":"Gro\u00dfer Vergleich In diesen EU-L\u00e4ndern reicht die Rente noch f\u00fcr den Alltag 05.09.2026 &#8211; 10:55 UhrLesedauer: 4 Min.&hellip;\n","protected":false},"author":2,"featured_media":1281927,"comment_status":"","ping_status":"","sticky":false,"template":"","format":"standard","meta":{"footnotes":"","_share_on_mastodon":"0"},"categories":[3933],"tags":[1593,331,332,52322,6892,264460,29,548,663,158,3934,3935,13,702,14,15,379,7435,12024,12,4026,12475],"class_list":["post-1281926","post","type-post","status-publish","format-standard","has-post-thumbnail","category-eu","tag-1593","tag-aktuelle-nachrichten","tag-aktuelle-news","tag-alltagskosten","tag-altersvorsorge","tag-betriebliche-altersvorsorge","tag-deutschland","tag-eu","tag-europa","tag-europaeische-union","tag-europe","tag-european-union","tag-headlines","tag-lebensmittel","tag-nachrichten","tag-news","tag-rente","tag-rentner","tag-rumaenien","tag-schlagzeilen","tag-spanien","tag-tschechien"],"share_on_mastodon":{"url":"https:\/\/pubeurope.com\/@de\/117217622526579019","error":""},"_links":{"self":[{"href":"https:\/\/www.europesays.com\/de\/wp-json\/wp\/v2\/posts\/1281926","targetHints":{"allow":["GET"]}}],"collection":[{"href":"https:\/\/www.europesays.com\/de\/wp-json\/wp\/v2\/posts"}],"about":[{"href":"https:\/\/www.europesays.com\/de\/wp-json\/wp\/v2\/types\/post"}],"author":[{"embeddable":true,"href":"https:\/\/www.europesays.com\/de\/wp-json\/wp\/v2\/users\/2"}],"replies":[{"embeddable":true,"href":"https:\/\/www.europesays.com\/de\/wp-json\/wp\/v2\/comments?post=1281926"}],"version-history":[{"count":0,"href":"https:\/\/www.europesays.com\/de\/wp-json\/wp\/v2\/posts\/1281926\/revisions"}],"wp:featuredmedia":[{"embeddable":true,"href":"https:\/\/www.europesays.com\/de\/wp-json\/wp\/v2\/media\/1281927"}],"wp:attachment":[{"href":"https:\/\/www.europesays.com\/de\/wp-json\/wp\/v2\/media?parent=1281926"}],"wp:term":[{"taxonomy":"category","embeddable":true,"href":"https:\/\/www.europesays.com\/de\/wp-json\/wp\/v2\/categories?post=1281926"},{"taxonomy":"post_tag","embeddable":true,"href":"https:\/\/www.europesays.com\/de\/wp-json\/wp\/v2\/tags?post=1281926"}],"curies":[{"name":"wp","href":"https:\/\/api.w.org\/{rel}","templated":true}]}}