{"id":1281942,"date":"2026-09-05T09:13:43","date_gmt":"2026-09-05T09:13:43","guid":{"rendered":"https:\/\/www.europesays.com\/de\/1281942\/"},"modified":"2026-09-05T09:13:43","modified_gmt":"2026-09-05T09:13:43","slug":"neues-schnabulier-kaertla-in-fuerth-so-kannst-du-acht-cafes-und-gaststaetten-kennenlernen-2","status":"publish","type":"post","link":"https:\/\/www.europesays.com\/de\/1281942\/","title":{"rendered":"Neues Schnabulier-K\u00e4rtla in F\u00fcrth: So kannst du acht Caf\u00e9s und Gastst\u00e4tten kennenlernen"},"content":{"rendered":"<p>                                &#8211;                                Wer F\u00fcrths junge Gastronomie kennenlernen will, hat mit dem Schnabulier-K\u00e4rtla ein Ass im \u00c4rmel: Denn f\u00fcr 16,50 Euro kannst du dich hier durch die K\u00fcchen von acht Caf\u00e9s und gastronomischen Angeboten testen.<\/p>\n<p>                Das neue Schnabulier-K\u00e4rtla f\u00fchrt Genie\u00dferinnen und Entdeckungslustige auf eine kleine Tour durch die Gastronomie der Kleeblattstadt: vom Bagel \u00fcber Klo\u00df mit So\u00df, von einem frisch gezapften Humbser bis zum Croissant und Zitronenkuchen. Wer alle Stationen schafft, hat nicht nur acht Unterschriften gesammelt, sondern vermutlich auch einen ziemlich \u00fcberzeugenden Grund f\u00fcr den n\u00e4chsten Verdauungsspaziergang. Das Angebot feiert 2026 seine Premiere: F\u00fcr einen festen Preis besucht man acht ausgew\u00e4hlte Gastronomiebetriebe und erh\u00e4lt dort jeweils eine kleine Spezialit\u00e4t oder ein Getr\u00e4nk.<\/p>\n<p>Wie funktioniert die Aktion? Das Schnabulier-K\u00e4rtla erh\u00e4ltst du ausschlie\u00dflich in der Tourist-Information F\u00fcrth am Bahnhofplatz 9 (in einem der Fl\u00fcgel des F\u00fcrther Bahnhofs). Dort kannst du dir diese Art Stempelheft f\u00fcr 16,50 Euro holen und damit dann auf eine kulinarische Entdeckungstour durch F\u00fcrth in den teilnehmenden Betrieben gehen, dort etwas von deren Angebot probieren, dir eine Unterschrift holen und weiterziehen. Nat\u00fcrlich muss das nicht alles an einem Tag erfolgen: Ab dem Kaufdatum ist das Schnabulier-K\u00e4rtla drei Monate g\u00fcltig.<\/p>\n<p>Die acht teilnehmenden Betriebe reichen damit von fr\u00e4nkischer K\u00fcche \u00fcber Bagels, Eis und kreative Stullen bis hin zu Spezialit\u00e4tenkaffee, franz\u00f6sischem Geb\u00e4ck und j\u00fcdisch-fr\u00e4nkischer Kuchentradition. Dabei sind:<\/p>\n<ul>\n<li><strong>Bagelbude<\/strong>: ein Bagel nach Wahl \u2013 unter anderem Lachs, Bacon, Gem\u00fcse, Chicken, Hummus, Sweet oder Plain<\/li>\n<li><strong>Die kleine Eismanufaktur<\/strong>: zwei Kugeln Eis nach Wahl; das K\u00e4rtla gilt nur in der <a href=\"https:\/\/www.nordbayern.de\/nuernberg\/beliebte-eisdiele-kleine-eismanufaktur-expandiert-und-eroffnet-filiale-ausserhalb-nurnbergs-rep-1-1.15012821\" target=\"_blank\" onclick=\"trackClickEventForLink(&#039;Article Link Click&#039;, &#039;Beliebte Eisdiele: Kleine Eismanufaktur expandiert und er\u00f6ffnet Filiale au\u00dferhalb N\u00fcrnbergs&#039;, &#039;article&#039;, \" https:=\"\" bier=\"\" croissant=\"\" und=\"\" klo=\"\" das=\"\" schnabulier-k=\"\" macht=\"\" f=\"\" zur=\"\" probiermeile=\"\" rel=\"nofollow noopener\">F\u00fcrther Filiale<\/a><\/li>\n<li><strong>Gr\u00fcner Baum<\/strong>: eine Portion \u201eKlo\u00df mit So\u00df\u201c plus ein kleines Getr\u00e4nk \u2013 alkoholfrei oder Bier<\/li>\n<li><strong>Das Humbser<\/strong>: ein 0,5-l-Humbser-Lagerbier vom Zapfhahn oder alternativ ein alkoholfreies Flaschenbier<\/li>\n<li><strong>Kaffeesurium: <\/strong>ein Hei\u00df- oder Kaltgetr\u00e4nk nach Wahl bis zu einem Wert von f\u00fcnf Euro<\/li>\n<li><strong>La Petite<\/strong>: ein ungef\u00fclltes Croissant<\/li>\n<li><strong>Stullerei:<\/strong> eine Mini-Stulle nach Wahl<\/li>\n<li><strong>Mary S. Rosenberg Caf\u00e9<\/strong> im J\u00fcdischen Museum Franken: ein St\u00fcck Zitronenkuchen beziehungsweise Zitronentorte<\/li>\n<\/ul>\n<p>                                                        Wichtige Informationen zum Schnabulier-K\u00e4rtla<\/p>\n<p>Die Stullerei ist laut offizieller Seite bis einschlie\u00dflich Sonntag, 6. September 2026, im Sommerurlaub. Wer das K\u00e4rtla Anfang September nutzen m\u00f6chte, sollte diese Station daher entsprechend sp\u00e4ter einplanen und vor dem Besuch die \u00d6ffnungszeiten pr\u00fcfen.<\/p>\n<p>Au\u00dferdem gilt:<\/p>\n<ul>\n<li>Du musst im jeweiligen Betrieb anfangs mitteilen, dass du das Schnabulier-K\u00e4rtla nutzt.<\/li>\n<li>Das Angebot kann nicht f\u00fcr Gruppen verwendet werden.<\/li>\n<li>Alle Kostproben gibt es vorbehaltlich der Verf\u00fcgbarkeit.<\/li>\n<li>\u00c4nderungen sind m\u00f6glich.<\/li>\n<li>Die jeweiligen \u00d6ffnungszeiten der Gastronomiebetriebe m\u00fcssen separat beachtet werden.<\/li>\n<li>Beim Besuch des Mary S. Rosenberg Caf\u00e9s ist der Eintritt ins J\u00fcdische Museum nicht im K\u00e4rtla enthalten; f\u00fcr den Caf\u00e9besuch ist der Museumseintritt laut offizieller Information aber nicht erforderlich.<\/li>\n<\/ul>\n<p><strong>Immer topaktuell informiert bleiben \u00fcber die wichtigsten Themen aus der Region?<\/strong> \u00dcber unseren WhatsApp-Kanal erf\u00e4hrst du alle Neuigkeiten aus erster Hand.<\/p>\n<p><strong><a href=\"https:\/\/whatsapp.com\/channel\/0029VaEwabi7T8bcjUgA9L3C\" target=\"_blank\" onclick=\"trackClickEventForLink(&#039;Article Link Click&#039;, &#039;Hier&#039;, &#039;&#039;, &#039;https:\/\/whatsapp.com\/channel\/0029VaEwabi7T8bcjUgA9L3C&#039;, &#039;1.15262449&#039;, &#039;Eis, Bier, Croissant und Klo\u00df: Das Schnabulier-K\u00e4rtla macht F\u00fcrth zur Probiermeile&#039;)\" rel=\"nofollow noopener\">Hier<\/a><\/strong> geht es direkt zum WhatsApp-Channel &#8211; eine \u201eSchritt f\u00fcr Schritt\u201c-Anleitung findest du <strong>hier<\/strong>.<\/p>\n","protected":false},"excerpt":{"rendered":"&#8211; Wer F\u00fcrths junge Gastronomie kennenlernen will, hat mit dem Schnabulier-K\u00e4rtla ein Ass im \u00c4rmel: Denn f\u00fcr 16,50&hellip;\n","protected":false},"author":2,"featured_media":1274767,"comment_status":"","ping_status":"","sticky":false,"template":"","format":"standard","meta":{"footnotes":"","_share_on_mastodon":"0"},"categories":[1837],"tags":[772,3364,29,30,3783],"class_list":["post-1281942","post","type-post","status-publish","format-standard","has-post-thumbnail","category-nuernberg","tag-bayern","tag-de","tag-deutschland","tag-germany","tag-nuernberg"],"share_on_mastodon":{"url":"https:\/\/pubeurope.com\/@de\/117217670312057796","error":""},"_links":{"self":[{"href":"https:\/\/www.europesays.com\/de\/wp-json\/wp\/v2\/posts\/1281942","targetHints":{"allow":["GET"]}}],"collection":[{"href":"https:\/\/www.europesays.com\/de\/wp-json\/wp\/v2\/posts"}],"about":[{"href":"https:\/\/www.europesays.com\/de\/wp-json\/wp\/v2\/types\/post"}],"author":[{"embeddable":true,"href":"https:\/\/www.europesays.com\/de\/wp-json\/wp\/v2\/users\/2"}],"replies":[{"embeddable":true,"href":"https:\/\/www.europesays.com\/de\/wp-json\/wp\/v2\/comments?post=1281942"}],"version-history":[{"count":0,"href":"https:\/\/www.europesays.com\/de\/wp-json\/wp\/v2\/posts\/1281942\/revisions"}],"wp:featuredmedia":[{"embeddable":true,"href":"https:\/\/www.europesays.com\/de\/wp-json\/wp\/v2\/media\/1274767"}],"wp:attachment":[{"href":"https:\/\/www.europesays.com\/de\/wp-json\/wp\/v2\/media?parent=1281942"}],"wp:term":[{"taxonomy":"category","embeddable":true,"href":"https:\/\/www.europesays.com\/de\/wp-json\/wp\/v2\/categories?post=1281942"},{"taxonomy":"post_tag","embeddable":true,"href":"https:\/\/www.europesays.com\/de\/wp-json\/wp\/v2\/tags?post=1281942"}],"curies":[{"name":"wp","href":"https:\/\/api.w.org\/{rel}","templated":true}]}}