{"id":1281943,"date":"2026-09-05T09:15:27","date_gmt":"2026-09-05T09:15:27","guid":{"rendered":"https:\/\/www.europesays.com\/de\/1281943\/"},"modified":"2026-09-05T09:15:27","modified_gmt":"2026-09-05T09:15:27","slug":"bundesweiter-warntag-auch-in-nuernberg-heulen-die-sirenen","status":"publish","type":"post","link":"https:\/\/www.europesays.com\/de\/1281943\/","title":{"rendered":"Bundesweiter Warntag: Auch in N\u00fcrnberg heulen die Sirenen"},"content":{"rendered":"<p>Am 10. September <\/p>\n<p>Sirenen-Alarm: So warnt der Bund \u2013 was Sie tun m\u00fcssen<\/p>\n<p>Aktualisiert am 05.09.2026 &#8211; 10:16 UhrLesedauer: 1 Min.<\/p>\n<p><a href=\"#focus-0\" class=\"transition-colors block text-current relative\" data-sctrack=\"FocusGalleryImage.Reference\"><img fetchpriority=\"high\" data-testid=\"Opener.Image\"   loading=\"eager\" src=\"https:\/\/www.europesays.com\/de\/wp-content\/uploads\/2026\/09\/beim-bundesweiten-probealarm-wird-ganz-deutschland-als-gefahrengebiet-in-der-katwarn-app-angezeigt.j.jpeg\" alt=\"Bundesweiter Warntag 2025\" title=\"Bundesweiter Warntag 2025\" width=\"2048\" height=\"1152\" class=\"bg-[url:var(--lqipURL)] bg-cover bg-center flex h-full w-full max-w-full\" style=\"--lqipURL:url('https:\/\/images.t-online.de\/2025\/09\/vOUuK67nvjUw\/0x107:2048x1152\/fit-in\/150x0\/filters:blur(25)\/beim-bundesweiten-probealarm-wird-ganz-deutschland-als-gefahrengebiet-in-der-katwarn-app-angezeigt.jpg')\" decoding=\"async\"\/><img loading=\"lazy\" src=\"https:\/\/nuernberg.t-online.de\/s\/paper\/_next\/static\/media\/zoom-in.f7dae02f.svg\" alt=\"Vergr\u00f6\u00dfern des Bildes\" title=\"Vergr\u00f6\u00dfern des Bildes\" class=\"block h-[calc(var(--height)_\/_16_*_1rem)] w-[calc(var(--width)_\/_16_*_1rem)] max-w-none absolute right-8 bottom-8 rounded-4 bg-snow p-8\" style=\"--width:32;--height:32\" decoding=\"async\"\/><\/a><\/p>\n<p>Beim bundesweiten Probealarm wird ganz Deutschland als Gefahrengebiet in der Katwarn-App angezeigt (Symbolbild). Auch in N\u00fcrnberg heulen zudem die Sirenen. (Quelle: Britta Pedersen\/dpa\/dpa-bilder)<\/p>\n<p><img loading=\"lazy\" src=\"https:\/\/nuernberg.t-online.de\/s\/paper\/_next\/static\/media\/audio-volume.6689034c.svg\" alt=\"\" title=\"\" class=\"block h-[calc(var(--height)_\/_16_*_1rem)] w-[calc(var(--width)_\/_16_*_1rem)] max-w-none group-hover:brightness-0 group-hover:invert\" style=\"--width:16;--height:16\" decoding=\"async\"\/>Vorlesen<\/p>\n<p>Aktuelle Zeit:0:00Gesamtdauer:0:00<\/p>\n<p>1x<img loading=\"lazy\" src=\"https:\/\/nuernberg.t-online.de\/s\/paper\/_next\/static\/media\/font-sizes.32942e33.svg\" alt=\"\" title=\"\" class=\"block h-[calc(var(--height)_\/_16_*_1rem)] w-[calc(var(--width)_\/_16_*_1rem)] max-w-none group-hover:hidden group-aria-expanded:hidden\" style=\"--width:16;--height:16\" decoding=\"async\"\/><img loading=\"lazy\" src=\"https:\/\/nuernberg.t-online.de\/s\/paper\/_next\/static\/media\/font-sizes-dark-mode.e382645c.svg\" alt=\"\" title=\"\" class=\"block h-[calc(var(--height)_\/_16_*_1rem)] w-[calc(var(--width)_\/_16_*_1rem)] max-w-none hidden group-hover:block group-aria-expanded:block\" style=\"--width:16;--height:16\" decoding=\"async\"\/><img loading=\"lazy\" src=\"https:\/\/nuernberg.t-online.de\/s\/paper\/_next\/static\/media\/sharing-menu-icon.1eb71368.svg\" alt=\"\" title=\"\" class=\"block h-[calc(var(--height)_\/_16_*_1rem)] w-[calc(var(--width)_\/_16_*_1rem)] max-w-none group-hover:brightness-0 group-hover:invert\" style=\"--width:16;--height:16\" decoding=\"async\"\/>Artikel teilen<\/p>\n<p class=\"font-bold text-18 leading-17 user-text-lg:text-22 user-text-xl:text-24\">Am 10. September 2026 heulen im ganzen Land die Sirenen, so auch in N\u00fcrnberg. Der Probealarm ist Teil eines bundesweiten Tests. Wie sich B\u00fcrger verhalten sollen.<\/p>\n<p class=\"text-18 leading-17 user-text-lg:text-22 user-text-xl:text-24\">Am kommenden Freitag (10. September) testet die Stadt N\u00fcrnberg ab 11 Uhr ihre Katastrophenschutzsirenen. Mehr als 100 \u00fcber das Stadtgebiet verteilte Sirenen werden dabei von der Integrierten Leitstelle (ILS) ausgel\u00f6st. Der Test findet im Rahmen des bundesweiten Warntags statt, wie die Stadt N\u00fcrnberg in einer Pressemitteilung mitteilt.<\/p>\n<p class=\"text-18 leading-17 user-text-lg:text-22 user-text-xl:text-24\">Im Ernstfall signalisiert ein einmin\u00fctiger Heulton eine akute Gefahr und fordert die Bev\u00f6lkerung auf, Rundfunkger\u00e4te einzuschalten und auf Durchsagen zu achten. Die Entwarnung erfolgt mit einem ebenfalls einmin\u00fctigen, gleichbleibenden Dauerton.<\/p>\n<p>Kurznachricht per App \u00fcber Katwarn<\/p>\n<p class=\"text-18 leading-17 user-text-lg:text-22 user-text-xl:text-24\">Parallel zu den Sirenen wird \u00fcber das Modulare Warnsystem (MoWaS) auch das Warnsystem Cell Broadcast getestet. Dabei handelt es sich um ein System, das Warnmeldungen direkt auf Mobiltelefone sendet, ohne dass eine App n\u00f6tig ist.<\/p>\n<p class=\"text-18 leading-17 user-text-lg:text-22 user-text-xl:text-24\">Wer ein Handy, Smartphone oder Tablet mit aktivem Mobilfunkempfang besitzt, erh\u00e4lt automatisch eine Warn-SMS. Zu beachten ist: Der Empfang von Testnachrichten muss in den Ger\u00e4teeinstellungen manuell aktiviert werden. Wer die Warn-Apps Katwarn oder NINA nutzt, bekommt zus\u00e4tzlich eine Kurznachricht per App. Das Modulare Warnsystem wird vom Bundesamt f\u00fcr Bev\u00f6lkerungsschutz und Katastrophenhilfe in Bonn ausgel\u00f6st.<\/p>\n<p class=\"text-18 leading-17 user-text-lg:text-22 user-text-xl:text-24\">Auch Infoscreens am N\u00fcrnberger Hauptbahnhof, in der U-Bahn, in den Einkaufszentren Frankencenter und Pl\u00e4rrermarkt sowie auf digitalen Stadtinformationsanlagen und sogenannten Roadside Screens im Freien zeigen Testmeldungen an.<\/p>\n<p class=\"text-18 leading-17 user-text-lg:text-22 user-text-xl:text-24\">B\u00fcrger, die am Tag des Probealarms Fragen haben, k\u00f6nnen die Feuerwehr N\u00fcrnberg unter der Telefonnummer 0911\/643 75-888 erreichen.<\/p>\n","protected":false},"excerpt":{"rendered":"Am 10. September Sirenen-Alarm: So warnt der Bund \u2013 was Sie tun m\u00fcssen Aktualisiert am 05.09.2026 &#8211; 10:16&hellip;\n","protected":false},"author":2,"featured_media":1281944,"comment_status":"","ping_status":"","sticky":false,"template":"","format":"standard","meta":{"footnotes":"","_share_on_mastodon":"0"},"categories":[1837],"tags":[722,17161,772,3364,29,30,64990,3783,77559,107646],"class_list":["post-1281943","post","type-post","status-publish","format-standard","has-post-thumbnail","category-nuernberg","tag-722","tag-17161","tag-bayern","tag-de","tag-deutschland","tag-germany","tag-katwarn","tag-nuernberg","tag-probealarm","tag-warntag"],"share_on_mastodon":{"url":"https:\/\/pubeurope.com\/@de\/117217681512159647","error":""},"_links":{"self":[{"href":"https:\/\/www.europesays.com\/de\/wp-json\/wp\/v2\/posts\/1281943","targetHints":{"allow":["GET"]}}],"collection":[{"href":"https:\/\/www.europesays.com\/de\/wp-json\/wp\/v2\/posts"}],"about":[{"href":"https:\/\/www.europesays.com\/de\/wp-json\/wp\/v2\/types\/post"}],"author":[{"embeddable":true,"href":"https:\/\/www.europesays.com\/de\/wp-json\/wp\/v2\/users\/2"}],"replies":[{"embeddable":true,"href":"https:\/\/www.europesays.com\/de\/wp-json\/wp\/v2\/comments?post=1281943"}],"version-history":[{"count":0,"href":"https:\/\/www.europesays.com\/de\/wp-json\/wp\/v2\/posts\/1281943\/revisions"}],"wp:featuredmedia":[{"embeddable":true,"href":"https:\/\/www.europesays.com\/de\/wp-json\/wp\/v2\/media\/1281944"}],"wp:attachment":[{"href":"https:\/\/www.europesays.com\/de\/wp-json\/wp\/v2\/media?parent=1281943"}],"wp:term":[{"taxonomy":"category","embeddable":true,"href":"https:\/\/www.europesays.com\/de\/wp-json\/wp\/v2\/categories?post=1281943"},{"taxonomy":"post_tag","embeddable":true,"href":"https:\/\/www.europesays.com\/de\/wp-json\/wp\/v2\/tags?post=1281943"}],"curies":[{"name":"wp","href":"https:\/\/api.w.org\/{rel}","templated":true}]}}