{"id":1281947,"date":"2026-09-05T09:18:26","date_gmt":"2026-09-05T09:18:26","guid":{"rendered":"https:\/\/www.europesays.com\/de\/1281947\/"},"modified":"2026-09-05T09:18:26","modified_gmt":"2026-09-05T09:18:26","slug":"hannover-96-gegen-ksc-karlsruhe-sichert-spaetes-remis","status":"publish","type":"post","link":"https:\/\/www.europesays.com\/de\/1281947\/","title":{"rendered":"Hannover 96 gegen KSC: Karlsruhe sichert sp\u00e4tes Remis"},"content":{"rendered":"<p><a href=\"https:\/\/www.fussballdaten.de\/vereine\/hannover-96\/\" title=\"Profil von Hannover 96\" rel=\"nofollow noopener\" target=\"_blank\">Hannover 96<\/a> hat den n\u00e4chsten Sieg aus der Hand gegeben. Gegen den <a href=\"https:\/\/www.fussballdaten.de\/vereine\/karlsruher-sc\/\" title=\"Profil von Karlsruher SC\" rel=\"nofollow noopener\" target=\"_blank\">Karlsruher SC<\/a> reichte es am Freitagabend trotz zweimaliger F\u00fchrung nur zu einem 2:2. Der KSC belohnte sich f\u00fcr eine starke zweite H\u00e4lfte mit einem sp\u00e4ten Ausgleich.<\/p>\n<p>Gindorf und Hartel treffen f\u00fcr Hannover<\/p>\n<p class=\"mb20 mt30\">Vor 39.600 Zuschauern erwischten beide Mannschaften einen schwungvollen Start. Hannover ging in der 26. Minute in F\u00fchrung. <a href=\"https:\/\/www.fussballdaten.de\/person\/lars-gindorf\/\" title=\"Profil von Lars Gindorf\" rel=\"nofollow noopener\" target=\"_blank\">Lars Gindorf<\/a> brachte den Ball nach einer gelungenen Offensivaktion im Karlsruher Tor unter. Die Antwort der G\u00e4ste folgte prompt: Nur zwei Minuten sp\u00e4ter nutzte Shio Fukuda einen Fehler in der 96-Defensive zum 1:1.<\/p>\n<p class=\"mb20 mt30\">Hannover lie\u00df sich davon nicht beeindrucken und legte noch vor der Pause erneut vor. <a href=\"https:\/\/www.fussballdaten.de\/person\/marcel-hartel\/\" title=\"Profil von Marcel Hartel\" rel=\"nofollow noopener\" target=\"_blank\">Marcel Hartel<\/a> traf in der 38. Minute und erzielte damit sein erstes Tor f\u00fcr die Niedersachsen. Der KSC blieb jedoch gef\u00e4hrlich und hatte noch vor dem Seitenwechsel mehrere gute M\u00f6glichkeiten zum erneuten Ausgleich.<\/p>\n<p>Pinto Pedrosa sorgt f\u00fcr sp\u00e4ten Ausgleich<\/p>\n<p class=\"mb20 mt30\">Nach der Pause \u00fcbernahm Karlsruhe zunehmend die Kontrolle. Die G\u00e4ste erspielten sich Chance um Chance, w\u00e4hrend Hannover nur noch selten f\u00fcr Entlastung sorgte. Ein weiterer Treffer von Gindorf wurde in der 74. Minute wegen Abseits aberkannt.<\/p>\n<p class=\"mb20 mt30\">Der verdiente Ausgleich fiel schlie\u00dflich in der 85. Minute. <a href=\"https:\/\/www.fussballdaten.de\/person\/rafael-pinto-pedrosa\/\" title=\"Profil von Rafael Pinto Pedrosa\" rel=\"nofollow noopener\" target=\"_blank\">Rafael Pinto Pedrosa<\/a> war zur Stelle und stellte auf 2:2. In der Nachspielzeit h\u00e4tte der KSC die Partie beinahe sogar komplett gedreht, doch Franz Roggow traf mit einem Freisto\u00df nur den Pfosten.<\/p>\n<p class=\"mb20 mt30\">F\u00fcr Hannover ist das Remis ein R\u00fcckschlag. Nach vier Spieltagen steht erst ein Sieg zu Buche. Karlsruhe nimmt dagegen einen wichtigen Punkt mit und steht vorerst auf Platz 7.<\/p>\n","protected":false},"excerpt":{"rendered":"Hannover 96 hat den n\u00e4chsten Sieg aus der Hand gegeben. Gegen den Karlsruher SC reichte es am Freitagabend&hellip;\n","protected":false},"author":2,"featured_media":1281948,"comment_status":"","ping_status":"","sticky":false,"template":"","format":"standard","meta":{"footnotes":"","_share_on_mastodon":"0"},"categories":[1836],"tags":[621,3364,29,30,46,2366,3850,85960,249204,1411,264461,98630],"class_list":["post-1281947","post","type-post","status-publish","format-standard","has-post-thumbnail","category-hannover","tag-2-bundesliga","tag-de","tag-deutschland","tag-germany","tag-hannover","tag-hannover-96","tag-karlsruher-sc","tag-lars-gindorf","tag-marcel-hartel","tag-niedersachsen","tag-rafael-pinto-pedrosa","tag-shio-fukuda"],"share_on_mastodon":{"url":"https:\/\/pubeurope.com\/@de\/117217689812993951","error":""},"_links":{"self":[{"href":"https:\/\/www.europesays.com\/de\/wp-json\/wp\/v2\/posts\/1281947","targetHints":{"allow":["GET"]}}],"collection":[{"href":"https:\/\/www.europesays.com\/de\/wp-json\/wp\/v2\/posts"}],"about":[{"href":"https:\/\/www.europesays.com\/de\/wp-json\/wp\/v2\/types\/post"}],"author":[{"embeddable":true,"href":"https:\/\/www.europesays.com\/de\/wp-json\/wp\/v2\/users\/2"}],"replies":[{"embeddable":true,"href":"https:\/\/www.europesays.com\/de\/wp-json\/wp\/v2\/comments?post=1281947"}],"version-history":[{"count":0,"href":"https:\/\/www.europesays.com\/de\/wp-json\/wp\/v2\/posts\/1281947\/revisions"}],"wp:featuredmedia":[{"embeddable":true,"href":"https:\/\/www.europesays.com\/de\/wp-json\/wp\/v2\/media\/1281948"}],"wp:attachment":[{"href":"https:\/\/www.europesays.com\/de\/wp-json\/wp\/v2\/media?parent=1281947"}],"wp:term":[{"taxonomy":"category","embeddable":true,"href":"https:\/\/www.europesays.com\/de\/wp-json\/wp\/v2\/categories?post=1281947"},{"taxonomy":"post_tag","embeddable":true,"href":"https:\/\/www.europesays.com\/de\/wp-json\/wp\/v2\/tags?post=1281947"}],"curies":[{"name":"wp","href":"https:\/\/api.w.org\/{rel}","templated":true}]}}