{"id":1281965,"date":"2026-09-05T09:30:30","date_gmt":"2026-09-05T09:30:30","guid":{"rendered":"https:\/\/www.europesays.com\/de\/1281965\/"},"modified":"2026-09-05T09:30:30","modified_gmt":"2026-09-05T09:30:30","slug":"goldene-henne-2026-glanzvoller-abend-in-leipzig-begeistert-millionen","status":"publish","type":"post","link":"https:\/\/www.europesays.com\/de\/1281965\/","title":{"rendered":"Goldene Henne 2026: Glanzvoller Abend in Leipzig begeistert Millionen"},"content":{"rendered":"<p class=\"date\">05.09.2026 \u2013 10:50<\/p>\n<p class=\"customer\">\n                        <a class=\"story-customer\" title=\"weiter zum newsroom von ARD Das Erste\" href=\"https:\/\/www.presseportal.de\/nr\/6694\" rel=\"nofollow noopener\" target=\"_blank\">ARD Das Erste<\/a>\n                    <\/p>\n<p><a class=\"glightbox-pseudo event-trigger\" href=\"https:\/\/cache.pressmailing.net\/thumbnail\/story_hires\/d02b7458-f2ba-4483-b23d-a130b1998f15\/Goldene%20Henne_Markus%20Nass_183.JPG.jpg\" data-description=\"Abschlussbild Preistr\u00e4gerinnen und Preistr\u00e4ger&#010;Goldene Henne 2026 in der Messe in Leipzig am 04.09.2026 \/ &#010;Foto: BrauerPhotos \/ M.Nass f\u00fcr Burda Media&#010;Goldene Henne 2026 in der Messe in Leipzig am 04.09.2026 \/ &#010;Foto: BrauerPhotos \/ M.Nass f\u00fcr Burda Media \/ Weiterer Text \u00fcber ots und www.presseportal.de\/nr\/6694 \/ Die Verwendung dieses Bildes f\u00fcr redaktionelle Zwecke ist unter Beachtung aller mitgeteilten Nutzungsbedingungen zul\u00e4ssig und dann auch honorarfrei. Ver\u00f6ffentlichung ausschlie\u00dflich mit Bildrechte-Hinweis.\" data-category=\"medialightbox\" data-action=\"click\" data-label=\"single\" data-value=\"6a9bd7ca270000fd2ccae25f\" rel=\"nofollow noopener\" target=\"_blank\"><img decoding=\"async\" height=\"540\" with=\"720\" src=\"https:\/\/www.europesays.com\/de\/wp-content\/uploads\/2026\/09\/goldene-henne-2026-glanzvoller-abend-in-leipzig-begeistert-millionen.jpeg\"   alt=\"Goldene Henne 2026: Glanzvoller Abend in Leipzig begeistert Millionen\" class=\"single\"\/><\/a><\/p>\n<p><a data-category=\"citylink-story-view\" data-action=\"click\" data-label=\"Citylink in Meldungsansicht\" class=\"story-city event-trigger\" href=\"https:\/\/www.presseportal.de\/regional\/M%FCnchen\" title=\"News aus M\u00fcnchen \" rel=\"nofollow noopener\" target=\"_blank\">M\u00fcnchen<\/a> (ots)<\/p>\n<p>Momente, die ber\u00fchren, und Stars, die begeistern: Die Goldene Henne 2026 hat die Leipziger Messe gestern Abend in eine ganz besondere B\u00fchne verwandelt. Gro\u00dfe Stars, emotionale Auszeichnungen und musikalische H\u00f6hepunkte machten die 32. Verleihung zu einem gl\u00e4nzenden Abend &#8211; vor Ort und vor den Bildschirmen. Bis zu <b>3,4 Millionen Zuschauerinnen und Zuschauer<\/b> schalteten im Ersten ein, der Marktanteil lag bei <b>18 Prozent<\/b>.<\/p>\n<p>F\u00fcr musikalische Highlights sorgten internationale und nationale Topstars: <b>Take That<\/b>, <b>Helene Fischer<\/b>, <b>Johannes Oerding<\/b>, <b>Unheilig<\/b>, <b>Michael Schulte, Peter Maffay <\/b>und vor allem auch<b> Florian K\u00fcnstler<\/b> und der <b>MDR Kinderchor <\/b>brachten die B\u00fchne zum Leuchten. <b>Helene Fischer <\/b>pr\u00e4sentierte erstmals live ihre neue Single, <b>Take That<\/b> sorgten gemeinsam mit <b>Michael Patrick Kelly<\/b> f\u00fcr eine besondere Deutschlandpremiere.<\/p>\n<p>Doch die Goldene Henne 2026 war weit mehr als eine gro\u00dfe Primetime-Show. Im Mittelpunkt des gr\u00f6\u00dften Publikumspreises, moderiert von <b>Esther Sedlaczek<\/b> und <b>Florian Silbereisen<\/b>, standen Menschen und Geschichten, die bewegen. <b>Armin Mueller-Stahl<\/b> wurde f\u00fcr sein Lebenswerk geehrt, <b>Hape Kerkeling<\/b> erhielt die Goldene Henne in der Kategorie Film &amp; Fernsehen. Auch <b>Felix Lobrecht<\/b> und das <b>Eiskunstlaufpaar Minerva Hase und Nikita Volodin<\/b> durften sich \u00fcber eine Goldene Henne freuen. Und mit der Ehren-Henne f\u00fcr das Fernseh-Event <b>&#8222;Babylon Berlin&#8220;<\/b> wurde eine Serie ausgezeichnet, die deutsche Fernsehgeschichte geschrieben hat und am 10. September mit ihrer finalen Staffel in der ARD Mediathek zur\u00fcckkehrt.<\/p>\n<p>Besonders ber\u00fchrend waren die Auszeichnungen f\u00fcr Menschen, die sonst nicht im Rampenlicht stehen: f\u00fcr die ehrenamtlichen Helferinnen und Helfer des Tierheims Berlin, f\u00fcr Lebensretter und f\u00fcr das Kinder- und Jugendhospiz Leuchtturm. Sie zeigen, was die Goldene Henne seit jeher auszeichnet: gro\u00dfe Unterhaltung und gro\u00dfe Wertsch\u00e4tzung f\u00fcr Menschen, die unsere Gesellschaft bereichern.<\/p>\n<p>Die Goldene Henne 2026 ist eine Veranstaltung von MDR und SuperIllu in Zusammenarbeit mit NDR, BR und rbb.<\/p>\n<p>Fernsehnutzungsdaten: AGF Videoforschung; AGF SCOPE, Marktstandard Bewegtbild, Auswertungstyp TV  Streamingdaten: AGF\/Nielsen, Zensusdaten; Abrufe aus Deutschland; Abrufmodus: Livestream; eigene Berechnungen<\/p>\n<p class=\"contact-headline\">Pressekontakt:<\/p>\n<p class=\"contact-text\">Pressekontakt:<br \/>ARD-Programmdirektion<br \/>Pressesprecherin<br \/>Tabea Werner<br \/>Tel.: 089 \/ 558944-867<br \/>E-Mail: <a href=\"https:\/\/www.presseportal.de\/pm\/6694\/mailto:Tabea.Werner@ard.de\" class=\"uri-mailto\" rel=\"nofollow noopener\" target=\"_blank\">Tabea.Werner@ard.de<\/a><\/p>\n<p class=\"originator\">Original-Content von: ARD Das Erste, \u00fcbermittelt durch news aktuell<\/p>\n","protected":false},"excerpt":{"rendered":"05.09.2026 \u2013 10:50 ARD Das Erste M\u00fcnchen (ots) Momente, die ber\u00fchren, und Stars, die begeistern: Die Goldene Henne&hellip;\n","protected":false},"author":2,"featured_media":1281966,"comment_status":"","ping_status":"","sticky":false,"template":"","format":"standard","meta":{"footnotes":"","_share_on_mastodon":"0"},"categories":[1832],"tags":[3681,3477,1801,3364,29,441,92,30,1724,80,71,62,178,180,179,181,10063,859,1897,6406,215],"class_list":["post-1281965","post","type-post","status-publish","format-standard","has-post-thumbnail","category-leipzig","tag-auszeichnung","tag-bild","tag-celebrities","tag-de","tag-deutschland","tag-fernsehen","tag-film","tag-germany","tag-gesellschaft","tag-kultur","tag-leipzig","tag-medien","tag-presse","tag-pressemeldung","tag-pressemitteilung","tag-pressemitteilungen","tag-quoten","tag-sachsen","tag-streaming","tag-tv-ausblick","tag-unterhaltung"],"share_on_mastodon":{"url":"https:\/\/pubeurope.com\/@de\/117217737067652890","error":""},"_links":{"self":[{"href":"https:\/\/www.europesays.com\/de\/wp-json\/wp\/v2\/posts\/1281965","targetHints":{"allow":["GET"]}}],"collection":[{"href":"https:\/\/www.europesays.com\/de\/wp-json\/wp\/v2\/posts"}],"about":[{"href":"https:\/\/www.europesays.com\/de\/wp-json\/wp\/v2\/types\/post"}],"author":[{"embeddable":true,"href":"https:\/\/www.europesays.com\/de\/wp-json\/wp\/v2\/users\/2"}],"replies":[{"embeddable":true,"href":"https:\/\/www.europesays.com\/de\/wp-json\/wp\/v2\/comments?post=1281965"}],"version-history":[{"count":0,"href":"https:\/\/www.europesays.com\/de\/wp-json\/wp\/v2\/posts\/1281965\/revisions"}],"wp:featuredmedia":[{"embeddable":true,"href":"https:\/\/www.europesays.com\/de\/wp-json\/wp\/v2\/media\/1281966"}],"wp:attachment":[{"href":"https:\/\/www.europesays.com\/de\/wp-json\/wp\/v2\/media?parent=1281965"}],"wp:term":[{"taxonomy":"category","embeddable":true,"href":"https:\/\/www.europesays.com\/de\/wp-json\/wp\/v2\/categories?post=1281965"},{"taxonomy":"post_tag","embeddable":true,"href":"https:\/\/www.europesays.com\/de\/wp-json\/wp\/v2\/tags?post=1281965"}],"curies":[{"name":"wp","href":"https:\/\/api.w.org\/{rel}","templated":true}]}}