{"id":1281972,"date":"2026-09-05T09:35:20","date_gmt":"2026-09-05T09:35:20","guid":{"rendered":"https:\/\/www.europesays.com\/de\/1281972\/"},"modified":"2026-09-05T09:35:20","modified_gmt":"2026-09-05T09:35:20","slug":"vfb-stuttgart-bilal-el-khannouss-erklaert-seinen-verbleib-er-lehnte-dreifaches-gehalt-ab-sport","status":"publish","type":"post","link":"https:\/\/www.europesays.com\/de\/1281972\/","title":{"rendered":"VfB Stuttgart: Bilal El Khannouss erkl\u00e4rt seinen Verbleib \u2013 er lehnte dreifaches Gehalt ab! | Sport"},"content":{"rendered":"<p><a class=\"skip-content skip-content--link\" href=\"#in-content-skip-link-target-v-0-0\">TTS-Player \u00fcberspringen\u21b5<\/a><a id=\"in-content-skip-link-target-v-0-0\" class=\"skip-content--target-link-hidden skip-content skip-content--target-link\" href=\"#in-content-skip-link-target-v-0-0\">Artikel weiterlesen<\/a><\/p>\n<p>Stuttgart \u2013 <b>Viel besser kann man auf Wechsel-Ger\u00fcchte nicht antworten. Bilal El Khannouss (22) bleibt beim VfB Stuttgart, schlug nach seiner starken WM mit Marokko einige Top-Angebote aus. Beim ersten Spiel nach der Transferphase zeigte der Dribbelk\u00fcnstler, warum sein VfB-Verbleib so wichtig ist.<\/b><\/p>\n<p>Beim 4:1-Sieg gegen K\u00f6ln am Freitagabend wurde El Khannouss zu \u201eEl Genuss\u201c und zum Spieler des Spiels. Sein toller Alleingang zum 1:0 (39.) f\u00fchrte den VfB auf die Siegerstra\u00dfe. Das Dribbling gegen die halbe K\u00f6lner Abwehr lie\u00df einen Hauch von Lionel Messi (39) durch das Stuttgarter Stadion wehen. Im Gespr\u00e4ch mit BILD nach Abpfiff wehrte sich El Khannouss aber gegen Vergleiche mit dem Weltstar. Er sagte: \u201eMit Messi sollte man mich nicht vergleichen, man kann niemanden mit Messi vergleichen. Aber ich bin nat\u00fcrlich sehr gl\u00fccklich \u00fcber das Tor und den Sieg.\u201c Und die Fans sind gl\u00fccklich, dass El Khannouss noch beim <a href=\"https:\/\/www.bild.de\/sport\/fussball\/vfb-stuttgart\/startseite-stuttgart-31074430.bild.html\" class=\"text-link\" rel=\"nofollow noopener\" target=\"_blank\">VfB<\/a> spielt! Schlie\u00dflich h\u00e4tte er unter anderem bei einem Wechsel zum Saudi-Klub Al Ittihad sein Gehalt fast verdreifachen k\u00f6nnen. Der VfB h\u00e4tte \u00fcber das 40-Mio.-Euro-Angebot nachgedacht, aber der Offensiv-Star sagte ab.<\/p>\n<p>Karawane Cannstatt: Stuttgart-Fans fluten die Stra\u00dfen<a class=\"anchor video-teaser__anchor\" href=\"https:\/\/www.bild.de\/sport\/fussball\/karawane-cannstatt-stuttgart-fans-fluten-die-strassen-6a9bc8d9fd8102779ee49be0\" rel=\"nofollow noopener\" target=\"_blank\"><img decoding=\"async\" width=\"992\" height=\"558\" alt=\"\" loading=\"lazy\" src=\"https:\/\/www.europesays.com\/de\/wp-content\/uploads\/2026\/09\/87ba2e2295e104c22b0383756ab15172-landscape,8b4c8f39.jpeg\"   class=\"landscape teaser__image\"\/><\/a><\/p>\n<p>Quelle: X @VfB, Instagram @denizundav05.09.2026<\/p>\n<p>El Khannouss: \u201eEs stimmt, es gab Angebote\u201c<\/p>\n<p><a href=\"https:\/\/www.bild.de\/sport\/fussball\/vfb-stuttgart-trotz-40-mio-angebot-stuttgart-star-blieb-beim-vfb-6a981ab83ae913be367b6a20\" class=\"text-link\" rel=\"nofollow noopener\" target=\"_blank\">El Khannouss <\/a>\u00fcber die vielen Ger\u00fcchte weiter zu BILD: \u201eDie Ger\u00e4usche kommen von au\u00dfen. Solange das nicht aus meinem Mund kommt, ist f\u00fcr mich alles in Ordnung. Ich mache meinen Job, alles andere ist nicht mein Problem. Da habe ich Leute, die f\u00fcr mich arbeiten, meine Familie und die Berater. St\u00f6rger\u00e4usche beeinflussen mich da nicht. Ich genie\u00dfe einfach Fu\u00dfball.\u201c<\/p>\n<p>Mehr zum Thema<\/p>\n<p>Seine Entscheidung, <a href=\"https:\/\/www.bild.de\/sport\/fussball\/vfb-stuttgart\/startseite-stuttgart-31074430.bild.html\" class=\"text-link\" rel=\"nofollow noopener\" target=\"_blank\">Stuttgart<\/a> nicht zu verlassen, begr\u00fcndete er so: \u201eEs stimmt, es gab Angebote, aber das w\u00e4re f\u00fcr mich nicht das Richtige gewesen. Als ich in Stuttgart angekommen bin, haben wir einen Plan \u00fcber zwei Saisons gefasst. Ich will Leistung bringen und mir einen Platz in der Startelf verdienen. Stuttgart ist f\u00fcr mich der beste Ort, um mich als Spieler zu entwickeln. Wir spielen Champions League! In meiner jungen Karriere habe ich schon fast alles gespielt, nur die Champions League fehlt. Daher bin ich hier am richtigen Ort.\u201c<\/p>\n<p>Ar\u00e9valo wechselt nach Portugal<\/p>\n<p>El Khannouss bleibt, Talent Jeremy Ar\u00e9valo (21) geht. Der St\u00fcrmer wechselt auf Leihbasis ohen Kaufoption zum portugiesischen Erstligisten Estrela Amadora, soll dort Spielpraxis sammeln.<\/p>\n","protected":false},"excerpt":{"rendered":"TTS-Player \u00fcberspringen\u21b5Artikel weiterlesen Stuttgart \u2013 Viel besser kann man auf Wechsel-Ger\u00fcchte nicht antworten. Bilal El Khannouss (22) bleibt&hellip;\n","protected":false},"author":2,"featured_media":1281973,"comment_status":"","ping_status":"","sticky":false,"template":"","format":"standard","meta":{"footnotes":"","_share_on_mastodon":"0"},"categories":[1830],"tags":[1634,3364,29,538,347,30,3861,1470,1441,2915,14882,14881],"class_list":["post-1281972","post","type-post","status-publish","format-standard","has-post-thumbnail","category-stuttgart","tag-baden-wuerttemberg","tag-de","tag-deutschland","tag-erste-bundesliga","tag-fussball","tag-germany","tag-hoeness-sebastian","tag-sport-leuchtturm-muenchen","tag-stuttgart","tag-vfb-stuttgart","tag-wehrle-alexander","tag-wohlgemuth-fabian"],"share_on_mastodon":{"url":"https:\/\/pubeurope.com\/@de\/117217756966053909","error":""},"_links":{"self":[{"href":"https:\/\/www.europesays.com\/de\/wp-json\/wp\/v2\/posts\/1281972","targetHints":{"allow":["GET"]}}],"collection":[{"href":"https:\/\/www.europesays.com\/de\/wp-json\/wp\/v2\/posts"}],"about":[{"href":"https:\/\/www.europesays.com\/de\/wp-json\/wp\/v2\/types\/post"}],"author":[{"embeddable":true,"href":"https:\/\/www.europesays.com\/de\/wp-json\/wp\/v2\/users\/2"}],"replies":[{"embeddable":true,"href":"https:\/\/www.europesays.com\/de\/wp-json\/wp\/v2\/comments?post=1281972"}],"version-history":[{"count":0,"href":"https:\/\/www.europesays.com\/de\/wp-json\/wp\/v2\/posts\/1281972\/revisions"}],"wp:featuredmedia":[{"embeddable":true,"href":"https:\/\/www.europesays.com\/de\/wp-json\/wp\/v2\/media\/1281973"}],"wp:attachment":[{"href":"https:\/\/www.europesays.com\/de\/wp-json\/wp\/v2\/media?parent=1281972"}],"wp:term":[{"taxonomy":"category","embeddable":true,"href":"https:\/\/www.europesays.com\/de\/wp-json\/wp\/v2\/categories?post=1281972"},{"taxonomy":"post_tag","embeddable":true,"href":"https:\/\/www.europesays.com\/de\/wp-json\/wp\/v2\/tags?post=1281972"}],"curies":[{"name":"wp","href":"https:\/\/api.w.org\/{rel}","templated":true}]}}