{"id":1281980,"date":"2026-09-05T09:39:17","date_gmt":"2026-09-05T09:39:17","guid":{"rendered":"https:\/\/www.europesays.com\/de\/1281980\/"},"modified":"2026-09-05T09:39:17","modified_gmt":"2026-09-05T09:39:17","slug":"vfb-stuttgart-schlaegt-koeln-deutlich-hoeness-undav-und-das-los-eines-superstars","status":"publish","type":"post","link":"https:\/\/www.europesays.com\/de\/1281980\/","title":{"rendered":"VfB Stuttgart schl\u00e4gt K\u00f6ln deutlich: Hoene\u00df, Undav und &#8222;das Los eines Superstars&#8220;"},"content":{"rendered":"<p>            <img loading=\"lazy\" decoding=\"async\" class=\"ts-image\" src=\"https:\/\/www.europesays.com\/de\/wp-content\/uploads\/2026\/09\/swr-deniz-undav-wurde-von-stuttgarts-trainer-sebeastian-hoeness-in-der-70-spielminute-ausgewechselt-.jpeg\" alt=\"Deniz Undav wurde von Stuttgarts Trainer Sebeastian Hoene\u00df in der 70. Spielminute ausgewechselt. Beim 4:1-Sieg gegen den 1. FC K\u00f6ln war er kein Faktor.\" title=\"Deniz Undav wurde von Stuttgarts Trainer Sebeastian Hoene\u00df in der 70. Spielminute ausgewechselt. Beim 4:1-Sieg gegen den 1. FC K\u00f6ln war er kein Faktor. | IMAGO, IMAGO \/ Pressefoto Baumann\"\/><\/p>\n<p class=\"metatextline\">Stand: 05.09.2026 \u2022 11:24 Uhr<\/p>\n<p class=\"article-head__shorttext\">\n        <strong>Nach dem Sieg gegen den 1. FC K\u00f6ln humpelte Deniz Undav etwas ungelenk vom Platz. Auch w\u00e4hrend des Spiels konnte der Kapit\u00e4n des VfB Stuttgart nicht komplett \u00fcberzeugen. Trainer Sebastian Hoene\u00df nahm ihn trotzdem in Schutz.<\/strong>\n    <\/p>\n<p class=\"textabsatz m-ten m-offset-one l-eight l-offset-two columns twelve\">Nationalst\u00fcrmer Deniz Undav streckte den Daumen nach oben. <a href=\"https:\/\/www.sportschau.de\/fussball\/bundesliga\/nach-dem-lattenschiessen-laesst-es-der-vfb-krachen,spielbericht-vfb-stuttgart-koeln-102.html\" title=\"Die Geste passte zum 4:1 seines VfB Stuttgart gegen den 1. FC K\u00f6ln\" rel=\"nofollow noopener\" target=\"_blank\">Die Geste passte zum 4:1 seines VfB Stuttgart gegen den 1. FC K\u00f6ln<\/a>. Doch Undavs pers\u00f6nliche Leistung verblasste hinter den Auftritten der Torsch\u00fctzen Bilal El Khannouss, Grischa Pr\u00f6mel, Ermedin Demirovic und Josha Vagnoman. Und nach dem ersten Saisonsieg der Schwaben in der Bundesliga musste der Torj\u00e4ger zudem seine Achillessehne k\u00fchlen.<\/p>\n<p class=\"textabsatz m-ten m-offset-one l-eight l-offset-two columns twelve\">&#8222;Es ist das Los eines Superstars, dass dann nach dem 4:1 nach Deniz&#8216; Leistung gefragt wird&#8220;, entgegnete VfB-Trainer Sebastian Hoene\u00df auf eine entsprechende Frage. &#8222;Sicher kann er besser spielen, hat er schon sehr, sehr oft bei uns gezeigt&#8220;, r\u00e4umte der Coach ein. Er habe nicht das Gef\u00fchl, dass Undav 100 Prozent frei im Kopf sei. Die Achillessehne bereite ein bisschen Probleme.<\/p>\n<p>    Undavs Teamkollegen schie\u00dfen den VfB Stuttgart zum Sieg<\/p>\n<p class=\"textabsatz m-ten m-offset-one l-eight l-offset-two columns twelve\">Gegen die K\u00f6lner fiel es nicht ins Gewicht, dass Undav keine Topleistung ablieferte. Auch so war der Erfolg hoch verdient. El Khannouss gl\u00e4nzte mit seinem F\u00fchrungstreffer zum 1:0. Der Marokkaner trug nach dem Spiel auch stolz den Plexiglas-Kasten unter dem Arm, in dem ein kleiner Ball f\u00fcr den &#8222;Spieler des Spiels&#8220; aufbewahrt wird.<\/p>\n<p class=\"textabsatz m-ten m-offset-one l-eight l-offset-two columns twelve\">El Khannouss, bis zum Transferschluss am vergangenen Dienstag angeblich ein Verkaufskandidat, habe ein &#8222;Topspiel&#8220; gemacht, lobte Trainer Sebastian Hoene\u00df: &#8222;Er war entscheidend daran beteiligt, dass wir das Spiel gewinnen.&#8220; Der 22 Jahre alte Mittelfeldspieler erzielte gegen zwischenzeitlich starke K\u00f6lner auf geradezu geniale Art den erl\u00f6senden F\u00fchrungstreffer (39.) &#8211; und hatte auch danach herausragende Szenen. &#8222;Komplett rund&#8220; sei der Auftritt von El Khannouss gewesen, erg\u00e4nzte Hoene\u00df<\/p>\n<p>VfB Stuttgart verleiht Ar\u00e9valo an M\u00fcller-Klub Amadora<\/p>\n<p>            Der VfB Stuttgart hat den ecuadorianischen St\u00fcrmer Jeremy Ar\u00e9valo bis Saisonende an den portugiesischen Erstligisten CF Estrela Amadora verliehen. Der 21 Jahre alte WM-Teilnehmer war im Januar f\u00fcr 7,5 Millionen Euro von Racing Santander gewechselt, hat es bislang aber nur auf 32 Bundesliga-Minuten gebracht.<br \/>\n&#8222;F\u00fcr Jeremy ist die Leihe zu Estrela Amadora zum jetzigen Zeitpunkt der richtige Karriereschritt, um in der ersten portugiesischen Liga Spielpraxis und weitere Erfahrungen zu sammeln&#8220;, sagte Fabian Wohlgemuth, Vorstand Sport beim VfB. Estrela Amadora, ein junger Klub aus einer Vorstadt Lissabons, war erst k\u00fcrzlich zum gr\u00f6\u00dften Teil von einer Investorengruppe erworben worden, zu der auch die fr\u00fcheren Fu\u00dfball-Nationalspieler Thomas M\u00fcller und Mats Hummels geh\u00f6ren.<\/p>\n<p>    Stuttgarter Fans feiern Keeper Fabian Bredlow<\/p>\n<p class=\"textabsatz m-ten m-offset-one l-eight l-offset-two columns twelve\">Auch Mittelfeldspieler Pr\u00f6mel, der f\u00fcr Undav eingewechselte Sturmkonkurrent Demirovic und Rechtsverteidiger Vagnoman per traumhaftem Volleyschuss trugen sich in die Torsch\u00fctzenliste ein. Doch die Fans der Schwaben feierten deutlichen Sieg lieber Torh\u00fcter Fabian Bredlow. Mit Sprechch\u00f6ren zollten die Anh\u00e4nger dem 31-J\u00e4hrigen nach dem Schlusspfiff Respekt. Bredlow trat aus der Reihe der feiernden VfB-Profis hervor &#8211; und durfte sich \u00fcber den Sonder-Applaus freuen. &#8222;Das tut ihm sicher gut, das hat er auch total verdient&#8220;, sagte Coach Hoene\u00df. &#8222;Wir wissen, was wir an Fabi haben, das wei\u00df ich, seit ich hier bin.&#8220;<\/p>\n<p class=\"textabsatz m-ten m-offset-one l-eight l-offset-two columns twelve\">Seit Jahren ist Bredlow ein gesch\u00e4tzter Stellvertreter bei den Schwaben. Seit diesem Sommer aber steht er wegen der Oberschenkelverletzung des als Nummer eins vorgesehenen Keepers Dennis Seimen besonders im Fokus &#8211; und \u00fcberzeugt. Mit der Entscheidung, trotz des Seimen-Ausfalls keinen Ersatz zu verpflichten, lagen die Verantwortlichen der Stuttgarter offenbar richtig.<\/p>\n<p>    VfB Stuttgart feiert Sieg mit Sch\u00f6nheitsfehlern<\/p>\n<p class=\"textabsatz m-ten m-offset-one l-eight l-offset-two columns twelve\">Gegen die K\u00f6lner bewahrte Bredlow den VfB zu Beginn der zweiten H\u00e4lfte vor dem drohenden Ausgleich. Denn trotz des deutlichen Sieges musste Hoene\u00df daher auch eine M\u00e4ngelliste aufstellen. Die erste Halbzeit, sagte er, &#8222;war fast wie aus einem Guss&#8220;, das einzige, was nicht gepasst hat, war das &#8222;Ergebnis&#8220; &#8211; tats\u00e4chlich h\u00e4tte der VfB nicht nur wegen zwei Lattentreffern deutlich h\u00f6her f\u00fchren k\u00f6nnen. &#8222;Dann&#8220;, erg\u00e4nzte Hoene\u00df, &#8222;kommen wir raus und es war fast wie abgerissen. Das ist schon eine Phase, die wir aufarbeiten m\u00fcssen.&#8220;<\/p>\n<p class=\"textabsatz m-ten m-offset-one l-eight l-offset-two columns twelve\">Der schw\u00e4bische Bundesligist zeigte mit dem Sieg eine starke Reaktion <a href=\"https:\/\/www.swr.de\/sport\/fussball\/vfb-stuttgart-nach-auftakt-debakel-beim-fc-bayern-muenchen-100.html\" title=\"auf die 1:5-Klatsche zur Saisoner\u00f6ffnung beim FC Bayern M\u00fcnchen am ersten Spieltag\" class=\"textlink--extern\" target=\"_blank\" rel=\"noopener nofollow\">auf die 1:5-Klatsche zur Saisoner\u00f6ffnung beim FC Bayern M\u00fcnchen am ersten Spieltag<\/a>. Undav, der den VfB seit Saisonbeginn als Kapit\u00e4n anf\u00fchrt, kann am Mittwoch (<a href=\"https:\/\/www.sportschau.de\/live-und-ergebnisse\/fussball\/uefa-champions-league\/ma12518055\/vfb-stuttgart_viking-fk\/liveticker\" title=\"18:45 Uhr live im Audiostream auf Sportschau.de\" rel=\"nofollow noopener\" target=\"_blank\">18:45 Uhr live im Audiostream auf Sportschau.de<\/a>) einen \u00fcberzeugenderen Auftritt hinlegen: Dann legen die Stuttgarter in der Champions League gegen den norwegischen Vertreter Viking Stavanger los.<\/p>\n<p>                                        <a class=\"backlink__link\" href=\"https:\/\/www.swr.de\/sport\/fussball\/vfb-stuttgart-gegen-1-fc-koeln-deniz-undav-100.html\" rel=\"nofollow noopener\" target=\"_blank\"><\/p>\n<p>                                                <img decoding=\"async\" src=\"https:\/\/images.sportschau.de\/image\/d14251d0-d158-4797-a47c-e97e1e58a56b\/AAABlap_vas\/AAABnR8VW9w\/original\/lra-swr-logo-100.svg\" alt=\"S\u00fcdwestrundfunk\"\/><\/p>\n<p>                                        <\/a><\/p>\n","protected":false},"excerpt":{"rendered":"Stand: 05.09.2026 \u2022 11:24 Uhr Nach dem Sieg gegen den 1. FC K\u00f6ln humpelte Deniz Undav etwas ungelenk&hellip;\n","protected":false},"author":2,"featured_media":1281981,"comment_status":"","ping_status":"","sticky":false,"template":"","format":"standard","meta":{"footnotes":"","_share_on_mastodon":"0"},"categories":[1828],"tags":[299,29,347,30,1420,1209,1755,2915],"class_list":["post-1281980","post","type-post","status-publish","format-standard","has-post-thumbnail","category-koeln","tag-bundesliga","tag-deutschland","tag-fussball","tag-germany","tag-koeln","tag-nordrhein-westfalen","tag-swr","tag-vfb-stuttgart"],"share_on_mastodon":{"url":"https:\/\/pubeurope.com\/@de\/117217773334915622","error":""},"_links":{"self":[{"href":"https:\/\/www.europesays.com\/de\/wp-json\/wp\/v2\/posts\/1281980","targetHints":{"allow":["GET"]}}],"collection":[{"href":"https:\/\/www.europesays.com\/de\/wp-json\/wp\/v2\/posts"}],"about":[{"href":"https:\/\/www.europesays.com\/de\/wp-json\/wp\/v2\/types\/post"}],"author":[{"embeddable":true,"href":"https:\/\/www.europesays.com\/de\/wp-json\/wp\/v2\/users\/2"}],"replies":[{"embeddable":true,"href":"https:\/\/www.europesays.com\/de\/wp-json\/wp\/v2\/comments?post=1281980"}],"version-history":[{"count":0,"href":"https:\/\/www.europesays.com\/de\/wp-json\/wp\/v2\/posts\/1281980\/revisions"}],"wp:featuredmedia":[{"embeddable":true,"href":"https:\/\/www.europesays.com\/de\/wp-json\/wp\/v2\/media\/1281981"}],"wp:attachment":[{"href":"https:\/\/www.europesays.com\/de\/wp-json\/wp\/v2\/media?parent=1281980"}],"wp:term":[{"taxonomy":"category","embeddable":true,"href":"https:\/\/www.europesays.com\/de\/wp-json\/wp\/v2\/categories?post=1281980"},{"taxonomy":"post_tag","embeddable":true,"href":"https:\/\/www.europesays.com\/de\/wp-json\/wp\/v2\/tags?post=1281980"}],"curies":[{"name":"wp","href":"https:\/\/api.w.org\/{rel}","templated":true}]}}