{"id":1281988,"date":"2026-09-05T09:43:20","date_gmt":"2026-09-05T09:43:20","guid":{"rendered":"https:\/\/www.europesays.com\/de\/1281988\/"},"modified":"2026-09-05T09:43:20","modified_gmt":"2026-09-05T09:43:20","slug":"a7-in-hamburg-richtung-sueden-gesperrt","status":"publish","type":"post","link":"https:\/\/www.europesays.com\/de\/1281988\/","title":{"rendered":"A7 in Hamburg Richtung S\u00fcden gesperrt"},"content":{"rendered":"<p>&#13;<br \/>\n            Hamburg. In Hamburg ist die Autobahn 7 Richtung S\u00fcden seit Freitagabend gesperrt. Betroffen ist der Abschnitt Richtung Hannover zwischen den Anschlussstellen Hamburg-Stellingen und Hamburg-Heimfeld, einschlie\u00dflich des Elbtunnels. Die Umleitung verlaufe im Wesentlichen \u00fcber die A1, hie\u00df es von der Hamburger Verkehrsleitstelle. Demnach herrschte auf der A1 zwischen Billstedt und Stillhorn am Samstagvormittag auf mehreren Kilometern stockender Verkehr. <\/p>\n<p>Nach fr\u00fcheren Angaben der Autobahn GmbH soll die Sperrung bis Montagmorgen (5.00 Uhr) bestehen. Grund ist demnach die Hauptpr\u00fcfung der Hochstra\u00dfe Elbmarsch. <\/p>\n<p>          &#13;<br \/>\n            Umleitung \u00fcber B205, A21 und A1 <\/p>\n<p>F\u00fcr den \u00fcberregionalen Verkehr in Richtung S\u00fcden\/Hannover wurde eine weitr\u00e4umige Umleitung ab der Anschlussstelle Neum\u00fcnster-S\u00fcd \u00fcber die B205, die A21 und die A1 empfohlen. Auch f\u00fcr Gro\u00dfraum- und Schwertransporte ist eine Durchfahrt w\u00e4hrend der Sperrzeit nicht m\u00f6glich.\u00a0 <\/p>\n<p>Projekt Hochstra\u00dfe Elbmarsch fast beendet <\/p>\n<p>Das Ausbauprojekt Hochstra\u00dfe Elbmarsch steht kurz vor dem Abschluss: Die Erweiterung des Bauwerks ist bereits fertig, derzeit laufen die letzten Sanierungsarbeiten an der Bestandsfahrbahn Richtung S\u00fcden. Die Br\u00fccke soll Ende September 2026 vollst\u00e4ndig fertiggestellt und f\u00fcr den Verkehr freigegeben werden. <\/p>\n","protected":false},"excerpt":{"rendered":"&#13; Hamburg. In Hamburg ist die Autobahn 7 Richtung S\u00fcden seit Freitagabend gesperrt. Betroffen ist der Abschnitt Richtung&hellip;\n","protected":false},"author":2,"featured_media":1281989,"comment_status":"","ping_status":"","sticky":false,"template":"","format":"standard","meta":{"footnotes":"","_share_on_mastodon":"0"},"categories":[1826],"tags":[6399,29,30,692,1411,1971,601],"class_list":["post-1281988","post","type-post","status-publish","format-standard","has-post-thumbnail","category-hamburg","tag-bau","tag-deutschland","tag-germany","tag-hamburg","tag-niedersachsen","tag-schleswig-holstein","tag-verkehr"],"share_on_mastodon":{"url":"https:\/\/pubeurope.com\/@de\/117217788337632518","error":""},"_links":{"self":[{"href":"https:\/\/www.europesays.com\/de\/wp-json\/wp\/v2\/posts\/1281988","targetHints":{"allow":["GET"]}}],"collection":[{"href":"https:\/\/www.europesays.com\/de\/wp-json\/wp\/v2\/posts"}],"about":[{"href":"https:\/\/www.europesays.com\/de\/wp-json\/wp\/v2\/types\/post"}],"author":[{"embeddable":true,"href":"https:\/\/www.europesays.com\/de\/wp-json\/wp\/v2\/users\/2"}],"replies":[{"embeddable":true,"href":"https:\/\/www.europesays.com\/de\/wp-json\/wp\/v2\/comments?post=1281988"}],"version-history":[{"count":0,"href":"https:\/\/www.europesays.com\/de\/wp-json\/wp\/v2\/posts\/1281988\/revisions"}],"wp:featuredmedia":[{"embeddable":true,"href":"https:\/\/www.europesays.com\/de\/wp-json\/wp\/v2\/media\/1281989"}],"wp:attachment":[{"href":"https:\/\/www.europesays.com\/de\/wp-json\/wp\/v2\/media?parent=1281988"}],"wp:term":[{"taxonomy":"category","embeddable":true,"href":"https:\/\/www.europesays.com\/de\/wp-json\/wp\/v2\/categories?post=1281988"},{"taxonomy":"post_tag","embeddable":true,"href":"https:\/\/www.europesays.com\/de\/wp-json\/wp\/v2\/tags?post=1281988"}],"curies":[{"name":"wp","href":"https:\/\/api.w.org\/{rel}","templated":true}]}}