{"id":1281996,"date":"2026-09-05T09:48:16","date_gmt":"2026-09-05T09:48:16","guid":{"rendered":"https:\/\/www.europesays.com\/de\/1281996\/"},"modified":"2026-09-05T09:48:16","modified_gmt":"2026-09-05T09:48:16","slug":"hackerangriff-in-berlin-wie-kann-es-sein-dass-computer-mit-derart-sensiblen-informationen-ans-internet-angeschlossen-sind-video","status":"publish","type":"post","link":"https:\/\/www.europesays.com\/de\/1281996\/","title":{"rendered":"Hackerangriff in Berlin: \u201eWie kann es sein, dass Computer mit derart sensiblen Informationen ans Internet angeschlossen sind?\u201c &#8211; Video"},"content":{"rendered":"<p>Nach dem Hackerangriff in Berlin wurden \u00fcber 1,4 Millionen sensible Daten aus dem Landesnetz im Darknet ver\u00f6ffentlicht. \u201eT\u00e4ter k\u00f6nnen sich tats\u00e4chlich Informationen aus diesen Datens\u00e4tzen verschaffen, die hochsensible Einrichtungen betreffen\u201c, sagt Terrorismus-Experte Lars Winkelsdorf.<\/p>\n<p>\u00a9 Axel Springer Deutschland GmbH. Alle Rechte vorbehalten.<\/p>\n","protected":false},"excerpt":{"rendered":"Nach dem Hackerangriff in Berlin wurden \u00fcber 1,4 Millionen sensible Daten aus dem Landesnetz im Darknet ver\u00f6ffentlicht. \u201eT\u00e4ter&hellip;\n","protected":false},"author":2,"featured_media":1281997,"comment_status":"","ping_status":"","sticky":false,"template":"","format":"standard","meta":{"footnotes":"","_share_on_mastodon":"0"},"categories":[1825],"tags":[296,29,30,3558],"class_list":["post-1281996","post","type-post","status-publish","format-standard","has-post-thumbnail","category-berlin","tag-berlin","tag-deutschland","tag-germany","tag-hackerangriff"],"share_on_mastodon":{"url":"https:\/\/pubeurope.com\/@de\/117217807996926147","error":""},"_links":{"self":[{"href":"https:\/\/www.europesays.com\/de\/wp-json\/wp\/v2\/posts\/1281996","targetHints":{"allow":["GET"]}}],"collection":[{"href":"https:\/\/www.europesays.com\/de\/wp-json\/wp\/v2\/posts"}],"about":[{"href":"https:\/\/www.europesays.com\/de\/wp-json\/wp\/v2\/types\/post"}],"author":[{"embeddable":true,"href":"https:\/\/www.europesays.com\/de\/wp-json\/wp\/v2\/users\/2"}],"replies":[{"embeddable":true,"href":"https:\/\/www.europesays.com\/de\/wp-json\/wp\/v2\/comments?post=1281996"}],"version-history":[{"count":0,"href":"https:\/\/www.europesays.com\/de\/wp-json\/wp\/v2\/posts\/1281996\/revisions"}],"wp:featuredmedia":[{"embeddable":true,"href":"https:\/\/www.europesays.com\/de\/wp-json\/wp\/v2\/media\/1281997"}],"wp:attachment":[{"href":"https:\/\/www.europesays.com\/de\/wp-json\/wp\/v2\/media?parent=1281996"}],"wp:term":[{"taxonomy":"category","embeddable":true,"href":"https:\/\/www.europesays.com\/de\/wp-json\/wp\/v2\/categories?post=1281996"},{"taxonomy":"post_tag","embeddable":true,"href":"https:\/\/www.europesays.com\/de\/wp-json\/wp\/v2\/tags?post=1281996"}],"curies":[{"name":"wp","href":"https:\/\/api.w.org\/{rel}","templated":true}]}}