{"id":1282001,"date":"2026-09-05T09:51:24","date_gmt":"2026-09-05T09:51:24","guid":{"rendered":"https:\/\/www.europesays.com\/de\/1282001\/"},"modified":"2026-09-05T09:51:24","modified_gmt":"2026-09-05T09:51:24","slug":"erni-mangold-schauspielerin-aus-oesterreich-ist-tot","status":"publish","type":"post","link":"https:\/\/www.europesays.com\/de\/1282001\/","title":{"rendered":"Erni Mangold: Schauspielerin aus \u00d6sterreich ist tot"},"content":{"rendered":"<p>Sie wurde 99 Jahre alt <\/p>\n<p>Schauspielerin Erni Mangold ist tot<\/p>\n<p>05.09.2026 &#8211; 11:32 UhrLesedauer: 2 Min.<\/p>\n<p><a href=\"#focus-0\" class=\"transition-colors block text-current relative\" data-sctrack=\"FocusGalleryImage.Reference\"><img fetchpriority=\"high\" data-testid=\"Opener.Image\"   loading=\"eager\" src=\"https:\/\/www.europesays.com\/de\/wp-content\/uploads\/2026\/09\/erni-mangold-die-schauspielerin-war-im-theater-und-vor-der-kamera-aktiv.jpg\" alt=\"Erni Mangold: Die Schauspielerin war im Theater und vor der Kamera aktiv.\" title=\"Erni Mangold: Die Schauspielerin war im Theater und vor der Kamera aktiv.\" width=\"3314\" height=\"1864\" class=\"bg-[url:var(--lqipURL)] bg-cover bg-center flex h-full w-full max-w-full\" style=\"--lqipURL:url('https:\/\/images.t-online.de\/2026\/09\/RacLV39OFLN7\/306x108:3314x1864\/fit-in\/150x0\/filters:blur(25)\/erni-mangold-die-schauspielerin-war-im-theater-und-vor-der-kamera-aktiv.jpg')\" decoding=\"async\"\/><img loading=\"lazy\" src=\"https:\/\/www.t-online.de\/s\/paper\/_next\/static\/media\/zoom-in.f7dae02f.svg\" alt=\"Vergr\u00f6\u00dfern des Bildes\" title=\"Vergr\u00f6\u00dfern des Bildes\" class=\"block h-[calc(var(--height)_\/_16_*_1rem)] w-[calc(var(--width)_\/_16_*_1rem)] max-w-none absolute right-8 bottom-8 rounded-4 bg-snow p-8\" style=\"--width:32;--height:32\" decoding=\"async\"\/><\/a><\/p>\n<p>Erni Mangold: Die Schauspielerin war im Theater und vor der Kamera aktiv. (Quelle: IMAGO \/ Landmark Media)<\/p>\n<p><img loading=\"lazy\" src=\"https:\/\/www.t-online.de\/s\/paper\/_next\/static\/media\/audio-volume.6689034c.svg\" alt=\"\" title=\"\" class=\"block h-[calc(var(--height)_\/_16_*_1rem)] w-[calc(var(--width)_\/_16_*_1rem)] max-w-none group-hover:brightness-0 group-hover:invert\" style=\"--width:16;--height:16\" decoding=\"async\"\/>Vorlesen<\/p>\n<p>Aktuelle Zeit:0:00Gesamtdauer:0:00<\/p>\n<p>1x<img loading=\"lazy\" src=\"https:\/\/www.t-online.de\/s\/paper\/_next\/static\/media\/font-sizes.32942e33.svg\" alt=\"\" title=\"\" class=\"block h-[calc(var(--height)_\/_16_*_1rem)] w-[calc(var(--width)_\/_16_*_1rem)] max-w-none group-hover:hidden group-aria-expanded:hidden\" style=\"--width:16;--height:16\" decoding=\"async\"\/><img loading=\"lazy\" src=\"https:\/\/www.t-online.de\/s\/paper\/_next\/static\/media\/font-sizes-dark-mode.e382645c.svg\" alt=\"\" title=\"\" class=\"block h-[calc(var(--height)_\/_16_*_1rem)] w-[calc(var(--width)_\/_16_*_1rem)] max-w-none hidden group-hover:block group-aria-expanded:block\" style=\"--width:16;--height:16\" decoding=\"async\"\/><img loading=\"lazy\" src=\"https:\/\/www.t-online.de\/s\/paper\/_next\/static\/media\/sharing-menu-icon.1eb71368.svg\" alt=\"\" title=\"\" class=\"block h-[calc(var(--height)_\/_16_*_1rem)] w-[calc(var(--width)_\/_16_*_1rem)] max-w-none group-hover:brightness-0 group-hover:invert\" style=\"--width:16;--height:16\" decoding=\"async\"\/>Artikel teilen<\/p>\n<p class=\"font-bold text-18 leading-17 user-text-lg:text-22 user-text-xl:text-24\">Im n\u00e4chsten Jahr h\u00e4tte sie ihren 100. Geburtstag gefeiert. Jetzt ist Film- und Theaterstar Erni Mangold tot.<\/p>\n<p class=\"text-18 leading-17 user-text-lg:text-22 user-text-xl:text-24\">Trauer um die \u00f6sterreichische Schauspielerin Erni Mangold: Im Alter von 99 Jahren ist sie in der Nacht von Freitag auf Samstag in einem Wiener Altersheim verstorben. Dies hat ihr Agent Klaus Kelterborn dem ORF mitgeteilt. Dem \u00f6sterreichischen &#8222;Standard&#8220; zufolge starb sie im Kreise ihrer Familie.<\/p>\n<p class=\"text-18 leading-17 user-text-lg:text-22 user-text-xl:text-24\">Die Frau, die im Januar 1927 als Erna Goldmann in Nieder\u00f6sterreich zur Welt kam, wurde in eine K\u00fcnstlerfamilie hineingeboren. Ihr Vater war Lehrer und Maler, ihre Mutter h\u00e4tte eine erfolgreiche Konzertpianistin werden k\u00f6nnen, doch f\u00fcr ihre Familie verzichtete sie. Vor Beginn des Zweiten Weltkrieges zog Erni Mangold nach Wien, wo sie schon als Jugendliche eine Schauspielschule besuchte.<\/p>\n<ul class=\"text-18 leading-17 block pl-24 *:pb-16 *:before:inline-block *:before:size-8 *:before:bg-magenta *:before:mt-0 *:before:mr-12 *:before:mb-2 *:before:-ml-[20px]\">\n<li><strong class=\"font-bold\">Er wurde 82 Jahre alt:<\/strong> <a href=\"https:\/\/www.t-online.de\/unterhaltung\/stars\/id_101421570\/michael-mendl-schauspieler-mit-82-jahren-gestorben.html\" class=\"transition-colors cursor-pointer no-underline md:hover:text-magenta md:focus:text-magenta border-b border-solid border-current text-salemsfur md:hover:border-magenta\" data-tracking=\"{&quot;action&quot;:&quot;click&quot;,&quot;category&quot;:&quot;intextLink&quot;,&quot;label&quot;:&quot;\/unterhaltung\/stars\/id_101421570\/michael-mendl-schauspieler-mit-82-jahren-gestorben.html&quot;}\" data-sctrack=\"BodyAnchor\" rel=\"nofollow noopener\" target=\"_blank\">Michael Mendl ist tot<\/a><\/li>\n<\/ul>\n<p><a href=\"#focus-1\" class=\"transition-colors block text-current relative\" data-sctrack=\"FocusGalleryImage.Reference\"><img   loading=\"lazy\" src=\"https:\/\/www.europesays.com\/de\/wp-content\/uploads\/2026\/09\/erni-mangold-in-den-sechzigerjahren-in-hamburg.jpg\" alt=\"Erni Mangold in den Sechzigerjahren in Hamburg.\" title=\"Erni Mangold in den Sechzigerjahren in Hamburg.\" width=\"4961\" height=\"2791\" class=\"h-full w-full max-w-full rounded-8\" decoding=\"async\"\/><img loading=\"lazy\" src=\"https:\/\/www.t-online.de\/s\/paper\/_next\/static\/media\/zoom-in.f7dae02f.svg\" alt=\"Vergr\u00f6\u00dfern des Bildes\" title=\"Vergr\u00f6\u00dfern des Bildes\" class=\"block h-[calc(var(--height)_\/_16_*_1rem)] w-[calc(var(--width)_\/_16_*_1rem)] max-w-none absolute right-8 bottom-8 rounded-4 bg-snow p-8\" style=\"--width:32;--height:32\" decoding=\"async\"\/>Erni Mangold in den Sechzigerjahren in Hamburg. (Quelle: IMAGO \/ United Archives)<\/a><\/p>\n<p class=\"text-18 leading-17 user-text-lg:text-22 user-text-xl:text-24\">Danach stand sie auf B\u00fchnen in <a href=\"https:\/\/www.t-online.de\/themen\/oesterreich\/\" class=\"transition-colors cursor-pointer no-underline md:hover:text-magenta md:focus:text-magenta border-b border-solid border-current text-salemsfur md:hover:border-magenta\" data-tracking=\"{&quot;action&quot;:&quot;click&quot;,&quot;category&quot;:&quot;intextLink&quot;,&quot;label&quot;:&quot;\/themen\/oesterreich\/&quot;}\" data-sctrack=\"BodyAnchor\" rel=\"nofollow noopener\" target=\"_blank\">\u00d6sterreich<\/a> und in Deutschland. Ende der Vierzigerjahre dann folgte Erni Mangold erster Auftritt vor der Kamera. In den darauffolgenden Jahrzehnten drehte sie \u00fcber 100 Produktionen f\u00fcr Film und Fernsehen. Sie war unter anderem mehreren &#8222;Tatort&#8220;-Episoden zu sehen, spielte in &#8222;Kommissar Rex&#8220; mit oder in &#8222;Der Alte&#8220;. Mangold arbeitete etwa mit <a href=\"https:\/\/www.t-online.de\/themen\/romy-schneider\/\" class=\"transition-colors cursor-pointer no-underline md:hover:text-magenta md:focus:text-magenta border-b border-solid border-current text-salemsfur md:hover:border-magenta\" data-tracking=\"{&quot;action&quot;:&quot;click&quot;,&quot;category&quot;:&quot;intextLink&quot;,&quot;label&quot;:&quot;\/themen\/romy-schneider\/&quot;}\" data-sctrack=\"BodyAnchor\" rel=\"nofollow noopener\" target=\"_blank\">Romy Schneider<\/a> und Rainer Werner Fassbinder zusammen. 2017 verabschiedete sich Erni Mangold, die auch elf Jahre als ordentliche Hochschulprofessorin an der Wiener Hochschule f\u00fcr Musik und darstellende Kunst unterrichtet hatte, von der B\u00fchne.<\/p>\n<p><a href=\"#focus-2\" class=\"transition-colors block text-current relative\" data-sctrack=\"FocusGalleryImage.Reference\"><img   loading=\"lazy\" src=\"https:\/\/www.europesays.com\/de\/wp-content\/uploads\/2026\/09\/april-2022-erni-mangold-posiert-mit-ihrer-platin-romy.jpg\" alt=\"April 2022: Erni Mangold posiert mit ihrer Platin-Romy.\" title=\"April 2022: Erni Mangold posiert mit ihrer Platin-Romy.\" width=\"3226\" height=\"4000\" class=\"h-full w-full max-w-full rounded-8\" decoding=\"async\"\/><img loading=\"lazy\" src=\"https:\/\/www.t-online.de\/s\/paper\/_next\/static\/media\/zoom-in.f7dae02f.svg\" alt=\"Vergr\u00f6\u00dfern des Bildes\" title=\"Vergr\u00f6\u00dfern des Bildes\" class=\"block h-[calc(var(--height)_\/_16_*_1rem)] w-[calc(var(--width)_\/_16_*_1rem)] max-w-none absolute right-8 bottom-8 rounded-4 bg-snow p-8\" style=\"--width:32;--height:32\" decoding=\"async\"\/>April 2022: Erni Mangold posiert mit ihrer Platin-Romy. (Quelle: IMAGO\/Isabelle Ouvrard)<\/a><\/p>\n<p class=\"text-18 leading-17 user-text-lg:text-22 user-text-xl:text-24\">Mangold lebte lange Zeit in einem Haus in St. Leonhard am Hornerwald in Nieder\u00f6sterreich am Ende einer Sackgasse. Diese wurde zu Mangolds 80. Geburtstag in &#8222;Prof.-Erni-Mangold-Weg&#8220; umbenannt. Das machte sie stolz, wie sie in ihrer Autobiografie &#8222;Lassen Sie mich in Ruhe&#8220; betonte. Es sei f\u00fcr sie das &#8222;sch\u00f6nste Geschenk&#8220;: &#8222;Einen eigenen Stra\u00dfennamen kriegt man ja f\u00fcr gew\u00f6hnlich nur posthum.&#8220; Erni Mangold wurde 2022 mit der Platin-Romy f\u00fcr ihr Lebenswerk ausgezeichnet. Sie war von 1958 bis 1978 mit dem Schauspieler Heinz Reincke verheiratet, Kinder hatte sie nicht.<\/p>\n","protected":false},"excerpt":{"rendered":"Sie wurde 99 Jahre alt Schauspielerin Erni Mangold ist tot 05.09.2026 &#8211; 11:32 UhrLesedauer: 2 Min. Erni Mangold:&hellip;\n","protected":false},"author":2,"featured_media":1282002,"comment_status":"","ping_status":"","sticky":false,"template":"","format":"standard","meta":{"footnotes":"","_share_on_mastodon":"0"},"categories":[1776],"tags":[1801,29,214,264469,30,264470,8872,1802,215],"class_list":["post-1282001","post","type-post","status-publish","format-standard","has-post-thumbnail","category-prominente","tag-celebrities","tag-deutschland","tag-entertainment","tag-erna-goldmann","tag-germany","tag-michael-mendl","tag-orf","tag-prominente","tag-unterhaltung"],"share_on_mastodon":{"url":"https:\/\/pubeurope.com\/@de\/117217823041213575","error":""},"_links":{"self":[{"href":"https:\/\/www.europesays.com\/de\/wp-json\/wp\/v2\/posts\/1282001","targetHints":{"allow":["GET"]}}],"collection":[{"href":"https:\/\/www.europesays.com\/de\/wp-json\/wp\/v2\/posts"}],"about":[{"href":"https:\/\/www.europesays.com\/de\/wp-json\/wp\/v2\/types\/post"}],"author":[{"embeddable":true,"href":"https:\/\/www.europesays.com\/de\/wp-json\/wp\/v2\/users\/2"}],"replies":[{"embeddable":true,"href":"https:\/\/www.europesays.com\/de\/wp-json\/wp\/v2\/comments?post=1282001"}],"version-history":[{"count":0,"href":"https:\/\/www.europesays.com\/de\/wp-json\/wp\/v2\/posts\/1282001\/revisions"}],"wp:featuredmedia":[{"embeddable":true,"href":"https:\/\/www.europesays.com\/de\/wp-json\/wp\/v2\/media\/1282002"}],"wp:attachment":[{"href":"https:\/\/www.europesays.com\/de\/wp-json\/wp\/v2\/media?parent=1282001"}],"wp:term":[{"taxonomy":"category","embeddable":true,"href":"https:\/\/www.europesays.com\/de\/wp-json\/wp\/v2\/categories?post=1282001"},{"taxonomy":"post_tag","embeddable":true,"href":"https:\/\/www.europesays.com\/de\/wp-json\/wp\/v2\/tags?post=1282001"}],"curies":[{"name":"wp","href":"https:\/\/api.w.org\/{rel}","templated":true}]}}