{"id":1282003,"date":"2026-09-05T09:52:27","date_gmt":"2026-09-05T09:52:27","guid":{"rendered":"https:\/\/www.europesays.com\/de\/1282003\/"},"modified":"2026-09-05T09:52:27","modified_gmt":"2026-09-05T09:52:27","slug":"graffiti-ausstellung-in-stadtbibliothek-zeigt-kinderrechte-auf-leinwand","status":"publish","type":"post","link":"https:\/\/www.europesays.com\/de\/1282003\/","title":{"rendered":"Graffiti-Ausstellung in Stadtbibliothek zeigt Kinderrechte auf Leinwand"},"content":{"rendered":"<ol class=\"id-DonaldBreadcrumb lp_west_breadcrumb id-DonaldBreadcrumb--default\" data-k5a-pos=\"west_breadcrumb\">\n<li class=\"id-Breadcrumb-item\"><a href=\"https:\/\/www.merkur.de\/\" class=\"id-Breadcrumb-link\" data-id-ec=\"{\" shn=\"\" textlink=\"\" data-k5a-pos=\"1_startseite\" rel=\"nofollow noopener\" target=\"_blank\">Startseite<\/a><\/li>\n<li class=\"id-Breadcrumb-item\"><a href=\"https:\/\/www.merkur.de\/lokales\/\" class=\"id-Breadcrumb-link\" data-id-ec=\"{\" shn=\"\" textlink=\"\" data-k5a-pos=\"2_lokales\" rel=\"nofollow noopener\" target=\"_blank\">Lokales<\/a><\/li>\n<li class=\"id-Breadcrumb-item\"><a href=\"https:\/\/www.merkur.de\/lokales\/freising\/\" class=\"id-Breadcrumb-link\" data-id-ec=\"{\" shn=\"\" textlink=\"\" data-k5a-pos=\"3_freising\" rel=\"nofollow noopener\" target=\"_blank\">Freising<\/a><\/li>\n<li class=\"id-Breadcrumb-item\"><a href=\"https:\/\/www.merkur.de\/lokales\/freising\/freising-ort28692\/\" class=\"id-Breadcrumb-link\" data-id-ec=\"{\" shn=\"\" textlink=\"\" data-k5a-pos=\"4_freising\" rel=\"nofollow noopener\" target=\"_blank\">Freising<\/a><\/li>\n<\/ol>\n<p class=\"id-Story-timestamp id-Story-timestamp--default\">Stand: 05.09.2026, 11:00 Uhr<\/p>\n<p class=\"id-Story-interactionBar id-Story-interactionBar--default\">DruckenTeilen<\/p>\n<p><a href=\"https:\/\/profile.google.com\/cp\/CgsvZy8xODdjY3p3choA\" class=\"id-Story-googleFollowButton id-Story-googleFollowButton--default\" target=\"_blank\" data-id-ec=\"{\" shn=\"\" google-follow=\"\" auf=\"\" google=\"\" folgen=\"\" rel=\"nofollow noopener\">Uns auf Google folgen<\/a><img decoding=\"async\" class=\"id-RatioPlaceholder-element wv_story_el_image\" src=\"https:\/\/www.europesays.com\/de\/wp-content\/uploads\/2026\/09\/43974906-dieses-bild-ist-bestandteil-der-ausstellung-37a.jpg\" loading=\"eager\" fetchpriority=\"high\"   height=\"792\" width=\"1408\" alt=\"Dieses Bild ist Bestandteil der Ausstellung.\"\/>Bunte Graffitikunst: Dieses Bild ist Bestandteil der aktuellen Ausstellung in der Freisinger Bibliothek. \u00a9\u00a0Stadtbibliothek<\/p>\n<p class=\"id-StoryElement-leadText\">Angehende Erzieher stellen vom 8. September bis 17. Oktober ihre Werke in der Stadtbibliothek Freising aus. Sie haben in einem Workshop mit K\u00fcnstler Oliver Skarvan Kinderrechte in farbenfrohe Graffiti-Motive \u00fcbersetzt.<\/p>\n<p class=\"id-StoryElement-paragraph\">Freising \u2013 Vom 8. September bis 17. Oktober wird es kreativ in der Stadtbibliothek, wie es in einer Mitteilung hei\u00dft: \u201eDie Fachakademie f\u00fcr Sozialp\u00e4dagogik stellt zahlreiche Graffiti-Kunstwerke aus, die im Rahmen eines entsprechenden Workshops mit dem K\u00fcnstler Oliver Skarvan von angehenden ErzieherInnen auf Leinwand gebracht worden sind.\u201c<\/p>\n<p class=\"id-StoryElement-paragraph\">Im Mittelpunkt des Seminars stand die Idee, dass Kinderrechte nicht nur auf dem Papier stehen, sondern im Alltag von Kindern und Jugendlichen sp\u00fcrbar sein m\u00fcssen. Die angehenden P\u00e4dagogen haben sich intensiv mit Themen wie Mitbestimmung, Chancengleichheit und interkulturellem Zusammenleben auseinandergesetzt. Ihre Erkenntnisse \u00fcbersetzten sie in farbenfrohe und aussagekr\u00e4ftige Graffiti-Motive.<\/p>\n<p class=\"id-StoryElement-paragraph\">Initiiert wurde der Kurs \u201eKinderrechte vor Ort umsetzen \u2013 interkulturell \u2013 partizipativ \u2013 interaktiv\u201c von Meral Meindl. Die Leitung hatte die Kunstp\u00e4dagogin Elfriede Schober-Schr\u00f6ger inne. Gestaltungsmaterialien wurden \u00fcber die Landesaktion \u201eGr\u00fcn f\u00fcr Kinder\u201c und das Berufliche Schulzentrum finanziert.<\/p>\n<p class=\"id-StoryElement-paragraph\">Die Ausstellung steht allen kunstinteressierten B\u00fcrgern offen und kann w\u00e4hrend der \u00d6ffnungszeiten der Stadtbibliothek Freising besucht werden.<\/p>\n","protected":false},"excerpt":{"rendered":"Startseite Lokales Freising Freising Stand: 05.09.2026, 11:00 Uhr DruckenTeilen Uns auf Google folgenBunte Graffitikunst: Dieses Bild ist Bestandteil&hellip;\n","protected":false},"author":2,"featured_media":1282004,"comment_status":"","ping_status":"","sticky":false,"template":"","format":"standard","meta":{"footnotes":"","_share_on_mastodon":"0"},"categories":[1775],"tags":[1793,29,214,30,1794,215],"class_list":["post-1282003","post","type-post","status-publish","format-standard","has-post-thumbnail","category-kunst-und-design","tag-art-and-design","tag-deutschland","tag-entertainment","tag-germany","tag-kunst-und-design","tag-unterhaltung"],"share_on_mastodon":{"url":"https:\/\/pubeurope.com\/@de\/117217823831178807","error":""},"_links":{"self":[{"href":"https:\/\/www.europesays.com\/de\/wp-json\/wp\/v2\/posts\/1282003","targetHints":{"allow":["GET"]}}],"collection":[{"href":"https:\/\/www.europesays.com\/de\/wp-json\/wp\/v2\/posts"}],"about":[{"href":"https:\/\/www.europesays.com\/de\/wp-json\/wp\/v2\/types\/post"}],"author":[{"embeddable":true,"href":"https:\/\/www.europesays.com\/de\/wp-json\/wp\/v2\/users\/2"}],"replies":[{"embeddable":true,"href":"https:\/\/www.europesays.com\/de\/wp-json\/wp\/v2\/comments?post=1282003"}],"version-history":[{"count":0,"href":"https:\/\/www.europesays.com\/de\/wp-json\/wp\/v2\/posts\/1282003\/revisions"}],"wp:featuredmedia":[{"embeddable":true,"href":"https:\/\/www.europesays.com\/de\/wp-json\/wp\/v2\/media\/1282004"}],"wp:attachment":[{"href":"https:\/\/www.europesays.com\/de\/wp-json\/wp\/v2\/media?parent=1282003"}],"wp:term":[{"taxonomy":"category","embeddable":true,"href":"https:\/\/www.europesays.com\/de\/wp-json\/wp\/v2\/categories?post=1282003"},{"taxonomy":"post_tag","embeddable":true,"href":"https:\/\/www.europesays.com\/de\/wp-json\/wp\/v2\/tags?post=1282003"}],"curies":[{"name":"wp","href":"https:\/\/api.w.org\/{rel}","templated":true}]}}