{"id":1282005,"date":"2026-09-05T09:55:20","date_gmt":"2026-09-05T09:55:20","guid":{"rendered":"https:\/\/www.europesays.com\/de\/1282005\/"},"modified":"2026-09-05T09:55:20","modified_gmt":"2026-09-05T09:55:20","slug":"tom-hanks-ist-geschichte-so-sieht-sein-nachfolger-als-robert-langdon-in-der-neuen-netflix-serie-aus-serien-news","status":"publish","type":"post","link":"https:\/\/www.europesays.com\/de\/1282005\/","title":{"rendered":"Tom Hanks ist Geschichte: So sieht sein Nachfolger als Robert Langdon in der neuen Netflix-Serie aus &#8211; Serien News"},"content":{"rendered":"<p>In drei Kinofilmen verk\u00f6rperte Tom Hanks den brillanten Symbolforscher Robert Langdon. F\u00fcr Netflix \u00fcbernimmt aber jetzt Morgan Spector die Rolle. Zum Drehstart der neuen Dan-Brown-Serie gibt es erstmals ein Bild von ihm.<\/p>\n<p>    <img loading=\"lazy\" decoding=\"async\" class=\"article-figure-img\" width=\"654\" height=\"368\" src=\"https:\/\/www.europesays.com\/de\/wp-content\/uploads\/2026\/09\/8f03121dd91429d133f3d3cbc0386905.jpg\"\/><\/p>\n<p>        Netflix \/ Sony Pictures<\/p>\n<p class=\"bo-p\">Wer an Robert Langdon denkt, d\u00fcrfte noch immer vor allem <a href=\"https:\/\/www.filmstarts.de\/personen\/14100.html\" class=\"bo-link\" rel=\"nofollow noopener\" target=\"_blank\">Tom Hanks<\/a> vor Augen haben. Schlie\u00dflich verk\u00f6rperte der Hollywood-Star den Harvard-Professor und Symbolforscher in \u201e<a href=\"https:\/\/www.filmstarts.de\/kritiken\/54226.html\" class=\"bo-link\" rel=\"nofollow noopener\" target=\"_blank\">The Da Vinci Code \u2013 Sakrileg<\/a>\u201c, \u201e<a href=\"https:\/\/www.filmstarts.de\/kritiken\/124371.html\" class=\"bo-link\" rel=\"nofollow noopener\" target=\"_blank\">Illuminati<\/a>\u201c und zuletzt 2016 in \u201e<a href=\"https:\/\/www.filmstarts.de\/kritiken\/222798.html\" class=\"bo-link\" rel=\"nofollow noopener\" target=\"_blank\">Inferno<\/a>\u201c. Doch <b>jetzt folgt mit der Serien-Adaption des 2025 ver\u00f6ffentlichten Buches \u201e<\/b><a href=\"https:\/\/www.filmstarts.de\/serien\/1000000951.html\" class=\"bo-link\" rel=\"nofollow noopener\" target=\"_blank\"><b>The Secret Of Secrets<\/b><\/a><b>\u201c alias \u201eDas Geheimnis aller Geheimnisse\u201c ein Neuanfang<\/b> und mit dem ist Tom Hanks endg\u00fcltig Geschichte.<\/p>\n<p class=\"bo-p\">Bereits seit einiger Zeit steht fest, dass wir \u201eThe Gilded Age\u201c-Star <a href=\"https:\/\/www.filmstarts.de\/personen\/460175.html\" class=\"bo-link\" rel=\"nofollow noopener\" target=\"_blank\">Morgan Spector<\/a> dieses Mal in der Hauptrolle sehen werden. Zum Beginn der Dreharbeiten in Prag wurden jetzt nicht nur zahlreiche weitere Cast-Mitglieder verk\u00fcndet, sondern auch ein erstes Bild ver\u00f6ffentlicht, das zeigt, wie der neue Robert Langdon aussehen wird.<\/p>\n<p>So sieht der neue Robert Langdon aus<\/p>\n<p class=\"bo-p\">Auf dem ersten Bild zu \u201eThe Secret of Secrets\u201c ist Morgan Spector als Robert Langdon gemeinsam mit <a href=\"https:\/\/www.filmstarts.de\/personen\/164426.html\" class=\"bo-link\" rel=\"nofollow noopener\" target=\"_blank\">Rebecca Hall<\/a> (\u201eThe Prestige\u201c, \u201eGodzilla vs. Kong\u201c) zu sehen, welche die weibliche Hauptfigur Katherine Solomon verk\u00f6rpert. Deren Verschwinden setzt die Handlung der Serie in Gang, denn Langdon muss nicht nur sie finden, sondern auch ihr bahnbrechendes Manuskript zur\u00fcckholen. Dessen Inhalt k\u00f6nnte nichts weniger als das menschliche Verst\u00e4ndnis des Bewusstseins grundlegend ver\u00e4ndern. Zwischen den beiden Figuren entwickelt sich zudem eine ernsthafte Liebesbeziehung, die laut Serien-Showrunner <a href=\"https:\/\/www.filmstarts.de\/personen\/107291.html\" class=\"bo-link\" rel=\"nofollow noopener\" target=\"_blank\">Carlton Cuse<\/a> (\u201eLost\u201c, \u201eBates Motel\u201c) eine bislang kaum gezeigte Seite des ber\u00fchmten Symbolforschers offenbaren soll.<\/p>\n<p>                                <img loading=\"lazy\" decoding=\"async\" class=\"article-figure-img\" morgan=\"\" spector=\"\" als=\"\" robert=\"\" langdon=\"\" und=\"\" rebecca=\"\" hall=\"\" katherine=\"\" solomon=\"\" auf=\"\" dem=\"\" ersten=\"\" bild=\"\" zur=\"\" neuen=\"\" netflix-serie.=\"\" src=\"https:\/\/www.europesays.com\/de\/wp-content\/uploads\/2026\/09\/82d9789fb024852fe5bbabeb089d13d9.jpg\" width=\"640\" height=\"320\" alt=\"Morgan Spector als Robert Langdon und Rebecca Hall als Katherine Solomon auf dem ersten Bild zur neuen Netflix-Serie.\"\/><\/p>\n<p>                                    Larry Horricks\/Netflix<\/p>\n<p>                    Morgan Spector als Robert Langdon und Rebecca Hall als Katherine Solomon auf dem ersten Bild zur neuen Netflix-Serie.<\/p>\n<p class=\"bo-p\">Neben Langdon und Hall wird auch ein hochkar\u00e4tiger weiterer Cast vor der Kamera stehen. Schon l\u00e4nger stehen <a href=\"https:\/\/www.filmstarts.de\/personen\/32561.html\" class=\"bo-link\" rel=\"nofollow noopener\" target=\"_blank\">Cherry Jones<\/a> (\u201eSuccession\u201c) als Heide Nagel, <a href=\"https:\/\/www.filmstarts.de\/personen\/126165.html\" class=\"bo-link\" rel=\"nofollow noopener\" target=\"_blank\">Corey Stoll<\/a> (\u201eAnt-Man\u201c) als Everett Finch, <a href=\"https:\/\/www.filmstarts.de\/personen\/717985.html\" class=\"bo-link\" rel=\"nofollow noopener\" target=\"_blank\">Rob Delaney<\/a> (\u201eDeadpool 2\u201c) als Jonas Faukman und <a href=\"https:\/\/www.filmstarts.de\/personen\/572675.html\" class=\"bo-link\" rel=\"nofollow noopener\" target=\"_blank\">Abbey Lee<\/a> (\u201eMad Max: Fury Road\u201c) als Sasha Vesna fest. Gerade wurde auch noch das Mitwirken von <a href=\"https:\/\/www.filmstarts.de\/personen\/757330.html\" class=\"bo-link\" rel=\"nofollow noopener\" target=\"_blank\">Mamadou Athie<\/a> (\u201eDas Drama\u201c) als Michael Harris und <a href=\"https:\/\/www.filmstarts.de\/personen\/1000031843.html\" class=\"bo-link\" rel=\"nofollow noopener\" target=\"_blank\">Ben Levi Ross<\/a> (\u201eElsbeth\u201c) als Alex Conan verk\u00fcndet. Mit der Ver\u00f6ffentlichung des Bildes teilte Netflix zudem mit, dass auch <a href=\"https:\/\/www.filmstarts.de\/personen\/192498.html\" class=\"bo-link\" rel=\"nofollow noopener\" target=\"_blank\">Anamaria Marinca<\/a>\u00a0(\u201e4 Monate, 3 Wochen und 2 Tage\u201c) als Dr. Gessner, <a href=\"https:\/\/www.filmstarts.de\/personen\/871113.html\" class=\"bo-link\" rel=\"nofollow noopener\" target=\"_blank\">Elena Saurel<\/a>\u00a0(\u201eBuffalo Riders\u201c) als Susan Housemore und der deutsche Schauspieler <a href=\"https:\/\/www.filmstarts.de\/personen\/71150.html\" class=\"bo-link\" rel=\"nofollow noopener\" target=\"_blank\">Richard Sammel<\/a>\u00a0(\u201eStar Wars: Andor) als Karl M\u00fcller Teil der Besetzung sind.<\/p>\n<p class=\"bo-p\">Da die Dreharbeiten nun im September 2026 angelaufen sind,<b> rechnen wir fest mit einem Netflix-Start der noch unbetitelten Serie im Laufe des Jahres 2027.<\/b> Falls ihr auf die Stoffe von Dan Brown steht, werdet ihr bis dahin bei der Konkurrenz f\u00fcndig. Denn Morgan Spector ist nicht der erste Nachfolger von Tom Hanks. Schon 2021 schl\u00fcpfte <a href=\"https:\/\/www.filmstarts.de\/personen\/441585.html\" class=\"bo-link\" rel=\"nofollow noopener\" target=\"_blank\">Ashley Zukerman<\/a> in der kurzlebigen Serie \u201e<a href=\"https:\/\/www.filmstarts.de\/serien\/25198.html\" class=\"bo-link\" rel=\"nofollow noopener\" target=\"_blank\">The Lost Symbol<\/a>\u201c in die Rolle einer j\u00fcngeren Version von Robert Langdon. Nach nur einer Staffel war allerdings Schluss. Die zehn Episoden gibt es aber seit wenigen Tagen bei Amazon Prime Video. Mehr dazu gibt es im folgenden Artikel:<\/p>\n<p>    <a class=\"cms-see-also\" data-title=\"Auch interessant\" href=\"https:\/\/www.filmstarts.de\/nachrichten\/1000216253.html\" rel=\"nofollow noopener\" target=\"_blank\">Die Filme haben weltweit mehr als 1,5 Milliarden Dollar eingespielt: Serien-Fortsetzung eines Thriller-Ph\u00e4nomens neu bei Amazon Prime Video<\/a><\/p>\n","protected":false},"excerpt":{"rendered":"In drei Kinofilmen verk\u00f6rperte Tom Hanks den brillanten Symbolforscher Robert Langdon. F\u00fcr Netflix \u00fcbernimmt aber jetzt Morgan Spector&hellip;\n","protected":false},"author":2,"featured_media":1282006,"comment_status":"","ping_status":"","sticky":false,"template":"","format":"standard","meta":{"footnotes":"","_share_on_mastodon":"0"},"categories":[1773],"tags":[29,214,30,471,1780,215],"class_list":["post-1282005","post","type-post","status-publish","format-standard","has-post-thumbnail","category-serien","tag-deutschland","tag-entertainment","tag-germany","tag-serien","tag-series","tag-unterhaltung"],"share_on_mastodon":{"url":"https:\/\/pubeurope.com\/@de\/117217838050590127","error":""},"_links":{"self":[{"href":"https:\/\/www.europesays.com\/de\/wp-json\/wp\/v2\/posts\/1282005","targetHints":{"allow":["GET"]}}],"collection":[{"href":"https:\/\/www.europesays.com\/de\/wp-json\/wp\/v2\/posts"}],"about":[{"href":"https:\/\/www.europesays.com\/de\/wp-json\/wp\/v2\/types\/post"}],"author":[{"embeddable":true,"href":"https:\/\/www.europesays.com\/de\/wp-json\/wp\/v2\/users\/2"}],"replies":[{"embeddable":true,"href":"https:\/\/www.europesays.com\/de\/wp-json\/wp\/v2\/comments?post=1282005"}],"version-history":[{"count":0,"href":"https:\/\/www.europesays.com\/de\/wp-json\/wp\/v2\/posts\/1282005\/revisions"}],"wp:featuredmedia":[{"embeddable":true,"href":"https:\/\/www.europesays.com\/de\/wp-json\/wp\/v2\/media\/1282006"}],"wp:attachment":[{"href":"https:\/\/www.europesays.com\/de\/wp-json\/wp\/v2\/media?parent=1282005"}],"wp:term":[{"taxonomy":"category","embeddable":true,"href":"https:\/\/www.europesays.com\/de\/wp-json\/wp\/v2\/categories?post=1282005"},{"taxonomy":"post_tag","embeddable":true,"href":"https:\/\/www.europesays.com\/de\/wp-json\/wp\/v2\/tags?post=1282005"}],"curies":[{"name":"wp","href":"https:\/\/api.w.org\/{rel}","templated":true}]}}