{"id":1282017,"date":"2026-09-05T10:01:18","date_gmt":"2026-09-05T10:01:18","guid":{"rendered":"https:\/\/www.europesays.com\/de\/1282017\/"},"modified":"2026-09-05T10:01:18","modified_gmt":"2026-09-05T10:01:18","slug":"modulares-notebook-vero-acer-eifert-framework-nach-laesst-aber-fragen-offen","status":"publish","type":"post","link":"https:\/\/www.europesays.com\/de\/1282017\/","title":{"rendered":"Modulares Notebook &#8222;Vero&#8220;: Acer eifert Framework nach, l\u00e4sst aber Fragen offen"},"content":{"rendered":"<p>Vero 16 steht laut Acer f\u00fcr Langlebigkeit und nachhaltiges Design. Das elegante Notebook l\u00e4sst sich mit handels\u00fcblichem Werkzeug auseinanderbauen, um etwa den Akku, das Display oder das Mainboard zu tauschen. Allerdings sichert Acer bisher keine konkreten Zeitr\u00e4ume f\u00fcr die Verf\u00fcgbarkeit von Ersatzteilen zu.<\/p>\n<p>        Weiterlesen nach der Anzeige<\/p>\n<p>Beim 16-z\u00f6lligen Display handelt es sich um ein OLED mit bis zu 3K-Aufl\u00f6sung und 120 Hertz. Im Innern des Notebooks stecken Intel-Prozessoren der Baureihe Core Ultra 300 \u201ePanther Lake\u201c. Der eingebaute Speicher l\u00e4sst sich mit wenigen Handgriffen ausbauen und auf bis zu 32 GByte RAM aufr\u00fcsten. Auch der Akku mit 71 Wh ist nicht verklebt und wechselbar.<\/p>\n<p>    Bild 1 von 6<\/p>\n<p>    <a href=\"https:\/\/www.heise.de\/bilderstrecke\/5158681.html?back=11440606\" title=\"Bilderstrecke: Acer Vero (6 Bilder)\" rel=\"nofollow noopener\" target=\"_blank\"><img decoding=\"async\" src=\"https:\/\/www.europesays.com\/de\/wp-content\/uploads\/2026\/09\/Vero_seite-68faed5541487796.jpg\"\/><\/a><\/p>\n<p>    Da Vero 16 kommt im Design moderener Notebooks (Bild: <\/p>\n<p>Ulrike Kuhlmann \/ heise medien<\/p>\n<p>)<\/p>\n<p>Die integrierte Kamera kann man mechanisch verschlie\u00dfen. Die Anschlussleiste l\u00e4sst sich auswechseln \u2013 als Signalanschl\u00fcsse stehen HDMI 2.1 und Thunderbolt-USB-C-Ports bereit. Das Geh\u00e4use besteht aus recyceltem Aluminium, das nach US-amerikanischem Milit\u00e4rstandard Mil-STD-810H zertifiziert ist.<\/p>\n<p>Wichtige Zusagen fehlen bisher<\/p>\n<p>Nach Angaben des Herstellers ist \u201edas Acer Vero 16 darauf ausgelegt, Prozessor-Upgrades \u00fcber mindestens zwei Generationen zu unterst\u00fctzen\u201c. Man plane, die Ersatzteile \u00fcber das Repaircenter Enfinitec Germany GmbH und den Ersatzteilpartner IPC Computer anzubieten. Das Notebook komme fr\u00fchestens Ende 2026, eher Anfang des kommenden Jahres in den Handel. Preise und die Dauer der Verf\u00fcgbarkeit der Ersatzteile st\u00fcnden deshalb noch nicht fest, hie\u00df es auf der IFA. Auf jeden Fall sollen sie auch f\u00fcr Endkunden verf\u00fcgbar sein.<\/p>\n<p>Die Zusagen von Acer \u00e4hneln auf den ersten Blick dem Konzept der Framework-Notebooks, bei dem man sehr einfach Bauteile und Anschl\u00fcsse wechseln kann. Diese Komponenten verkauft Framework allesamt frei erh\u00e4ltlich im eigenen Onlineshop. Au\u00dferdem kann man bei den Framework-Laptops externe Anschl\u00fcsse bei der Bestellung ausw\u00e4hlen und einzeln tauschen. Vor allem verkauft Framework neue Mainboards, die auch in alte Notebook-Geh\u00e4use passen.<\/p>\n<p>        Weiterlesen nach der Anzeige<\/p>\n<p>Acer hatte schon 2021 das Aspire Vero mit Geh\u00e4useteilen aus Recyclingmaterialien und leicht zug\u00e4nglichen Komponenten angek\u00fcndigt. Die Variante AV15-51 mit Core i5-1155G7 hatte c\u2019t 2022 getestet. Tats\u00e4chlich offeriert <a href=\"https:\/\/www.ipc-computer.de\/acer\/notebook\/aspire-serie\/vero\/aspire-vero-15-av15-51\/\" rel=\"external noopener nofollow\" target=\"_blank\">IPC-Computer daf\u00fcr auch weiterhin zahlreiche Ersatzteile<\/a>, etwa ein Mainboard f\u00fcr 644 Euro. Allerdings scheint es das nicht f\u00fcr die Variante mit Core i7-1195G7 zu geben. Ein Mainboard mit neuerem Prozessor ist dort nicht zu finden. Auf der <a href=\"https:\/\/www.acer.com\/at-de\/laptops\/aspire\/aspire-vero\/pdp\/NX.AYCEV.001\" rel=\"external noopener nofollow\" target=\"_blank\">Acer-Produktseite zum Aspire Vero AV15-51<\/a> findet sich keine Liste mit lieferbaren Austauschkomponenten.<\/p>\n<p>Dell hatte 2022 auf der CES das \u201eConcept Luna\u201c f\u00fcr nachhaltige Notebooks vorgestellt, liefert bisher aber keine Ger\u00e4te mit vergleichbarer Modularit\u00e4t und Reparierbarkeit wie Framework. Nur einzelne Aspekte von Luna haben es inzwischen in aktuelle Oberklassenotebooks geschafft. Dazu z\u00e4hlen etwa USB-C-Buchsen auf separaten Tochterplatinen, sodass bei einem Defekt nicht die teure Hauptplatine vollst\u00e4ndig ausgewechselt werden muss. Das genannte Beispiel findet man wiederum nicht nur bei Dell, sondern auch bei Lenovo und anderen Herstellern.<\/p>\n<p>(<a class=\"redakteurskuerzel__link\" href=\"https:\/\/www.heise.de\/news\/mailto:uk@ct.de\" title=\"Ulrike Kuhlmann\" rel=\"nofollow noopener\" target=\"_blank\">uk<\/a>)<\/p>\n<p>\n      Dieser Link ist leider nicht mehr g\u00fcltig.\n    <\/p>\n<p>Links zu verschenkten Artikeln werden ung\u00fcltig,<br \/>\n      wenn diese \u00e4lter als 7\u00a0Tage sind oder zu oft aufgerufen wurden.\n    <\/p>\n<p><strong>Sie ben\u00f6tigen ein heise+ Paket, um diesen Artikel zu lesen. Jetzt eine Woche unverbindlich testen \u2013 ohne Verpflichtung!<\/strong><\/p>\n","protected":false},"excerpt":{"rendered":"Vero 16 steht laut Acer f\u00fcr Langlebigkeit und nachhaltiges Design. Das elegante Notebook l\u00e4sst sich mit handels\u00fcblichem Werkzeug&hellip;\n","protected":false},"author":2,"featured_media":1282018,"comment_status":"","ping_status":"","sticky":false,"template":"","format":"standard","meta":{"footnotes":"","_share_on_mastodon":"0"},"categories":[135],"tags":[13530,13532,29,42217,30,196,251,25777,1273,252,44631,1279,190,189,194,191,55,193,192],"class_list":["post-1282017","post","type-post","status-publish","format-standard","has-post-thumbnail","category-wissenschaft-technik","tag-acer","tag-dell","tag-deutschland","tag-framework","tag-germany","tag-it","tag-laptop","tag-mainboards","tag-mobiles","tag-notebooks","tag-ram","tag-recycling","tag-science","tag-science-technology","tag-technik","tag-technology","tag-wirtschaft","tag-wissenschaft","tag-wissenschaft-technik"],"share_on_mastodon":{"url":"https:\/\/pubeurope.com\/@de\/117217858887296952","error":""},"_links":{"self":[{"href":"https:\/\/www.europesays.com\/de\/wp-json\/wp\/v2\/posts\/1282017","targetHints":{"allow":["GET"]}}],"collection":[{"href":"https:\/\/www.europesays.com\/de\/wp-json\/wp\/v2\/posts"}],"about":[{"href":"https:\/\/www.europesays.com\/de\/wp-json\/wp\/v2\/types\/post"}],"author":[{"embeddable":true,"href":"https:\/\/www.europesays.com\/de\/wp-json\/wp\/v2\/users\/2"}],"replies":[{"embeddable":true,"href":"https:\/\/www.europesays.com\/de\/wp-json\/wp\/v2\/comments?post=1282017"}],"version-history":[{"count":0,"href":"https:\/\/www.europesays.com\/de\/wp-json\/wp\/v2\/posts\/1282017\/revisions"}],"wp:featuredmedia":[{"embeddable":true,"href":"https:\/\/www.europesays.com\/de\/wp-json\/wp\/v2\/media\/1282018"}],"wp:attachment":[{"href":"https:\/\/www.europesays.com\/de\/wp-json\/wp\/v2\/media?parent=1282017"}],"wp:term":[{"taxonomy":"category","embeddable":true,"href":"https:\/\/www.europesays.com\/de\/wp-json\/wp\/v2\/categories?post=1282017"},{"taxonomy":"post_tag","embeddable":true,"href":"https:\/\/www.europesays.com\/de\/wp-json\/wp\/v2\/tags?post=1282017"}],"curies":[{"name":"wp","href":"https:\/\/api.w.org\/{rel}","templated":true}]}}