{"id":1282033,"date":"2026-09-05T10:13:14","date_gmt":"2026-09-05T10:13:14","guid":{"rendered":"https:\/\/www.europesays.com\/de\/1282033\/"},"modified":"2026-09-05T10:13:14","modified_gmt":"2026-09-05T10:13:14","slug":"nach-auslaenderfeindlichem-angriff-chemnitzer-cafebetreiber-dreht-emotionales-video","status":"publish","type":"post","link":"https:\/\/www.europesays.com\/de\/1282033\/","title":{"rendered":"Nach ausl\u00e4nderfeindlichem Angriff: Chemnitzer Caf\u00e9betreiber dreht emotionales Video"},"content":{"rendered":"<p class=\"text text--s\">\n\t\t\t\tFreie Presse bei Google bevorzugen\n\t\t\t<\/p>\n<p class=\"bold\">\n\t\t\t\t\t\t\t\t\t\tEine Frau hat in der Chemnitzer Innenstadt Parolen gerufen und nach seiner Familie getreten. Das l\u00e4sst Youssef Bash nicht mehr los.\t\t\t\t<\/p>\n<p>\t\t\t\t Er habe lange \u00fcberlegt, ob er das Video aufnimmt, erz\u00e4hlt Youssef Bash zwei Tage nach dem \u00dcbergriff auf seine Tochter und seine Schwiegermutter. Aber das Thema habe ihn nicht losgelassen, viele Gef\u00fchle in ihm ausgel\u00f6st.<\/p>\n<p>\t\t<img decoding=\"async\" loading=\"lazy\" class=\"fp-plus-logo\" src=\"https:\/\/www.freiepresse.de\/img\/fpplus.svg\" alt=\"Freie Presse plus Logo\"\/><\/p>\n<p>6 Wochen gratis lesen.<\/p>\n<p> Alle Artikel im Web und in der App frei<\/p>\n<p> Zugriff auf die digitale Zeitung<\/p>\n<p> T\u00e4glicher Newsletter f\u00fcr Ihre Region<\/p>\n<p>Sie haben bereits ein Digitalabo?<\/p>\n","protected":false},"excerpt":{"rendered":"Freie Presse bei Google bevorzugen Eine Frau hat in der Chemnitzer Innenstadt Parolen gerufen und nach seiner Familie&hellip;\n","protected":false},"author":2,"featured_media":1282034,"comment_status":"","ping_status":"","sticky":false,"template":"","format":"standard","meta":{"footnotes":"","_share_on_mastodon":"0"},"categories":[1851],"tags":[2770,3364,29,548,663,3934,30,13,17318,14,15,859,12],"class_list":["post-1282033","post","type-post","status-publish","format-standard","has-post-thumbnail","category-chemnitz","tag-chemnitz","tag-de","tag-deutschland","tag-eu","tag-europa","tag-europe","tag-germany","tag-headlines","tag-kriminalitaet-verstoesse","tag-nachrichten","tag-news","tag-sachsen","tag-schlagzeilen"],"share_on_mastodon":{"url":"","error":""},"_links":{"self":[{"href":"https:\/\/www.europesays.com\/de\/wp-json\/wp\/v2\/posts\/1282033","targetHints":{"allow":["GET"]}}],"collection":[{"href":"https:\/\/www.europesays.com\/de\/wp-json\/wp\/v2\/posts"}],"about":[{"href":"https:\/\/www.europesays.com\/de\/wp-json\/wp\/v2\/types\/post"}],"author":[{"embeddable":true,"href":"https:\/\/www.europesays.com\/de\/wp-json\/wp\/v2\/users\/2"}],"replies":[{"embeddable":true,"href":"https:\/\/www.europesays.com\/de\/wp-json\/wp\/v2\/comments?post=1282033"}],"version-history":[{"count":0,"href":"https:\/\/www.europesays.com\/de\/wp-json\/wp\/v2\/posts\/1282033\/revisions"}],"wp:featuredmedia":[{"embeddable":true,"href":"https:\/\/www.europesays.com\/de\/wp-json\/wp\/v2\/media\/1282034"}],"wp:attachment":[{"href":"https:\/\/www.europesays.com\/de\/wp-json\/wp\/v2\/media?parent=1282033"}],"wp:term":[{"taxonomy":"category","embeddable":true,"href":"https:\/\/www.europesays.com\/de\/wp-json\/wp\/v2\/categories?post=1282033"},{"taxonomy":"post_tag","embeddable":true,"href":"https:\/\/www.europesays.com\/de\/wp-json\/wp\/v2\/tags?post=1282033"}],"curies":[{"name":"wp","href":"https:\/\/api.w.org\/{rel}","templated":true}]}}