{"id":1282035,"date":"2026-09-05T10:14:24","date_gmt":"2026-09-05T10:14:24","guid":{"rendered":"https:\/\/www.europesays.com\/de\/1282035\/"},"modified":"2026-09-05T10:14:24","modified_gmt":"2026-09-05T10:14:24","slug":"brand-in-braunschweig-bewohnerin-tot-rauch-ueber-a2","status":"publish","type":"post","link":"https:\/\/www.europesays.com\/de\/1282035\/","title":{"rendered":"Brand in Braunschweig: Bewohnerin tot, Rauch \u00fcber A2"},"content":{"rendered":"<p>        <img decoding=\"async\" src=\"https:\/\/www.europesays.com\/de\/wp-content\/uploads\/2026\/09\/braunschweig-684.webp\" alt=\"Die Feuerwehr bei den L\u00f6scharbeiten in Braunschweig. \" title=\"Die Feuerwehr r\u00fcckte mit einem Gro\u00dfaufgebot in den Braunschweiger Stadtteil Querum aus. | dpa, J\u00f6rg Koglin\" class=\"responsive\"\/><\/p>\n<p>\n                Stand: 05.09.2026 12:10 Uhr<\/p>\n<p class=\"preface\">Nach dem Brand eines Wohnhauses in Braunschweig ist am Freitagabend eine Bewohnerin tot aufgefunden worden. Ihr Ehemann wurde gerettet. Eine Katze konnte ebenfalls nur noch tot geborgen werden.<\/p>\n<p class=\"\">Das Haus nahe der A2 im Stadtteil Querum sei durch die Flammen weitgehend zerst\u00f6rt worden, so die Feuerwehr. Der Ehemann der vermissten Frau sei erst \u00fcber ein Dachfenster in Sicherheit und anschlie\u00dfend verletzt in ein Krankenhaus gebracht worden. Nach der Frau wurde am Freitag gesucht. Sie wurde am Abend tot aufgefunden. Problematisch gestaltete sich, dass die Einsatzkr\u00e4fte das Haus wegen zu gro\u00dfer Hitze zeitweise nicht betreten und von innen l\u00f6schen konnten. Auch der L\u00f6scheinsatz von au\u00dfen wurde durch eine Photovoltaikanlage auf dem Dach erschwert.<\/p>\n<p>    Haus durch Flammen weitgehend zerst\u00f6rt<\/p>\n<p class=\"\">M\u00f6gliche Glut- und Brandnester waren wegen der Anlage sowie der Innenverkleidung unter anderem mit Gipskartonplatten nur sehr schwer erreichbar, hie\u00df es von der Feuerwehr. Nach Angaben der Polizei Braunschweig konnte das Haus inzwischen gesichert werden. Der Brandort sei beschlagnahmt worden. Die Polizei hat die Ermittlungen zur Brandursache aufgenommen.<\/p>\n<p>    Sichtbehinderungen auf der A2 durch Hausbrand<\/p>\n<p class=\"\">An den L\u00f6scharbeiten waren rund 140 Einsatzkr\u00e4fte beteiligt. Drei von ihnen wurden bei dem Einsatz verletzt. Wegen der starken Rauchentwicklung durch den Brand kam es laut Polizei auch auf der nahe gelegenen A2 zu Sichtbehinderungen.<\/p>\n<p>        <img decoding=\"async\" src=\"https:\/\/www.europesays.com\/de\/wp-content\/uploads\/2026\/03\/feuerwehr4812.webp.webp\" alt=\"Eine Einsatzkraft der Feuerwehr steht neben einem Einsatzfahrzeug der Feuerwehr.\" title=\"Eine Einsatzkraft der Feuerwehr steht neben einem Einsatzfahrzeug der Feuerwehr. | picture alliance\/dpa , Marijan Murat\" class=\"responsive\" loading=\"lazy\"\/><\/p>\n<p>Br\u00e4nde l\u00f6schen, Leben retten, Hilfe leisten &#8211; wie funktioniert die Feuerwehr? Antworten auf h\u00e4ufig gestellte Fragen.<\/p>\n","protected":false},"excerpt":{"rendered":"Stand: 05.09.2026 12:10 Uhr Nach dem Brand eines Wohnhauses in Braunschweig ist am Freitagabend eine Bewohnerin tot aufgefunden&hellip;\n","protected":false},"author":2,"featured_media":1282036,"comment_status":"","ping_status":"","sticky":false,"template":"","format":"standard","meta":{"footnotes":"","_share_on_mastodon":"0"},"categories":[1850],"tags":[25017,5543,2919,6429,3364,29,548,663,3934,985,126,30,13,2485,14,15,1411,121,264060,10044,12,978,120],"class_list":["post-1282035","post","type-post","status-publish","format-standard","has-post-thumbnail","category-braunschweig","tag-a2","tag-autobahn","tag-brand","tag-braunschweig","tag-de","tag-deutschland","tag-eu","tag-europa","tag-europe","tag-feuerwehr","tag-frau","tag-germany","tag-headlines","tag-katze","tag-nachrichten","tag-news","tag-niedersachsen","tag-polizei","tag-querum","tag-rauch","tag-schlagzeilen","tag-tot","tag-vermisst"],"share_on_mastodon":{"url":"https:\/\/pubeurope.com\/@de\/117217913140133866","error":""},"_links":{"self":[{"href":"https:\/\/www.europesays.com\/de\/wp-json\/wp\/v2\/posts\/1282035","targetHints":{"allow":["GET"]}}],"collection":[{"href":"https:\/\/www.europesays.com\/de\/wp-json\/wp\/v2\/posts"}],"about":[{"href":"https:\/\/www.europesays.com\/de\/wp-json\/wp\/v2\/types\/post"}],"author":[{"embeddable":true,"href":"https:\/\/www.europesays.com\/de\/wp-json\/wp\/v2\/users\/2"}],"replies":[{"embeddable":true,"href":"https:\/\/www.europesays.com\/de\/wp-json\/wp\/v2\/comments?post=1282035"}],"version-history":[{"count":0,"href":"https:\/\/www.europesays.com\/de\/wp-json\/wp\/v2\/posts\/1282035\/revisions"}],"wp:featuredmedia":[{"embeddable":true,"href":"https:\/\/www.europesays.com\/de\/wp-json\/wp\/v2\/media\/1282036"}],"wp:attachment":[{"href":"https:\/\/www.europesays.com\/de\/wp-json\/wp\/v2\/media?parent=1282035"}],"wp:term":[{"taxonomy":"category","embeddable":true,"href":"https:\/\/www.europesays.com\/de\/wp-json\/wp\/v2\/categories?post=1282035"},{"taxonomy":"post_tag","embeddable":true,"href":"https:\/\/www.europesays.com\/de\/wp-json\/wp\/v2\/tags?post=1282035"}],"curies":[{"name":"wp","href":"https:\/\/api.w.org\/{rel}","templated":true}]}}