{"id":1282045,"date":"2026-09-05T10:20:22","date_gmt":"2026-09-05T10:20:22","guid":{"rendered":"https:\/\/www.europesays.com\/de\/1282045\/"},"modified":"2026-09-05T10:20:22","modified_gmt":"2026-09-05T10:20:22","slug":"30-nachwuchskraefte-starten-ihre-ausbildung-bei-der-sparkasse-vorderpfalz","status":"publish","type":"post","link":"https:\/\/www.europesays.com\/de\/1282045\/","title":{"rendered":"30 Nachwuchskr\u00e4fte starten ihre Ausbildung bei der Sparkasse Vorderpfalz"},"content":{"rendered":"<p><img loading=\"lazy\" decoding=\"async\" src=\"https:\/\/www.europesays.com\/de\/wp-content\/uploads\/2026\/09\/Azubis-2026-2.jpg\" alt=\"Azubis\" width=\"1004\" height=\"678\" class=\"alignnone size-full wp-image-652097\"  \/>Ludwigshafen \/ Metropolregion Rhein-Neckar. \u201eGrundstein f\u00fcr erfolgreiche Zukunft gelegt\u201c \u2013<br \/>F\u00fcr 30 junge Menschen hat ein neuer Lebensabschnitt begonnen: Sie starteten ihre Ausbildung bei der Sparkasse Vorderpfalz. Unter ihnen sind 26 Auszubildende zum Bankkaufmann bzw. zur Bankkauffrau sowie vier dual Studierende im Bachelor-Studiengang BWL mit der Fachrichtung Bank und Finanzdienstleistungen.<\/p>\n<p>Begr\u00fc\u00dft wurden die neuen Kolleginnen und Kollegen von Vorstandsmitglied Oliver Kolb, der Leiterin Personalentwicklung und Ausbildung Tatjana Kamrad, der Ausbildungsleiterin Tanja Schulz, Mireille Palestini (Vorsitzende des Personalrats), Bernd Ruppert (Schwerbehindertenvertretung) sowie Benjamin Jelovac (Jugend- und Auszubildendenvertretung).<\/p>\n<p>\u201eEs freut uns, dass Sie sich f\u00fcr die Sparkasse Vorderpfalz entschieden haben. Damit haben Sie den Grundstein f\u00fcr Ihre erfolgreiche berufliche Zukunft gelegt\u201c, so Kolb bei der offiziellen Begr\u00fc\u00dfung.<\/p>\n<p>Vielf\u00e4ltige Ausbildung mit individueller F\u00f6rderung<\/p>\n<p>Die Ausbildung bei der Sparkasse Vorderpfalz verbindet fundiertes Fachwissen mit praxisnahen Erfahrungen. \u201eWir m\u00f6chten unseren Nachwuchskr\u00e4ften nicht nur die klassischen Bankthemen n\u00e4herbringen, sondern ihnen auch moderne Perspektiven er\u00f6ffnen \u2013 vom digitalen Banking bis zur nachhaltigen Finanzberatung\u201c, erl\u00e4uterte Kolb. Neben der fachlichen Qualifikation stehe auch die pers\u00f6nliche Entwicklung im Fokus: Coaching, Feedbackgespr\u00e4che und begleitende Seminare sollen die jungen Menschen auf ihrem Weg unterst\u00fctzen.<\/p>\n<p>Kommunikation r\u00fcckt in den Mittelpunkt<\/p>\n<p>F\u00fcr Tanja Schulz, Ausbildungsleiterin bei der Sparkasse Vorderpfalz, ist die Verbindung von Fachwissen und sozialen Kompetenzen entscheidend: \u201eDie Digitalisierung ver\u00e4ndert die Arbeitswelt, und auch Bankgesch\u00e4fte laufen heute vielfach online und mobil. Trotzdem bleibt der pers\u00f6nliche Kontakt ein unverzichtbarer Bestandteil unseres Gesch\u00e4fts. Deshalb legen wir in der Ausbildung gro\u00dfen Wert auf Kommunikationsf\u00e4higkeit, Einf\u00fchlungsverm\u00f6gen und eine serviceorientierte Haltung.\u201c<\/p>\n<p>Von Beginn an lernen die Auszubildenden zentrale Themen wie Verm\u00f6gensbildung, Vorsorge, Kreditgesch\u00e4ft sowie Bau- und Unternehmensfinanzierung kennen. In den ersten Ausbildungstagen stehen zudem Kennenlern-Workshops, Trainings zur Kundenkommunikation und erste Einblicke in die Filialpraxis auf dem Programm.<\/p>\n<p>Sparkasse setzt auf Nachwuchs \u2013 Chancen auch ohne Abitur<\/p>\n<p>Die F\u00f6rderung junger Talente hat bei der Sparkasse Vorderpfalz einen hohen Stellenwert. \u201eWir suchen Menschen, die gerne im Team arbeiten, Verantwortung \u00fcbernehmen und Lust haben, Projekte eigenst\u00e4ndig voranzubringen\u201c, so Tanja Schulz. \u201eDabei achten wir nicht ausschlie\u00dflich auf Schulnoten \u2013 entscheidend sind Motivation, Pers\u00f6nlichkeit und die Freude am Umgang mit Menschen.\u201c<\/p>\n<p>Ein Abitur ist keine zwingende Voraussetzung: Auch Bewerberinnen und Bewerber mit mittlerem Bildungsabschluss, abgeschlossener Berufsausbildung oder einem abgebrochenen Studium sind willkommen.<\/p>\n<p><strong>Bewerbungen f\u00fcr 2027 schon jetzt m\u00f6glich<\/strong><\/p>\n<p>Wer im kommenden Jahr eine Ausbildung bei der Sparkasse Vorderpfalz beginnen m\u00f6chte, kann sich bereits jetzt bewerben. Interessierte finden Informationen online unter www.sparkasse-vorderpfalz.de\/ausbildung oder telefonisch unter 0621 5992-9326. \u201eUnsere Ausbildungspl\u00e4tze sind erfahrungsgem\u00e4\u00df sehr gefragt. Deshalb empfehle ich eine fr\u00fchzeitige Bewerbung\u201c, r\u00e4t Tanja Schulz.<\/p>\n<p>Ein Beruf mit Perspektive<\/p>\n<p>Mit aktuell 72 Auszubildenden und dual Studierenden geh\u00f6rt die Sparkasse Vorderpfalz zu den gr\u00f6\u00dften Ausbildern in der Region. Die \u00dcbernahmechancen nach erfolgreich abgeschlossener Ausbildung sind traditionell sehr gut. \u201eUnsere Nachwuchskr\u00e4fte sind die Zukunft unseres Hauses \u2013 darum investieren wir viel in ihre Ausbildung\u201c, so Vorstand Oliver Kolb.<\/p>\n<p>Bildunterschrift: Die neuen Auszubildenden der Sparkasse Vorderpfalz. Begr\u00fc\u00dft wurden die neuen Kolleginnen und Kollegen von Vorstandsmitglied Oliver Kolb, der Leiterin Personalentwicklung und Ausbildung Tatjana Kamrad, der Ausbildungsleiterin Tanja Schulz, Mireille Palestini (Vorsitzende des Personalrats), Bernd Ruppert (Schwerbehindertenvertretung) sowie Benjamin Jelovac (Jugend- und Auszubildendenvertretung).<\/p>\n<p>Bild: \u00a9 Sparkasse Vorderpfalz \/ Klaus Venus<\/p>\n<p>Quelle Sparkasse Vorderpfalz <\/p>\n<p class=\"post-modified-info\">Zuletzt aktualisiert am 5. September 2026, 10:47<\/p>\n","protected":false},"excerpt":{"rendered":"Ludwigshafen \/ Metropolregion Rhein-Neckar. \u201eGrundstein f\u00fcr erfolgreiche Zukunft gelegt\u201c \u2013F\u00fcr 30 junge Menschen hat ein neuer Lebensabschnitt begonnen:&hellip;\n","protected":false},"author":2,"featured_media":1282046,"comment_status":"","ping_status":"","sticky":false,"template":"","format":"standard","meta":{"footnotes":"","_share_on_mastodon":"0"},"categories":[1845],"tags":[14068,3803,1705,3886,1634,2294,37831,630,9945,15238,3364,29,1081,2136,548,663,3934,15091,6586,30,13,259,8342,25476,2096,9834,25488,25489,14,14480,15,6989,39533,7789,13883,5399,5206,28951,12,4787,82782,21923,4938,4051,16725,44980,42697,1031,11409,1889],"class_list":["post-1282045","post","type-post","status-publish","format-standard","has-post-thumbnail","category-mannheim","tag-lernen","tag-studierende","tag-arbeitswelt","tag-ausbildung","tag-baden-wuerttemberg","tag-bank","tag-begruessung","tag-beruf","tag-berufsausbildung","tag-chancen","tag-de","tag-deutschland","tag-digitalisierung","tag-entwicklung","tag-eu","tag-europa","tag-europe","tag-fokus","tag-forderung","tag-germany","tag-headlines","tag-informationen","tag-junge-menschen","tag-ludwigshafen","tag-mannheim","tag-menschen","tag-metropolregion","tag-metropolregion-rhein-neckar","tag-nachrichten","tag-neckar","tag-news","tag-online","tag-persoenlichkeit","tag-programm","tag-projekte","tag-region","tag-rhein","tag-rhein-neckar","tag-schlagzeilen","tag-sparkasse","tag-sparkasse-vorderpfalz","tag-studiengang","tag-studium","tag-team","tag-umgang","tag-vorderpfalz","tag-vorsitzende","tag-vorstand","tag-workshops","tag-zukunft"],"share_on_mastodon":{"url":"","error":"Validation failed: Text character limit of 500 exceeded"},"_links":{"self":[{"href":"https:\/\/www.europesays.com\/de\/wp-json\/wp\/v2\/posts\/1282045","targetHints":{"allow":["GET"]}}],"collection":[{"href":"https:\/\/www.europesays.com\/de\/wp-json\/wp\/v2\/posts"}],"about":[{"href":"https:\/\/www.europesays.com\/de\/wp-json\/wp\/v2\/types\/post"}],"author":[{"embeddable":true,"href":"https:\/\/www.europesays.com\/de\/wp-json\/wp\/v2\/users\/2"}],"replies":[{"embeddable":true,"href":"https:\/\/www.europesays.com\/de\/wp-json\/wp\/v2\/comments?post=1282045"}],"version-history":[{"count":0,"href":"https:\/\/www.europesays.com\/de\/wp-json\/wp\/v2\/posts\/1282045\/revisions"}],"wp:featuredmedia":[{"embeddable":true,"href":"https:\/\/www.europesays.com\/de\/wp-json\/wp\/v2\/media\/1282046"}],"wp:attachment":[{"href":"https:\/\/www.europesays.com\/de\/wp-json\/wp\/v2\/media?parent=1282045"}],"wp:term":[{"taxonomy":"category","embeddable":true,"href":"https:\/\/www.europesays.com\/de\/wp-json\/wp\/v2\/categories?post=1282045"},{"taxonomy":"post_tag","embeddable":true,"href":"https:\/\/www.europesays.com\/de\/wp-json\/wp\/v2\/tags?post=1282045"}],"curies":[{"name":"wp","href":"https:\/\/api.w.org\/{rel}","templated":true}]}}