{"id":1282056,"date":"2026-09-05T10:26:17","date_gmt":"2026-09-05T10:26:17","guid":{"rendered":"https:\/\/www.europesays.com\/de\/1282056\/"},"modified":"2026-09-05T10:26:17","modified_gmt":"2026-09-05T10:26:17","slug":"grosses-fest-eroeffnet-der-heeper-ting-begeistert-mit-seinem-bunten-programm","status":"publish","type":"post","link":"https:\/\/www.europesays.com\/de\/1282056\/","title":{"rendered":"Gro\u00dfes Fest er\u00f6ffnet: Der Heeper Ting begeistert mit seinem bunten Programm"},"content":{"rendered":"<p id=\"absatz1\" class=\"em_text\">Bielefeld-Heepen (syl). Er ist das Highlight im Stadtteil: Jedes Jahr str\u00f6men Tausende zum Heeper Ting, der am Wochenende seine 46. Auflage erlebt. Das vielf\u00e4ltige Programm lockt viele Besucher und Besucherinnen von nah und fern an. Am gestrigen Freitag er\u00f6ffneten Bezirksb\u00fcrgermeister Holm Sternbacher und J\u00fcrgen Utecht, Chef der Werbegemeinschaft das Fest. Bis Sonntag bleibt genug Zeit zum St\u00f6bern, Schlemmen, Musik h\u00f6ren und Shoppen.<\/p>\n<p id=\"absatz2\" class=\"em_text\">Die Anzahl der Flohmarktst\u00e4nde ist rekordverd\u00e4chtig: 360 sind es insgesamt an der Hillegosser Stra\u00dfe und auf der Jahnwiese. Da ist f\u00fcr jeden etwas dabei. Auf dem Schulhof der ehemaligen Tieplatzschule l\u00e4uft an allen Tagen die Kirmes. In der Alten Vogtei sind zwei Ausstellungen zu sehen. Am Samstag kommt ab 10 Uhr die Feuerwehr. Auf der B\u00fchne beginnt das Programm gegen Mittag. Zu h\u00f6ren sind der Singer-Songwriter Moe und die Blue Sky Company. Ab 20 Uhr \u00fcbernehmen die Burning Guitars das Zepter.<\/p>\n<p id=\"absatz3\" class=\"em_text\">Der Sonntag beginnt um 11.15 Uhr mit dem \u00f6kumenischen Gottesdienst, musikalisch begleitet vom Heeper Posaunenchor. Um 15 Uhr spielt die Kinderrockband Randale. Von 13 bis 18 Uhr laden die Gesch\u00e4ftsleute mit dem verkaufsoffenen Sonntag zum Bummeln ein. Bezirksb\u00fcrgermeister Holm Sternbacher: \u201eDer Heeper Ting ist weit mehr als ein Stadtteilfest \u2013 er bringt Menschen zusammen und zeigt, was Heepen ausmacht.\u201c <\/p>\n","protected":false},"excerpt":{"rendered":"Bielefeld-Heepen (syl). Er ist das Highlight im Stadtteil: Jedes Jahr str\u00f6men Tausende zum Heeper Ting, der am Wochenende&hellip;\n","protected":false},"author":2,"featured_media":1282057,"comment_status":"","ping_status":"","sticky":false,"template":"","format":"standard","meta":{"footnotes":"","_share_on_mastodon":"0"},"categories":[1841],"tags":[1605,3364,29,260113,30,44678,105393,259822,9311,9307,729,733,198715,736,164252,9312,737,1209],"class_list":["post-1282056","post","type-post","status-publish","format-standard","has-post-thumbnail","category-bielefeld","tag-bielefeld","tag-de","tag-deutschland","tag-flohmarktstand","tag-germany","tag-heepen","tag-holm-sternbacher","tag-juergen-utecht","tag-label_familie-freizeit","tag-label_foto","tag-label_s-50","tag-label_unterhalte-mich","tag-meta_artikelklasse_nische","tag-meta_copyrights_nw","tag-meta_eo_zusammenfassung","tag-meta_themen_familie_bildung_freizeit","tag-meta_userneeds_lenkeab","tag-nordrhein-westfalen"],"share_on_mastodon":{"url":"https:\/\/pubeurope.com\/@de\/117217957602418171","error":""},"_links":{"self":[{"href":"https:\/\/www.europesays.com\/de\/wp-json\/wp\/v2\/posts\/1282056","targetHints":{"allow":["GET"]}}],"collection":[{"href":"https:\/\/www.europesays.com\/de\/wp-json\/wp\/v2\/posts"}],"about":[{"href":"https:\/\/www.europesays.com\/de\/wp-json\/wp\/v2\/types\/post"}],"author":[{"embeddable":true,"href":"https:\/\/www.europesays.com\/de\/wp-json\/wp\/v2\/users\/2"}],"replies":[{"embeddable":true,"href":"https:\/\/www.europesays.com\/de\/wp-json\/wp\/v2\/comments?post=1282056"}],"version-history":[{"count":0,"href":"https:\/\/www.europesays.com\/de\/wp-json\/wp\/v2\/posts\/1282056\/revisions"}],"wp:featuredmedia":[{"embeddable":true,"href":"https:\/\/www.europesays.com\/de\/wp-json\/wp\/v2\/media\/1282057"}],"wp:attachment":[{"href":"https:\/\/www.europesays.com\/de\/wp-json\/wp\/v2\/media?parent=1282056"}],"wp:term":[{"taxonomy":"category","embeddable":true,"href":"https:\/\/www.europesays.com\/de\/wp-json\/wp\/v2\/categories?post=1282056"},{"taxonomy":"post_tag","embeddable":true,"href":"https:\/\/www.europesays.com\/de\/wp-json\/wp\/v2\/tags?post=1282056"}],"curies":[{"name":"wp","href":"https:\/\/api.w.org\/{rel}","templated":true}]}}