{"id":1282068,"date":"2026-09-05T10:33:24","date_gmt":"2026-09-05T10:33:24","guid":{"rendered":"https:\/\/www.europesays.com\/de\/1282068\/"},"modified":"2026-09-05T10:33:24","modified_gmt":"2026-09-05T10:33:24","slug":"ukraine-russland-greift-flughaefen-vor-besuch-von-witkoff-und-kushner-an","status":"publish","type":"post","link":"https:\/\/www.europesays.com\/de\/1282068\/","title":{"rendered":"Ukraine: Russland greift Flugh\u00e4fen vor Besuch von Witkoff und Kushner an"},"content":{"rendered":"<p>Vor US-Vermittlung: Tote bei Luftangriffen auf Ukraine<\/p>\n<p class=\"text-18 leading-17 user-text-lg:text-22 user-text-xl:text-24\">Vor einer US-Vermittlungsmission im Ukraine-Krieg sind vier Menschen im ukrainischen Gebiet Dnipropetrowsk durch einen russischen Luftangriff get\u00f6tet worden. Der Angriff habe einen Industriebetrieb in der Stadt Kamjanske getroffen, teilte Gebietsgouverneur Olexander Hanscha auf Telegram mit. Es habe sechs Verletzte gegeben. Das russische Milit\u00e4r in Moskau sprach von einem Angriff auf ein gro\u00dfes Metallkombinat, das die ukrainische R\u00fcstungsindustrie beliefere.<\/p>\n<p class=\"text-18 leading-17 user-text-lg:text-22 user-text-xl:text-24\">Einschl\u00e4ge russischer Drohnen wurden in der Nacht auch aus dem Gro\u00dfraum Kiew gemeldet. \u00dcber Russland hingegen wurden in der Nacht 59 ukrainische Drohnen abgewehrt, wie das Verteidigungsministerium in Moskau mitteilte. Die vergleichsweise niedrige Zahl l\u00e4sst darauf schlie\u00dfen, dass die Ukraine wie angek\u00fcndigt eine Feuerpause wegen des Besuchs der US-Vermittler einh\u00e4lt.<\/p>\n<p>Russland: USA sollten Realit\u00e4ten vor Ort ber\u00fccksichtigen<\/p>\n<p class=\"text-18 leading-17 user-text-lg:text-22 user-text-xl:text-24\">Russland ruft die <a href=\"https:\/\/www.t-online.de\/themen\/usa\/\" class=\"transition-colors cursor-pointer no-underline md:hover:text-magenta md:focus:text-magenta border-b border-solid border-current text-salemsfur md:hover:border-magenta\" data-tracking=\"{&quot;action&quot;:&quot;click&quot;,&quot;category&quot;:&quot;intextLink&quot;,&quot;label&quot;:&quot;\/themen\/usa\/&quot;}\" data-sctrack=\"BodyAnchor\" rel=\"nofollow noopener\" target=\"_blank\">USA<\/a> vor einem m\u00f6glichen Besuch ihrer Sondergesandten Steve Witkoff und Jared Kushner in Moskau und Kiew auf, bei Gespr\u00e4chen \u00fcber ein Ende des Konfliktes die Realit\u00e4ten auf dem Schlachtfeld zu ber\u00fccksichtigen. Die Lage ver\u00e4ndere sich zuungunsten der Ukraine, sagte der russische Vize-Au\u00dfenminister Sergej Rjabkow der staatlichen russischen Nachrichtenagentur Tass zufolge. &#8222;Die Schl\u00fcsselfrage ist, inwieweit die US-Regierung angesichts der Realit\u00e4ten vor Ort bereit ist, in die Suche nach einer echten L\u00f6sung f\u00fcr die aktuelle Krise zu investieren.&#8220;<\/p>\n<p><a href=\"#focus-2\" class=\"transition-colors block text-current relative\" data-sctrack=\"FocusGalleryImage.Reference\"><img   loading=\"lazy\" src=\"https:\/\/www.europesays.com\/de\/wp-content\/uploads\/2026\/09\/der-stellvertretende-russische-aussenminister-sergej-rjabkow-bei-einer-veranstaltung-archivbild.jpg\" alt=\"Der Stellvertretende russische Au\u00dfenminister Sergej Rjabkow bei einer Veranstaltung (Archivbild).\" title=\"Der Stellvertretende russische Au\u00dfenminister Sergej Rjabkow bei einer Veranstaltung (Archivbild).\" width=\"4000\" height=\"2250\" class=\"h-full w-full max-w-full rounded-8\" decoding=\"async\"\/><img loading=\"lazy\" src=\"https:\/\/www.t-online.de\/s\/paper\/_next\/static\/media\/zoom-in.f7dae02f.svg\" alt=\"Vergr\u00f6\u00dfern des Bildes\" title=\"Vergr\u00f6\u00dfern des Bildes\" class=\"block h-[calc(var(--height)_\/_16_*_1rem)] w-[calc(var(--width)_\/_16_*_1rem)] max-w-none absolute right-8 bottom-8 rounded-4 bg-snow p-8\" style=\"--width:32;--height:32\" decoding=\"async\"\/>Der Stellvertretende russische Au\u00dfenminister Sergej Rjabkow bei einer Veranstaltung (Archivbild). (Quelle: IMAGO\/Kristina Kormilitsyna\/imago-images-bilder)<\/a><\/p>\n<p class=\"text-18 leading-17 user-text-lg:text-22 user-text-xl:text-24\">Am Wochenende reisen Witkoff und Kushner Medienberichten zufolge nach Russland und \u2013 erstmals seit Kriegsbeginn &#8211; auch in die Ukraine. US-Pr\u00e4sident Donald Trump erkl\u00e4rte am Freitag, Ziel einer Reise Witkoffs und Kushners ins Ausland sei ein Friedensabkommen zwischen Russland und der Ukraine. Eine Best\u00e4tigung des Besuches durch das russische Pr\u00e4sidialamt gibt es bislang nicht. Die Regierung in Kiew sprach davon, dass zwei ranghohe US-Vertreter am Sonntag in die Ukraine k\u00e4men.<\/p>\n<p>Selenskyj schl\u00e4gt Feuerpause vor<\/p>\n<p class=\"text-18 leading-17 user-text-lg:text-22 user-text-xl:text-24\">Der ukrainische Pr\u00e4sident Wolodymyr Selenskyj hat Russland eine Feuerpause w\u00e4hrend des bevorstehenden Besuchs der US-Gesandten Steve Witkoff und Jared Kushner in Moskau und Kiew vorgeschlagen. &#8222;Es wird keine Luftangriffe von unserer Seite geben, und Russland muss im Gegenzug eine Waffenruhe einhalten \u2013 ohne eigene Luftangriffe -, solange diese Gespr\u00e4che dauern&#8220;, sagte Selenskyj am Freitag in seiner abendlichen Ansprache.<\/p>\n<p><a href=\"#focus-3\" class=\"transition-colors block text-current relative\" data-sctrack=\"FocusGalleryImage.Reference\"><img   loading=\"lazy\" src=\"https:\/\/www.europesays.com\/de\/wp-content\/uploads\/2026\/09\/president-of-ukraine-volodymyr-zelenskyy-drinks-water-during-a-briefing-at-the-office-of-the-preside.jpeg\" alt=\"imago images 0839860918\" title=\"imago images 0839860918\" width=\"5532\" height=\"3112\" class=\"h-full w-full max-w-full rounded-8\" decoding=\"async\"\/><img loading=\"lazy\" src=\"https:\/\/www.t-online.de\/s\/paper\/_next\/static\/media\/zoom-in.f7dae02f.svg\" alt=\"Vergr\u00f6\u00dfern des Bildes\" title=\"Vergr\u00f6\u00dfern des Bildes\" class=\"block h-[calc(var(--height)_\/_16_*_1rem)] w-[calc(var(--width)_\/_16_*_1rem)] max-w-none absolute right-8 bottom-8 rounded-4 bg-snow p-8\" style=\"--width:32;--height:32\" decoding=\"async\"\/>Wolodymyr Selenskyj (Archivbild): Der ukrainische Pr\u00e4sident hat eien Feuerpause vorgeschlagen. (Quelle: IMAGO\/Pavlo Bahmut\/imago)<\/a><\/p>\n<p>Loading&#8230;<\/p>\n<p>Loading&#8230;<\/p>\n<p>Loading&#8230;<\/p>\n","protected":false},"excerpt":{"rendered":"Vor US-Vermittlung: Tote bei Luftangriffen auf Ukraine Vor einer US-Vermittlungsmission im Ukraine-Krieg sind vier Menschen im ukrainischen Gebiet&hellip;\n","protected":false},"author":2,"featured_media":1282069,"comment_status":"","ping_status":"","sticky":false,"template":"","format":"standard","meta":{"footnotes":"","_share_on_mastodon":"0"},"categories":[4012],"tags":[1217,326,6079,522,331,332,2140,163546,6886,6073,106,1478,22461,2109,325,13,12765,120304,264479,5793,6738,5020,308,14,15,3129,264208,3186,307,12,94536,939,14564,317,312,64,306,107],"class_list":["post-1282068","post","type-post","status-publish","format-standard","has-post-thumbnail","category-ukraine","tag-1217","tag-326","tag-6079","tag-522","tag-aktuelle-nachrichten","tag-aktuelle-news","tag-angriff","tag-boryspil","tag-dnipro","tag-dnjepropetrowsk","tag-donald-trump","tag-drohne","tag-feuerpause","tag-flughafen","tag-geheimdienst","tag-headlines","tag-interfax","tag-jared-kushner","tag-kamet","tag-kiew","tag-kirill-dmitrijew","tag-kreml","tag-moskau","tag-nachrichten","tag-news","tag-newsblog","tag-olexander-poklad","tag-reuters","tag-russland","tag-schlagzeilen","tag-sergej-rjabkow","tag-stahl","tag-steve-witkoff","tag-ukraine","tag-ukrainekrieg","tag-usa","tag-wladimir-putin","tag-wolodymyr-selenskyj"],"share_on_mastodon":{"url":"","error":"Validation failed: Text character limit of 500 exceeded"},"_links":{"self":[{"href":"https:\/\/www.europesays.com\/de\/wp-json\/wp\/v2\/posts\/1282068","targetHints":{"allow":["GET"]}}],"collection":[{"href":"https:\/\/www.europesays.com\/de\/wp-json\/wp\/v2\/posts"}],"about":[{"href":"https:\/\/www.europesays.com\/de\/wp-json\/wp\/v2\/types\/post"}],"author":[{"embeddable":true,"href":"https:\/\/www.europesays.com\/de\/wp-json\/wp\/v2\/users\/2"}],"replies":[{"embeddable":true,"href":"https:\/\/www.europesays.com\/de\/wp-json\/wp\/v2\/comments?post=1282068"}],"version-history":[{"count":0,"href":"https:\/\/www.europesays.com\/de\/wp-json\/wp\/v2\/posts\/1282068\/revisions"}],"wp:featuredmedia":[{"embeddable":true,"href":"https:\/\/www.europesays.com\/de\/wp-json\/wp\/v2\/media\/1282069"}],"wp:attachment":[{"href":"https:\/\/www.europesays.com\/de\/wp-json\/wp\/v2\/media?parent=1282068"}],"wp:term":[{"taxonomy":"category","embeddable":true,"href":"https:\/\/www.europesays.com\/de\/wp-json\/wp\/v2\/categories?post=1282068"},{"taxonomy":"post_tag","embeddable":true,"href":"https:\/\/www.europesays.com\/de\/wp-json\/wp\/v2\/tags?post=1282068"}],"curies":[{"name":"wp","href":"https:\/\/api.w.org\/{rel}","templated":true}]}}