{"id":1282082,"date":"2026-09-05T10:42:40","date_gmt":"2026-09-05T10:42:40","guid":{"rendered":"https:\/\/www.europesays.com\/de\/1282082\/"},"modified":"2026-09-05T10:42:40","modified_gmt":"2026-09-05T10:42:40","slug":"stromnetz-im-visier-fahndung-nach-verdaechtigem-sprengvorrichtungen-in-sachsen-gefunden","status":"publish","type":"post","link":"https:\/\/www.europesays.com\/de\/1282082\/","title":{"rendered":"Stromnetz im Visier: Fahndung nach Verd\u00e4chtigem, Sprengvorrichtungen in Sachsen gefunden"},"content":{"rendered":"<p>        <img decoding=\"async\" src=\"https:\/\/www.europesays.com\/de\/wp-content\/uploads\/2026\/09\/1788604949_596_umspannwerk-stromleitung-anschlag-polizei-einsatz-102.webp\" alt=\"Polizeieinsatz am 4.9.2026 an der S 126 bei Schleife in der Lausitz.\" title=\"Polizeieinsatz am 4.9.2026 an der S 126 bei Schleife in der Lausitz. | xcitepress\" class=\"responsive\"\/><\/p>\n<p>AUDIO: Innenminister \u00fcber Polizeieinsatz in Sachsen: &#8222;Vier unbekannte Sprengvorrichtungen&#8220; (1 Min)<\/p>\n<p class=\"topline\">Kritische Infrastruktur<\/p>\n<p>\n                Stand: 05.09.2026 10:59 Uhr<\/p>\n<p class=\"preface\">Nach den Anschl\u00e4gen auf Stromnetze in Nordrhein-Westfalen und Brandenburg dauert die Fahndung nach einem Tatverd\u00e4chtigen an. Im Zusammenhang mit den Angriffen auf die Stromversorgung hat die Polizei am Freitag auch in Sachsen Sprengvorrichtungen entdeckt. Innenminister Armin Schuster sagte, an zwei Fundorten seien vier Objekte gesichert worden. Der Einsatz wurde am Samstag fortgesetzt.<\/p>\n<p class=\"textauthor\">von MDR SACHSEN<\/p>\n<p>        <img decoding=\"async\" src=\"https:\/\/www.europesays.com\/de\/wp-content\/uploads\/2026\/08\/1787969123_972_google-handy-100.webp\" alt=\"Ein Handy liegt auf einer Laptoptastatur. Das Display zeigt das Google Logo\" title=\"Ein Handy liegt auf einer Laptoptastatur. Das Display zeigt das Google Logo |  IMAGO \/ SOPA Images\" class=\"responsive\" loading=\"lazy\"\/><\/p>\n<p>Nachrichten personalisieren<\/p>\n<p class=\"\">Im Zusammenhang mit Angriffen auf die Stromversorgung dauert der Polizeieinsatz in Ostsachsen auch am Samstag an. Teilweise seien Polizisten die ganze Nacht \u00fcber mit der Sicherung von Spuren besch\u00e4ftigt gewesen, sagte eine Sprecherin der Polizeidirektion G\u00f6rlitz am Morgen. Mit Details und Hintergr\u00fcnden zu dem Einsatz n\u00f6rdlich von Bautzen hielt sie sich weiter bedeckt. Im Laufe des Tages sei eine Information geplant, hie\u00df es.<\/p>\n<p>    Vier Objekte in Sachsen durchsucht<\/p>\n<p class=\"\">Die Polizei hatte am Freitag &#8222;unbekannte Sprengvorrichtungen&#8220; entdeckt, die entsch\u00e4rft werden mussten. &#8222;Die Polizeikr\u00e4fte sicherten an zwei Fundorten vier Objekte&#8220;, sagte Sachsens Innenminister Armin Schuster (CDU) auf dpa-Anfrage.<\/p>\n<p class=\"\">Fotografen berichteten von einer Suche an der Staatstra\u00dfe 126 bei Schleife an der Grenze zu Brandenburg. Die Polizeidirektion G\u00f6rlitz sprach von einem Einsatz n\u00f6rdlich von Bautzen, wollte aber aus taktischen Gr\u00fcnden keine weiteren Details nennen.<\/p>\n<p>        <img decoding=\"async\" src=\"https:\/\/www.europesays.com\/de\/wp-content\/uploads\/2026\/09\/anschlag-sachsen-bautzen-strom-umspannwerk-100.webp\" alt=\"Polzisten, Einsatzfahrzeuge\" title=\"Polzisten, Einsatzfahrzeuge | MDR\" class=\"responsive\" loading=\"lazy\"\/><\/p>\n<p>Sabotageverdacht in Sachsen<\/p>\n<p>    Bekennerschreiben nach Sabotagen an Stromleitungen<\/p>\n<p class=\"\">Schuster betonte, die Hinweise auf Sabotage h\u00e4tten sich aus einem Bekennerschreiben am Vortag ergeben. Unmittelbar nach dessen Eingang seien schon am Donnerstag intensive Suchma\u00dfnahmen eingeleitet worden, so Schuster. &#8222;Die s\u00e4chsischen Sicherheitsbeh\u00f6rden stehen mit allen weiteren betroffenen L\u00e4ndern wie Brandenburg und Nordrhein-Westfalen in enger Abstimmung.&#8220;<\/p>\n<p class=\"\">Am 1. September hatte es <a href=\"https:\/\/www.mdr.de\/nachrichten\/sachsen\/news-anschlag-kraftwerk-jaenschwalde-rakete,sprengvorrichtung-umspannwerk-100.html\" title=\"Ausfall an Kraftwerksblock: Offenbar Anschlag auf Stromleitungen bei J\u00e4nschwalde in der Lausitz\" rel=\"nofollow noopener\" target=\"_blank\">Besch\u00e4digungen an Stromleitungen zum Umspannwerk<\/a> Turnow-Preilack bei J\u00e4nschwalde gegeben.<\/p>\n<p>                    <a href=\"https:\/\/www.europesays.com\/de\/wp-content\/uploads\/2026\/09\/umspannwerk-stromleitung-anschlag-polizei-einsatz-100.webp\" class=\"zoomimage\" title=\"Bild vergr\u00f6\u00dfern\"><\/p>\n<p>        <img decoding=\"async\" src=\"https:\/\/www.europesays.com\/de\/wp-content\/uploads\/2026\/09\/umspannwerk-stromleitung-anschlag-polizei-einsatz-100.webp\" alt=\"Stromleitungen, die zum Umspannwerk Turnow-Preilack bei J\u00e4nschwalde in S\u00fcdbrandenburg geh\u00f6ren. \" title=\"Stromleitungen bei Schleife an der Landesgrenze Sachsens zu Brandenburg. | xcitepress\" class=\"responsive\" loading=\"lazy\"\/><\/p>\n<p>                    <\/a><\/p>\n<p>                    Stromleitungen bei Schleife an der Landesgrenze Sachsens zu Brandenburg.<\/p>\n<p>    Polizei fahndet nach Tatverd\u00e4chtigem<\/p>\n<p class=\"\">Die Polizei fahndet unterdessen weiter mit Hochdruck nach dem Mann, der die Sabotageaktionen gegen das deutsche Stromnetz ver\u00fcbt haben soll. NRW-Innenminister Herbert Reul teilte mit, bei dem gesuchten Verd\u00e4chtigen handelt es sich um einen 48-J\u00e4hrigen aus dem Ruhrgebiet. Das Fahrzeug des Mannes sei in Niederzier am Hambacher Forst gest\u00fcrmt worden, der Mann jedoch zuvor geflohen.<\/p>\n<p class=\"\">Reul zufolge wurde auch die Wohnung des Mannes durchsucht. Dabei seien sprengstoffverd\u00e4chtige Gegenst\u00e4nde entdeckt worden. Ermittler halten sein Bekennerschreiben, das er verschiedenen Medien geschickt hatte, f\u00fcr authentisch. &#8222;Das Wissen, was offenbart wird in diesen Schreiben, das ist eindeutiges T\u00e4terwissen\u00bb, sagte Bundesinnenminister Alexander Dobrindt.<\/p>\n<p>Die Sprengs\u00e4tze aus Pyrotechnik sollten Kurzschl\u00fcsse und Stromausf\u00e4lle verursachen. Dem Bekennerschreiben zufolge wurden die Anschl\u00e4ge aus Protest gegen den Kohleabbau ver\u00fcbt. &#8222;Stromerzeugung aus fossilen Brennstoffen ist ein Verbrechen&#8220;, hie\u00df es in den Briefen.<\/p>\n<p>        <img decoding=\"async\" src=\"https:\/\/www.europesays.com\/de\/wp-content\/uploads\/2026\/06\/vulkangruppe-anschlag-01-102.webp\" alt=\"Angriff auf Tesla bei Gr\u00fcnheide im Fr\u00fchjahr M\u00e4rz 2024 durch &quot;Tesla abschalten&quot; \" title=\"Brennender Strommast beim Angriff auf das Tesla-Werk bei Gr\u00fcnheide im Fr\u00fchjahr M\u00e4rz 2024 durch die Vulkangruppe &quot;Tesla abschalten&quot;  | MDR Fernsehen\" class=\"responsive\" loading=\"lazy\"\/><\/p>\n<p>Blackout durch Ansch\u00e4ge<\/p>\n<p>Anschl\u00e4ge auf das Stromnetz nehmen zu: Hinter der Sabotage stehen mutma\u00dflich linksextreme Gruppen wie die Vulkangruppe. Ermittler sto\u00dfen bei der Aufkl\u00e4rung auf gro\u00dfe Schwierigkeiten.<\/p>\n<p>        <img decoding=\"async\" src=\"https:\/\/www.europesays.com\/de\/wp-content\/uploads\/2026\/09\/anschlag-umspannwerk-brandenburg-100.webp\" alt=\"Polizeifahrzeuge sperren eine Stra\u00dfenkreuzung vor einem Stromleitungsmast ab.\" title=\"Am Kraftwerk J\u00e4nschwalde fiel am 1. September 2026 der Block B aus. Betreiber Leag sprach von einem Anschlag, nachdem an einem nahen Umspannwerk Sprengvorrichtungen gefunden worden. (Archivbild) | picture alliance\/dpa | Frank Hammerschmidt\" class=\"responsive\" loading=\"lazy\"\/><\/p>\n<p>        <a href=\"https:\/\/www.mdr.de\/video\/mdr-videos\/d\/video-statements-zu-angriff-auf-umspannwerk-in-brandenburg-100.html\" aria-label=\"Zum Video (15 Min): Statements zu Angriff auf Umspannwerk in Brandenburg\" rel=\"nofollow noopener\" target=\"_blank\"><\/p>\n<p>        <img decoding=\"async\" src=\"https:\/\/www.europesays.com\/de\/wp-content\/uploads\/2026\/09\/bild-329496.webp\" alt=\"Szene aus Livestream MDR-Fernsehen\" title=\"Szene aus Livestream MDR-Fernsehen | MITTELDEUTSCHER RUNDFUNK\" class=\"responsive\" loading=\"lazy\"\/><\/p>\n<p>        <\/a><\/p>\n<p>        <a href=\"https:\/\/www.mdr.de\/video\/mdr-videos\/a\/video-1641136.html\" aria-label=\"Zum Video (1 Min): J\u00e4nschwalde: Selbstgebaute Sprengk\u00f6rper am Umspannwerk\" rel=\"nofollow noopener\" target=\"_blank\"><\/p>\n<p>        <img decoding=\"async\" src=\"https:\/\/www.europesays.com\/de\/wp-content\/uploads\/2026\/09\/bild-329950.webp\" alt=\"Szene aus Livestream MDR-Fernsehen\" title=\"Szene aus Livestream MDR-Fernsehen | MITTELDEUTSCHER RUNDFUNK\" class=\"responsive\" loading=\"lazy\"\/><\/p>\n<p>        <\/a><\/p>\n<p class=\"\">MDR (kk)dpa<\/p>\n","protected":false},"excerpt":{"rendered":"AUDIO: Innenminister \u00fcber Polizeieinsatz in Sachsen: &#8222;Vier unbekannte Sprengvorrichtungen&#8220; (1 Min) Kritische Infrastruktur Stand: 05.09.2026 10:59 Uhr Nach&hellip;\n","protected":false},"author":2,"featured_media":1282083,"comment_status":"","ping_status":"","sticky":false,"template":"","format":"standard","meta":{"footnotes":"","_share_on_mastodon":"0"},"categories":[5],"tags":[5968,331,332,18334,4420,1890,3364,29,627,7142,30,13,14,15,176,121,859,12,264483,5667,264482,264481,1136,19169],"class_list":["post-1282082","post","type-post","status-publish","format-standard","has-post-thumbnail","category-nachrichten","tag-kritische-infrastruktur","tag-aktuelle-nachrichten","tag-aktuelle-news","tag-anschlaege","tag-bekennerschreiben","tag-brandenburg","tag-de","tag-deutschland","tag-energieversorgung","tag-fahndung","tag-germany","tag-headlines","tag-nachrichten","tag-news","tag-nrw","tag-polizei","tag-sachsen","tag-schlagzeilen","tag-sprengvorrichtungen","tag-stromausfall","tag-stromnetz-angriffe","tag-stromnetz-sabotage","tag-stromversorgung","tag-tatverdaechtiger"],"share_on_mastodon":{"url":"https:\/\/pubeurope.com\/@de\/117218023574965569","error":""},"_links":{"self":[{"href":"https:\/\/www.europesays.com\/de\/wp-json\/wp\/v2\/posts\/1282082","targetHints":{"allow":["GET"]}}],"collection":[{"href":"https:\/\/www.europesays.com\/de\/wp-json\/wp\/v2\/posts"}],"about":[{"href":"https:\/\/www.europesays.com\/de\/wp-json\/wp\/v2\/types\/post"}],"author":[{"embeddable":true,"href":"https:\/\/www.europesays.com\/de\/wp-json\/wp\/v2\/users\/2"}],"replies":[{"embeddable":true,"href":"https:\/\/www.europesays.com\/de\/wp-json\/wp\/v2\/comments?post=1282082"}],"version-history":[{"count":0,"href":"https:\/\/www.europesays.com\/de\/wp-json\/wp\/v2\/posts\/1282082\/revisions"}],"wp:featuredmedia":[{"embeddable":true,"href":"https:\/\/www.europesays.com\/de\/wp-json\/wp\/v2\/media\/1282083"}],"wp:attachment":[{"href":"https:\/\/www.europesays.com\/de\/wp-json\/wp\/v2\/media?parent=1282082"}],"wp:term":[{"taxonomy":"category","embeddable":true,"href":"https:\/\/www.europesays.com\/de\/wp-json\/wp\/v2\/categories?post=1282082"},{"taxonomy":"post_tag","embeddable":true,"href":"https:\/\/www.europesays.com\/de\/wp-json\/wp\/v2\/tags?post=1282082"}],"curies":[{"name":"wp","href":"https:\/\/api.w.org\/{rel}","templated":true}]}}