{"id":1282122,"date":"2026-09-05T11:09:21","date_gmt":"2026-09-05T11:09:21","guid":{"rendered":"https:\/\/www.europesays.com\/de\/1282122\/"},"modified":"2026-09-05T11:09:21","modified_gmt":"2026-09-05T11:09:21","slug":"juergen-klopp-in-stuttgart-bundestrainer-sah-traumtore-und-nationalelf-kandidaten","status":"publish","type":"post","link":"https:\/\/www.europesays.com\/de\/1282122\/","title":{"rendered":"J\u00fcrgen Klopp in Stuttgart: Bundestrainer sah Traumtore und Nationalelf-Kandidaten"},"content":{"rendered":"<p>Bundestrainer ist beeindrucktNationalelf-Kandidaten? Diese Stars begeistern Klopp<img alt=\"BAU \/\/ 2026.09.04, Deutschland, Stuttgart Fu\u00dfball VfB Stuttgart vs. 1. FC K\u00f6ln, Bilai El Khannouss (VfB, vorn) mit Troph\u00e4e als man of the match Gem\u00e4\u00df den Vorgaben der DFL Deutsche Fu\u00dfball Liga ist es untersagt, in dem Stadion und\/oder vom Spiel angefertigte Fotoaufnahmen in Form von Sequenzbildern und\/oder video\u00e4hnlichen Fotostrecken zu verwerten bzw. verwerten zu lassen. DFL, DFB regulations prohibit any use of photographs as image sequences and\/or quasi-video.\" fetchpriority=\"high\" width=\"940\" height=\"529\" decoding=\"async\" data-nimg=\"1\" class=\"Image_image__SdgLQ Picture_image__vGN9W\" style=\"color:transparent\"   src=\"https:\/\/www.europesays.com\/de\/wp-content\/uploads\/2026\/09\/bau-20260904-deutschland-stuttgart-fussball-vfb-stuttgart-vs-1-fc-koeln-bilai-el-khannouss-vfb-vorn-.webp\"\/><\/p>\n<p>Bilai El Khannouss sorgte mit einem Geniestreich f\u00fcr die F\u00fchrung. <\/p>\n<p>picture alliance \/ Baumann\/Julia Rahn<\/p>\n<p class=\"AnnotatedMarkup_paragraph__IUT9l\"><strong>F\u00fcr J\u00fcrgen Klopp gab es beim als Beobachter des Bundesliga-Spiels zwischen dem VfB Stuttgart und dem 1. FC K\u00f6ln viel zu sehen. <\/strong><br \/>Mehrere potenzielle Spieler f\u00fcr seine erste DFB-Nominierung sind dabei. Doch der \u201eSpieler des Spiels\u201c kommt nicht infrage.<\/p>\n<p>\u00dcberzeugender Sieg von Stuttgart<\/p>\n<p class=\"AnnotatedMarkup_paragraph__IUT9l\">Es ist nicht bekannt, zumindest nicht \u00f6ffentlich, was J\u00fcrgen Klopp am Freitagabend an Erkenntnissen gewonnen hat. Was der Bundestrainer bei seinem Besuch in Stuttgart sah, d\u00fcrfte ihn allerdings beeindruckt haben: Einen \u00fcberzeugenden Sieg des VfB gegen den 1. FC K\u00f6ln, der allerdings zwischendurch ganz sch\u00f6n aufm\u00fcpfig war, spektakul\u00e4r vergebene Chancen und Traumtore &#8211; und einige potenzielle Kandidaten f\u00fcr die Nationalmannschaft.<\/p>\n<p class=\"AnnotatedMarkup_paragraph__IUT9l\">Den \u201eSpieler des Spiels\u201c beim 4:1 (1:0) der Schwaben kann Klopp freilich nicht berufen: Bilal El Khannouss, bis kurz vor Transferschluss Kandidat f\u00fcr einen Wechsel fort aus Stuttgart, ist marokkanischer Nationalspieler. \u201eEr war entscheidend daran beteiligt, dass wir das Spiel gewinnen\u201c, erkl\u00e4rte Trainer Sebastian Hoene\u00df, ein \u201eTopspiel\u201c habe der 22-J\u00e4hrige absolviert. Und das nicht nur, weil sein erl\u00f6sendes 1:0 (39.) ein Geniestreich war.<\/p>\n<p class=\"AnnotatedMarkup_paragraph__IUT9l\">\u201eIn der Szene hat man einfach gesehen, welch au\u00dfergew\u00f6hnlicher Spieler er auch f\u00fcr uns ist\u201c, sagte VfB Sportvorstand Fabian Wohlgemuth \u00fcber den Treffer aus dem Zauberkasten. \u201eDas zeigt\u201c, erg\u00e4nzte er, \u201edass er sich nie ernsthaft mit einem Wechsel besch\u00e4ftigt hat.\u201c Nein? Aus einem Transfer wurde nichts, weil die Bedingungen nicht stimmten. \u201eDas ist\u201c, erl\u00e4uterte Wohlgemuth, \u201eimmer ein Abw\u00e4gen aus dem sportlichen Wert des Spielers und dem m\u00f6glichen Erl\u00f6s.\u201c<\/p>\n<p>Torwart Bredlow mit klasse Paraden<\/p>\n<p class=\"AnnotatedMarkup_paragraph__IUT9l\">Der sportliche Wert von El Khannouss wurde mehr als deutlich, unter anderem, als er den ebenfalls erl\u00f6senden Treffer durch Grischa Pr\u00f6mel (60.) einleitete. In den 15 Minuten nach der Pause waren die pl\u00f6tzlich wie entfesselten K\u00f6lner drauf und dran gewesen, das Spiel, das l\u00e4ngst h\u00e4tte entschieden sein k\u00f6nnen, wenn nicht m\u00fcssen, zu drehen. Nach einer ersten Halbzeit \u201ewie aus einem Guss kommen wir raus und es war fast wie abgerissen\u201c, sagte Hoene\u00df.<\/p>\n<p class=\"AnnotatedMarkup_paragraph__IUT9l\">\u201eIn dieser Phase\u201c, wusste Wohlgemuth, und nicht nur er, \u201ehat uns dann Fabian Bredlow vor einem Gegentor bewahrt.\u201c In der Tat verhindert Torwart Bredlow mit spektakul\u00e4ren Paraden, dass das Spiel kippte. Dass er nur Stellvertreter f\u00fcr den verletzten Dennis Seimen ist, fiel wie beim 1:5 in M\u00fcnchen, wo er den VfB vor noch Schlimmerem bewahrte, nicht auf. \u201eEr hat zumindest in den letzten beiden Spielen gezeigt, dass er in die erste Elf geh\u00f6rt\u201c, lobte Wohlgemuth.<\/p>\n<p class=\"AnnotatedMarkup_paragraph__IUT9l\">Es ist nicht anzunehmen, dass Klopp eine Nominierung von Bredlow f\u00fcr die DFB-Auswahl erw\u00e4gt. Deniz Undav oder Dzenan Pejcinovic k\u00e4men da wohl eher infrage &#8211; beide spielten aber erneut eher unauff\u00e4llig. Im Gegensatz etwa zu Josha Vagnoman. Der Rechtsverteidiger schoss zun\u00e4chst aus drei Metern v\u00f6llig freistehend nur an die Latte (9.) &#8211; traf daf\u00fcr aber mit einem Volleyschuss aus gut und gerne 22 Metern traumhaft zum Endstand (90.+1).<\/p>\n<p class=\"AnnotatedMarkup_paragraph__IUT9l\">Verwendete Quellen: ara\/sid<\/p>\n","protected":false},"excerpt":{"rendered":"Bundestrainer ist beeindrucktNationalelf-Kandidaten? Diese Stars begeistern Klopp Bilai El Khannouss sorgte mit einem Geniestreich f\u00fcr die F\u00fchrung. picture&hellip;\n","protected":false},"author":2,"featured_media":1282123,"comment_status":"","ping_status":"","sticky":false,"template":"","format":"standard","meta":{"footnotes":"","_share_on_mastodon":"0"},"categories":[1830],"tags":[1634,468,3364,1260,29,1264,260945,19369,5855,347,19367,19368,19366,485,30,4665,10260,265,1441,2915],"class_list":["post-1282122","post","type-post","status-publish","format-standard","has-post-thumbnail","category-stuttgart","tag-baden-wuerttemberg","tag-champions-league","tag-de","tag-deutsche-nationalmannschaft","tag-deutschland","tag-dfb-pokal","tag-digital-news-desk","tag-ems_sport_fussball","tag-europa-league","tag-fussball","tag-fussball-em","tag-fussball-ergebnisse","tag-fussball-wm","tag-fussball-bundesliga","tag-germany","tag-juergen-klopp","tag-nations-league","tag-sport","tag-stuttgart","tag-vfb-stuttgart"],"share_on_mastodon":{"url":"https:\/\/pubeurope.com\/@de\/117218126789098656","error":""},"_links":{"self":[{"href":"https:\/\/www.europesays.com\/de\/wp-json\/wp\/v2\/posts\/1282122","targetHints":{"allow":["GET"]}}],"collection":[{"href":"https:\/\/www.europesays.com\/de\/wp-json\/wp\/v2\/posts"}],"about":[{"href":"https:\/\/www.europesays.com\/de\/wp-json\/wp\/v2\/types\/post"}],"author":[{"embeddable":true,"href":"https:\/\/www.europesays.com\/de\/wp-json\/wp\/v2\/users\/2"}],"replies":[{"embeddable":true,"href":"https:\/\/www.europesays.com\/de\/wp-json\/wp\/v2\/comments?post=1282122"}],"version-history":[{"count":0,"href":"https:\/\/www.europesays.com\/de\/wp-json\/wp\/v2\/posts\/1282122\/revisions"}],"wp:featuredmedia":[{"embeddable":true,"href":"https:\/\/www.europesays.com\/de\/wp-json\/wp\/v2\/media\/1282123"}],"wp:attachment":[{"href":"https:\/\/www.europesays.com\/de\/wp-json\/wp\/v2\/media?parent=1282122"}],"wp:term":[{"taxonomy":"category","embeddable":true,"href":"https:\/\/www.europesays.com\/de\/wp-json\/wp\/v2\/categories?post=1282122"},{"taxonomy":"post_tag","embeddable":true,"href":"https:\/\/www.europesays.com\/de\/wp-json\/wp\/v2\/tags?post=1282122"}],"curies":[{"name":"wp","href":"https:\/\/api.w.org\/{rel}","templated":true}]}}