{"id":1282152,"date":"2026-09-05T11:25:19","date_gmt":"2026-09-05T11:25:19","guid":{"rendered":"https:\/\/www.europesays.com\/de\/1282152\/"},"modified":"2026-09-05T11:25:19","modified_gmt":"2026-09-05T11:25:19","slug":"deutscher-schauspieler-michael-mendl-mit-82-jahren-gestorben","status":"publish","type":"post","link":"https:\/\/www.europesays.com\/de\/1282152\/","title":{"rendered":"Deutscher Schauspieler Michael Mendl mit 82 Jahren gestorben"},"content":{"rendered":"<p>            <img loading=\"lazy\" decoding=\"async\" class=\"ts-image\" src=\"https:\/\/www.europesays.com\/de\/wp-content\/uploads\/2026\/09\/michael-mendl-122.jpg\" alt=\"Michael Mendl (Archivbild: 25.08.2021)\" title=\"Michael Mendl (Archivbild: 25.08.2021) | Annette Riedl\/dpa\"\/><\/p>\n<p class=\"metatextline\">Stand: 05.09.2026 \u2022 12:34 Uhr<\/p>\n<p class=\"article-head__shorttext\">\n        <strong>Der deutsche Schauspieler Michael Mendl ist im Alter von 82 Jahren gestorben. Seinen Durchbruch hatte er als &#8222;Koslowski&#8220; im Tatort. Insgesamt wirkte er in mehr als 200 Film- und Fernsehproduktionen mit.<\/strong>\n    <\/p>\n<p class=\"textabsatz m-ten m-offset-one l-eight l-offset-two columns twelve\">Der Schauspieler Michael Mendl ist tot. Er starb im Alter von 82 Jahren, wie seine Agentin mitteilte. Er sei &#8222;friedlich eingeschlafen&#8220;.<\/p>\n<p class=\"textabsatz m-ten m-offset-one l-eight l-offset-two columns twelve\">Mendl wirkte in mehr als 200 Film- und Fernsehproduktionen mit, darunter die Kinofilme &#8222;Der Untergang&#8220; und &#8222;Barfuss&#8220;. Zudem war er in vielen Fernsehfilmen von ARD und ZDF und in der Netflix-Serie &#8222;Dark&#8220; zu sehen. F\u00fcr seine Rolle als ehemaliger Kanzler Willy Brandt im Film &#8222;Im Schatten der Macht&#8220; \u00fcber die Polit-Aff\u00e4re um den DDR-Spion G\u00fcnter Guillaume gewann er eine Goldene Kamera. Historische Figuren spielte Mendl \u00f6fter: Im Dokudrama &#8222;Karol Wojtyla&#8220; spielte er Papst Johannes Paul II. und im Drama &#8222;Die Gustloff&#8220; einen Kapit\u00e4n im Jahr 1945.<\/p>\n<p class=\"textabsatz m-ten m-offset-one l-eight l-offset-two columns twelve\">Doch auch in Kom\u00f6dien war er zu sehen, etwa als Ehemann in &#8222;Eine Chance f\u00fcr die Liebe&#8220; an der Seite von Hannelore Elsner. Diese Vielfalt reizte Mendl besonders: &#8222;Nichts w\u00e4re f\u00fcr mich langweiliger, als immer den gleichen Typ Mensch zu spielen&#8220;, so der Darsteller.<\/p>\n<p>    Kulturstaatsminister Weimer lobt &#8222;herausragendes Schaffen&#8220;<\/p>\n<p class=\"textabsatz m-ten m-offset-one l-eight l-offset-two columns twelve\">Kulturstaatsminister Wolfram Weimer w\u00fcrdigte Mendl als &#8222;eines der pr\u00e4gendsten Gesichter der deutschen Filmlandschaft&#8220;. Er habe sein Publikum mit &#8222;unz\u00e4hligen geheimnisvollen Charakteren in den Bann gezogen&#8220;.<\/p>\n<p class=\"textabsatz m-ten m-offset-one l-eight l-offset-two columns twelve\">F\u00fcr sein &#8222;nuanciertes, vielschichtiges Spiel&#8220; sei er vielfach mit hochverdienten Preisen und W\u00fcrdigungen geehrt worden, so Weimer. &#8222;Sein herausragendes Schaffen war stets Ausweis f\u00fcr die Qualit\u00e4t des deutschen Films und wird uns schmerzlich fehlen.&#8220;<\/p>\n<p>    TV-Durchbruch im &#8222;Tatort&#8220;<\/p>\n<p class=\"textabsatz m-ten m-offset-one l-eight l-offset-two columns twelve\">Geboren wurde Mendl 1944 im westf\u00e4lischen L\u00fcnen als unehelicher Sohn eines katholischen Priesters. Den Namen Mendl erhielt er von seinem Stiefvater. Anfangs wuchs er im Ruhrgebiet auf. Sp\u00e4ter studierte er kurz in Wien, dann ging er an die Folkwangschule in Essen. Dabei stand er jahrelang auf Theaterb\u00fchnen.<\/p>\n<p class=\"textabsatz m-ten m-offset-one l-eight l-offset-two columns twelve\">Seinen Durchbruch im Fernsehen hatte er in der Krimireihe &#8222;Tatort&#8220; im Jahr 1989. Erst drei Jahre sp\u00e4ter, im Alter von 49 Jahren, kam er zum Film.<\/p>\n<p class=\"textabsatz m-ten m-offset-one l-eight l-offset-two columns twelve\">Mendl lebte l\u00e4ngere Zeit in M\u00fcnchen, sp\u00e4ter zog er nach Berlin.<\/p>\n","protected":false},"excerpt":{"rendered":"Stand: 05.09.2026 \u2022 12:34 Uhr Der deutsche Schauspieler Michael Mendl ist im Alter von 82 Jahren gestorben. Seinen&hellip;\n","protected":false},"author":2,"featured_media":1282153,"comment_status":"","ping_status":"","sticky":false,"template":"","format":"standard","meta":{"footnotes":"","_share_on_mastodon":"0"},"categories":[1776],"tags":[1801,29,214,441,92,30,80,1802,935,215],"class_list":["post-1282152","post","type-post","status-publish","format-standard","has-post-thumbnail","category-prominente","tag-celebrities","tag-deutschland","tag-entertainment","tag-fernsehen","tag-film","tag-germany","tag-kultur","tag-prominente","tag-schauspieler","tag-unterhaltung"],"share_on_mastodon":{"url":"https:\/\/pubeurope.com\/@de\/117218191301070205","error":""},"_links":{"self":[{"href":"https:\/\/www.europesays.com\/de\/wp-json\/wp\/v2\/posts\/1282152","targetHints":{"allow":["GET"]}}],"collection":[{"href":"https:\/\/www.europesays.com\/de\/wp-json\/wp\/v2\/posts"}],"about":[{"href":"https:\/\/www.europesays.com\/de\/wp-json\/wp\/v2\/types\/post"}],"author":[{"embeddable":true,"href":"https:\/\/www.europesays.com\/de\/wp-json\/wp\/v2\/users\/2"}],"replies":[{"embeddable":true,"href":"https:\/\/www.europesays.com\/de\/wp-json\/wp\/v2\/comments?post=1282152"}],"version-history":[{"count":0,"href":"https:\/\/www.europesays.com\/de\/wp-json\/wp\/v2\/posts\/1282152\/revisions"}],"wp:featuredmedia":[{"embeddable":true,"href":"https:\/\/www.europesays.com\/de\/wp-json\/wp\/v2\/media\/1282153"}],"wp:attachment":[{"href":"https:\/\/www.europesays.com\/de\/wp-json\/wp\/v2\/media?parent=1282152"}],"wp:term":[{"taxonomy":"category","embeddable":true,"href":"https:\/\/www.europesays.com\/de\/wp-json\/wp\/v2\/categories?post=1282152"},{"taxonomy":"post_tag","embeddable":true,"href":"https:\/\/www.europesays.com\/de\/wp-json\/wp\/v2\/tags?post=1282152"}],"curies":[{"name":"wp","href":"https:\/\/api.w.org\/{rel}","templated":true}]}}