{"id":1282158,"date":"2026-09-05T11:29:17","date_gmt":"2026-09-05T11:29:17","guid":{"rendered":"https:\/\/www.europesays.com\/de\/1282158\/"},"modified":"2026-09-05T11:29:17","modified_gmt":"2026-09-05T11:29:17","slug":"hin-und-her-um-alphaville-wie-die-politische-debatte-das-gluecksgefuehle-festival-praegt","status":"publish","type":"post","link":"https:\/\/www.europesays.com\/de\/1282158\/","title":{"rendered":"Hin und Her um Alphaville: Wie die politische Debatte das Gl\u00fccksgef\u00fchle-Festival pr\u00e4gt"},"content":{"rendered":"<p class=\"paragraph article__item\">Der Konflikt um politische \u00c4u\u00dferungen auf dem Gl\u00fccksgef\u00fchle-Festival am Hockenheimring hat auch zu Beginn des zweiten Festivaltags f\u00fcr Misst\u00f6ne und Debatten gesorgt. Marian Gold, dessen Band Alphaville zun\u00e4chst ausgeladen und sp\u00e4ter wieder eingeladen wurde, kritisierte den Schritt der Veranstalter scharf und warnte vor rechtsradikalen Tendenzen in Deutschland. F\u00fcr die Berliner Band ist Gl\u00fccksgef\u00fchle inzwischen \u00abzum politischsten Festival Deutschlands\u00bb geworden.\n<\/p>\n<p>Aktuelles<\/p>\n<p>                <a href=\"https:\/\/www.zeit.de\/politik\/deutschland\/2026-09\/hannes-kreschel-engagment-streaming-afd-sachsen-anhalt\" data-ct-label=\"Hannes Kreschel: \u00bbWenn mir jemand eine reinhauen will, filme ich das\u00ab\" data-uuid=\"f6ec3f17-9eda-4f70-b32f-a5ed31b800a9\" rel=\"nofollow noopener\" target=\"_blank\"><\/p>\n<p>        Z+ (abopflichtiger Inhalt);<\/p>\n<p>    Hannes Kreschel:<br \/>\n                        \u00bbWenn mir jemand eine reinhauen will, filme ich das\u00ab<\/p>\n<p>                <\/a><\/p>\n<p>                <a href=\"https:\/\/www.zeit.de\/politik\/deutschland\/2026-09\/landtagswahl-sachsen-anhalt-hape-kerkeling-didi-hallervorden-uwe-steimle\" data-ct-label=\"Landtagswahl : Daran merkt man: Es ist ernst \" data-uuid=\"5529a591-702d-493b-b9c5-4446850ca71b\" rel=\"nofollow noopener\" target=\"_blank\"><\/p>\n<p>        Z+ (abopflichtiger Inhalt);<\/p>\n<p>    Landtagswahl :<br \/>\n                        Daran merkt man: Es ist ernst <\/p>\n<p>                <\/a><\/p>\n<p>                <a href=\"https:\/\/www.zeit.de\/hamburg\/2026-08\/elbvertiefung-10-08-2026\" data-ct-label=\"Elbvertiefung: Der t\u00e4gliche Newsletter aus Hamburg: Mehr Gitarren, weniger Glitzer: Hamburgs neues Rockfestival\" data-uuid=\"6f35bdf8-f5c4-4fa3-a93d-e449d67fbe02\" rel=\"nofollow noopener\" target=\"_blank\"><\/p>\n<p>                        Elbvertiefung: Der t\u00e4gliche Newsletter aus Hamburg:<br \/>\n                        Mehr Gitarren, weniger Glitzer: Hamburgs neues Rockfestival<\/p>\n<p>                <\/a><\/p>\n<p class=\"paragraph article__item\">\u00abWas die Festivalmacher durchsetzen wollten, ist Beschneidung\u00bb, sagte Gold dem \u00abSpiegel\u00bb. \u00abMan kann als Veranstalter nicht einfach bestimmte Dinge ausblenden, weil die einem am K\u00fcnstler nicht passen.\u00bb\n<\/p>\n<p>            \u00abDann gute Nacht, Deutschland\u00bb            <\/p>\n<p class=\"paragraph article__item\">Alphaville (\u00abBig in Japan\u00bb, \u00abForever Young\u00bb) h\u00e4tte an diesem Wochenende bei dem Festival auftreten sollen, einem der gr\u00f6\u00dften Musikfestivals in Deutschland. Die Organisatoren hatten jedoch erkl\u00e4rt, ihr Festival sei \u00abkeine Plattform f\u00fcr politische \u00c4u\u00dferungen\u00bb. Da sich Alphaville bei einer fr\u00fcheren Veranstaltung mehrfach politisch ge\u00e4u\u00dfert hatte, wurde die Band ausgeladen &#8211; und sp\u00e4ter wieder eingeladen. Sie akzeptierte die Entschuldigung, verzichtete aber auf den Auftritt.\n<\/p>\n<p class=\"paragraph article__item\">Der 72-j\u00e4hrige Gold warnte vor rechtsradikalen Tendenzen in Deutschland: Es sei h\u00f6chste Zeit, \u00absich den demokratiefeindlichen und rechtsradikalen Bewegungen, die immer mehr an Boden gewinnen, vehement entgegenzustellen, bevor es zu sp\u00e4t ist\u00bb, sagte Gold. \u00abZu sp\u00e4t\u00bb sei es dann, wenn solche Kr\u00e4fte durch Wahlen in \u00c4mter gelangten und die durch das Grundgesetz garantierten Rechte einschr\u00e4nken oder abschaffen k\u00f6nnten. \u00abWenn ihnen das gelingt, dann gute Nacht, Deutschland\u00bb, sagte er.\n<\/p>\n<p>            S\u00e4nger Gold: Debatte hat viele aufgeweckt            <\/p>\n<p class=\"paragraph article__item\">Gold sieht in der Debatte aber auch einen positiven Effekt: Das mediale Aufsehen habe den \u00f6ffentlichen Diskurs \u00fcber die Zukunft Deutschlands bef\u00f6rdert und \u00abvielleicht viele Menschen aufgeweckt\u00bb.\n<\/p>\n<p class=\"paragraph article__item\">In einem Instagram-Post bedankte er sich zudem f\u00fcr die \u00abunfassbare Welle der Solidarit\u00e4t\u00bb und schrieb: \u00abIhr habt dieses Festival in Eure eigenen H\u00e4nde genommen und gezeigt, dass Gl\u00fccksgef\u00fchle das Ergebnis einer inneren Haltung sind und nicht einer Verordnung von oben.\u00bb\n<\/p>\n<p class=\"paragraph article__item\">Zuvor hatte sich Rapper Ski Aggu, der in der Nacht auf Samstag auftrat, bei seinem Set f\u00fcr die Freiheit von K\u00fcnstlern stark gemacht. \u00abWenn ihr eine Meinung habt, dann lasst sie Euch niemals verbieten\u00bb, sagte er von der B\u00fchne. Es sei \u00ababsolut selbstverst\u00e4ndlich, dass man f\u00fcr Werte eintritt, einsteht, wie Demokratie, Meinungsfreiheit, Freiheit\u00bb. Als K\u00fcnstler solle man Haltung zeigen k\u00f6nnen und d\u00fcrfen. \u00abMan sollte f\u00fcr die Dinge einstehen k\u00f6nnen, f\u00fcr die man steht.\u00bb\n<\/p>\n<p>            Veranstalter rudern zur\u00fcck &#8211; Podolski warnt vor Beleidigungen            <\/p>\n<p class=\"paragraph article__item\">Mitveranstalter Markus Krampe hatte bereits am Freitag seine urspr\u00fcngliche Entscheidung, Alphaville auszuladen, als Fehler bezeichnet: \u00abDas ist superd\u00e4mlich gewesen.\u00bb Er h\u00e4tte es begr\u00fc\u00dft, wenn die Band nach der Wiedereinladung aufgetreten w\u00e4re &#8211; \u00abdann h\u00e4tten wir vielleicht auch ein Zeichen setzen k\u00f6nnen\u00bb.\n<\/p>\n<p class=\"paragraph article__item\">Ex-Fu\u00dfballstar und Mitorganisator Lukas Podolski stellte sich trotz der Kontroverse hinter seinen Partner: \u00abJeder macht irgendwie mal ein Missgeschick, einen Fehler im Leben.\u00bb Zugleich warnte er Kritiker vor Beleidigungen in sozialen Medien: Er lasse weder seine Familie noch sich selbst beleidigen und wolle sich nicht in eine politische Ecke dr\u00e4ngen lassen.\n<\/p>\n<p>            Samstag: Weitere politische Statements angek\u00fcndigt            <\/p>\n<p class=\"paragraph article__item\">F\u00fcr den zweiten Festivaltag sind bereits weitere politische \u00c4u\u00dferungen angek\u00fcndigt worden. DJ Felix Jaehn k\u00fcndigte an, sich auf der B\u00fchne zu \u00e4u\u00dfern. Auch Culcha Candela will sich \u00abnotfalls mit Megaphonen\u00bb positionieren.\n<\/p>\n<p class=\"paragraph article__item\">\u00a9 dpa-infocom, dpa:260904-930-636072\/3<\/p>\n","protected":false},"excerpt":{"rendered":"Der Konflikt um politische \u00c4u\u00dferungen auf dem Gl\u00fccksgef\u00fchle-Festival am Hockenheimring hat auch zu Beginn des zweiten Festivaltags f\u00fcr&hellip;\n","protected":false},"author":2,"featured_media":1282159,"comment_status":"","ping_status":"","sticky":false,"template":"","format":"standard","meta":{"footnotes":"","_share_on_mastodon":"0"},"categories":[1772],"tags":[264492,29,214,30,668,264491,97786,1779,810,15,215,264493],"class_list":["post-1282158","post","type-post","status-publish","format-standard","has-post-thumbnail","category-musik","tag-beschneidung","tag-deutschland","tag-entertainment","tag-germany","tag-gold","tag-hin-und-her-um-alphaville","tag-hockenheimring","tag-music","tag-musik","tag-news","tag-unterhaltung","tag-wiedereinladung"],"share_on_mastodon":{"url":"https:\/\/pubeurope.com\/@de\/117218205324740619","error":""},"_links":{"self":[{"href":"https:\/\/www.europesays.com\/de\/wp-json\/wp\/v2\/posts\/1282158","targetHints":{"allow":["GET"]}}],"collection":[{"href":"https:\/\/www.europesays.com\/de\/wp-json\/wp\/v2\/posts"}],"about":[{"href":"https:\/\/www.europesays.com\/de\/wp-json\/wp\/v2\/types\/post"}],"author":[{"embeddable":true,"href":"https:\/\/www.europesays.com\/de\/wp-json\/wp\/v2\/users\/2"}],"replies":[{"embeddable":true,"href":"https:\/\/www.europesays.com\/de\/wp-json\/wp\/v2\/comments?post=1282158"}],"version-history":[{"count":0,"href":"https:\/\/www.europesays.com\/de\/wp-json\/wp\/v2\/posts\/1282158\/revisions"}],"wp:featuredmedia":[{"embeddable":true,"href":"https:\/\/www.europesays.com\/de\/wp-json\/wp\/v2\/media\/1282159"}],"wp:attachment":[{"href":"https:\/\/www.europesays.com\/de\/wp-json\/wp\/v2\/media?parent=1282158"}],"wp:term":[{"taxonomy":"category","embeddable":true,"href":"https:\/\/www.europesays.com\/de\/wp-json\/wp\/v2\/categories?post=1282158"},{"taxonomy":"post_tag","embeddable":true,"href":"https:\/\/www.europesays.com\/de\/wp-json\/wp\/v2\/tags?post=1282158"}],"curies":[{"name":"wp","href":"https:\/\/api.w.org\/{rel}","templated":true}]}}