{"id":1282172,"date":"2026-09-05T11:36:22","date_gmt":"2026-09-05T11:36:22","guid":{"rendered":"https:\/\/www.europesays.com\/de\/1282172\/"},"modified":"2026-09-05T11:36:22","modified_gmt":"2026-09-05T11:36:22","slug":"bis-2045-tschechien-erwartet-krieg-in-europa-politik","status":"publish","type":"post","link":"https:\/\/www.europesays.com\/de\/1282172\/","title":{"rendered":"Bis 2045: Tschechien erwartet Krieg in Europa | Politik"},"content":{"rendered":"<p><a class=\"skip-content skip-content--link\" href=\"#in-content-skip-link-target-v-0-0\">TTS-Player \u00fcberspringen\u21b5<\/a><a id=\"in-content-skip-link-target-v-0-0\" class=\"skip-content--target-link-hidden skip-content skip-content--target-link\" href=\"#in-content-skip-link-target-v-0-0\">Artikel weiterlesen<\/a><\/p>\n<p>Prag \u2013 <b>Tschechien bereitet sich auf einen m\u00f6glichen Krieg in Europa vor! In einem neuen Verteidigungspapier warnt das Land: Das Risiko schwerer Sicherheitskrisen steigt. Sogar ein Angriff auf Nato- und EU-Staaten ohne Vorwarnung sei m\u00f6glich. Als gr\u00f6\u00dfte Bedrohung f\u00fcr die Sicherheit gilt dabei Russland! <\/b><\/p>\n<p>Das geht aus dem \u201eLangfristigen Ausblick f\u00fcr die Verteidigung 2045\u201c des tschechischen Verteidigungsministeriums hervor, \u00fcber den das tschechische Nachrichtenportal iROZHLAS.cz berichtet. Der Redaktion liegt das Strategiepapier nach eigenen Angaben vor. Es wurde bereits vom tschechischen Staatssicherheitsrat gebilligt und soll im Herbst von der Regierung beraten werden. 2045 ist dabei kein vorhergesagtes Kriegsdatum, sondern der Planungshorizont des Papiers.<\/p>\n<p>Die Warnung f\u00e4llt dennoch deutlich aus: \u201eDie Wahrscheinlichkeit komplexer Sicherheitskrisen einschlie\u00dflich eines Angriffs auf Nato- und EU-Staaten ohne Vorwarnzeit steigt.\u201c Gleichzeitig werde sich die Verantwortung f\u00fcr die konventionelle Verteidigung Europas zunehmend von den USA auf die europ\u00e4ischen Verb\u00fcndeten verlagern.<\/p>\n<p>So r\u00fcstet Tschechien sich f\u00fcr den Ernstfall <\/p>\n<p>Tschechien will sich darauf vorbereiten und seine Streitkr\u00e4fte deutlich ausbauen, ausdr\u00fccklich f\u00fcr einen \u201elangfristigen Konflikt hoher Intensit\u00e4t mit einem technologisch fortgeschrittenen Gegner\u201c. Bis 2030 soll ein neues System zur Sicherheitsvorbereitung der Bev\u00f6lkerung entstehen. Bis 2032 ist der Ausbau der eigenen Weltraumaufkl\u00e4rung geplant, bis 2038 sollen zus\u00e4tzliche Technik, Waffen und milit\u00e4risches Material beschafft werden. Zudem will <a href=\"https:\/\/www.bild.de\/news\/ausland\/tschechien\/thema-tschechien-alle-infos-80024586.bild.html\" class=\"text-link\" rel=\"nofollow noopener\" target=\"_blank\">Tschechien<\/a> seine Streitkr\u00e4fte mit 24 F-35-Kampfflugzeugen und zwei modernisierten Brigaden verst\u00e4rken.<\/p>\n<p><img decoding=\"async\" width=\"992\" height=\"558\" alt=\"Im Ministerium von Tschechiens Verteidigungsminister Jarom\u00edr Z\u016fna (65) wurde der \u201eLangfristige Ausblick f\u00fcr die Verteidigung 2045\u201c erarbeitet\" loading=\"lazy\" src=\"https:\/\/www.europesays.com\/de\/wp-content\/uploads\/2026\/09\/4ea81a1c1129b83ab3ee067f05b093f9,615a49c.jpeg\"   class=\"landscape\"\/><\/p>\n<p class=\"fig__caption__text\">Im Ministerium von Tschechiens Verteidigungsminister Jarom\u00edr Z\u016fna (65) wurde der \u201eLangfristige Ausblick f\u00fcr die Verteidigung 2045\u201c erarbeitet<\/p>\n<p>Foto: picture alliance\/dpa\/CTK<\/p>\n<p>Auch Zivilisten k\u00f6nnten gebraucht werden<\/p>\n<p>Auch die Bev\u00f6lkerung k\u00f6nnte im Ernstfall st\u00e4rker eingebunden werden. In Friedenszeiten soll der Wehrdienst zwar freiwillig bleiben. Das Papier h\u00e4lt jedoch fest: \u201eDie Regierung wird jedoch im Bedarfsfall die Einf\u00fchrung einer angemessenen Form der Beteiligung der B\u00fcrger an der Gew\u00e4hrleistung der Landesverteidigung und am Milit\u00e4rdienst pr\u00fcfen.\u201c Laut iROZHLAS.cz w\u00e4re beispielsweise denkbar, Menschen mit technischen, medizinischen oder IT-Kenntnissen einzuberufen und verk\u00fcrzt milit\u00e4risch auszubilden.<\/p>\n<p>Mehr zum Thema<\/p>\n<p>F\u00fcr den fr\u00fcheren tschechischen Geheimdienstchef Petr Mlejnek beginnt die Gefahr zudem lange vor einem offenen Krieg. Entscheidend sei die Annahme, dass ein Gegner \u201enicht strikt zwischen <a href=\"https:\/\/www.bild.de\/themen\/ereignisse\/kriege\/news-fotos-videos-17003492.bild.html\" class=\"text-link\" rel=\"nofollow noopener\" target=\"_blank\">Krieg<\/a> und Frieden unterscheidet\u201c. Er warnt: Ein Konflikt k\u00f6nne bereits lange vor einer formellen Kriegserkl\u00e4rung beginnen.<\/p>\n","protected":false},"excerpt":{"rendered":"TTS-Player \u00fcberspringen\u21b5Artikel weiterlesen Prag \u2013 Tschechien bereitet sich auf einen m\u00f6glichen Krieg in Europa vor! In einem neuen&hellip;\n","protected":false},"author":2,"featured_media":1280643,"comment_status":"","ping_status":"","sticky":false,"template":"","format":"standard","meta":{"footnotes":"","_share_on_mastodon":"0"},"categories":[3],"tags":[51313,158,13,4046,11352,451,14,1159,15,12,138370,10,8,9,11,12475,111912,103,104],"class_list":["post-1282172","post","type-post","status-publish","format-standard","has-post-thumbnail","category-welt","tag-armee","tag-europaeische-union","tag-headlines","tag-krieg","tag-kriege","tag-militaer","tag-nachrichten","tag-nato","tag-news","tag-schlagzeilen","tag-team-first","tag-top-news","tag-top-meldungen","tag-topmeldungen","tag-topnews","tag-tschechien","tag-verteidigungsbuendnisse","tag-welt","tag-world"],"share_on_mastodon":{"url":"https:\/\/pubeurope.com\/@de\/117218232833943988","error":""},"_links":{"self":[{"href":"https:\/\/www.europesays.com\/de\/wp-json\/wp\/v2\/posts\/1282172","targetHints":{"allow":["GET"]}}],"collection":[{"href":"https:\/\/www.europesays.com\/de\/wp-json\/wp\/v2\/posts"}],"about":[{"href":"https:\/\/www.europesays.com\/de\/wp-json\/wp\/v2\/types\/post"}],"author":[{"embeddable":true,"href":"https:\/\/www.europesays.com\/de\/wp-json\/wp\/v2\/users\/2"}],"replies":[{"embeddable":true,"href":"https:\/\/www.europesays.com\/de\/wp-json\/wp\/v2\/comments?post=1282172"}],"version-history":[{"count":0,"href":"https:\/\/www.europesays.com\/de\/wp-json\/wp\/v2\/posts\/1282172\/revisions"}],"wp:featuredmedia":[{"embeddable":true,"href":"https:\/\/www.europesays.com\/de\/wp-json\/wp\/v2\/media\/1280643"}],"wp:attachment":[{"href":"https:\/\/www.europesays.com\/de\/wp-json\/wp\/v2\/media?parent=1282172"}],"wp:term":[{"taxonomy":"category","embeddable":true,"href":"https:\/\/www.europesays.com\/de\/wp-json\/wp\/v2\/categories?post=1282172"},{"taxonomy":"post_tag","embeddable":true,"href":"https:\/\/www.europesays.com\/de\/wp-json\/wp\/v2\/tags?post=1282172"}],"curies":[{"name":"wp","href":"https:\/\/api.w.org\/{rel}","templated":true}]}}