{"id":1282178,"date":"2026-09-05T11:40:25","date_gmt":"2026-09-05T11:40:25","guid":{"rendered":"https:\/\/www.europesays.com\/de\/1282178\/"},"modified":"2026-09-05T11:40:25","modified_gmt":"2026-09-05T11:40:25","slug":"der-fc-ingolstadt-kassiert-im-drittliga-heimspiel-gegen-alemannia-aachen-in-den-ersten-zehn-minuten-eine-rote-karte-drei-gegentore-und-verliert-am-ende-folgerichtig-mit-03","status":"publish","type":"post","link":"https:\/\/www.europesays.com\/de\/1282178\/","title":{"rendered":"Der FC Ingolstadt kassiert im Drittliga-Heimspiel gegen Alemannia Aachen in den ersten zehn Minuten eine Rote Karte, drei Gegentore und verliert am Ende folgerichtig mit 0:3"},"content":{"rendered":"<p class=\"mb-6 text-xs-varying md:text-m lg:text-l font-serif group-[.font-sans]:font-sans \">\n    Barthelmarkt-Sonder-Trikot, Freitagabend bei sommerlichen Temperaturen unter Flutlicht und mit einem Ausw\u00e4rtssieg im R\u00fccken &#8211; die Vorzeichen stimmten! Es war angerichtet f\u00fcr den ersten Heimsieg und endete in einem Debakel. Der <a href=\"https:\/\/augsburger-allgemeine.de\/sport\/fussball\/fc-ingolstadt\/\" target=\"_self\" class=\"underline \" rel=\"nofollow noopener\">FC Ingolstadt<\/a> bleibt in dieser Drittliga-Saison vor heimischer Kulisse sieglos und kassierte gegen Alemannia Aachen eine bittere 0:3-Pleite.\n  <\/p>\n<p class=\"mb-6 text-xs-varying md:text-m lg:text-l font-serif group-[.font-sans]:font-sans \">\n    Trainerin Sabrina Wittmann war auf drei Positionen zu Umstellungen gezwungen. F\u00fcr Keanan Bennets (Gelb-Rot), Simon Lorenz und Obed Ugondu (beide verletzt) starteten Neuzugang Nishan Velupillay, Elias Decker und Max Plath. Vor dem Match hatte die \u00dcbungsleiterin vor der Alemannia noch gewarnt: \u201eAachen ist eine unglaublich aggressive Mannschaft, die auch zocken kann.\u201c Ihre Spieler lauschten dieser Aussage scheinbar nicht aufmerksam genug, denn die G\u00e4ste traten genauso auf.\n  <\/p>\n<p>            Ingolstadt ist bereits nach drei Minuten in Unterzahl<\/p>\n<p class=\"mb-6 text-xs-varying md:text-m lg:text-l font-serif group-[.font-sans]:font-sans \">\n    Nach drei Minuten befanden sich die Schanzer bereits in Unterzahl, nach elf Minuten lag das Team mit drei Toren zur\u00fcck. In der vierten Minute schaffte es Frederik Carlsen nicht, den Freisto\u00df aus aussichtsreicher Position im gegnerischen Kasten unterzubringen. Im direkten Gegenzug eilte Aachens Jonas Oehmichen auf und davon, ehe er an der Sechszehner-Kante von Elias Decker von den Beinen geholt wurde. Decker wurde vom Schiedsrichter umgehend mit Rot zum Duschen geschickt. Das darauffolgende direkte Freisto\u00dftor von Lukas Scepanik sorgte bei den zahlreichen mitgereisten Fans aus der Kaiserstadt f\u00fcr den ersten Jubelschrei.\n  <\/p>\n<p class=\"mb-6 text-xs-varying md:text-m lg:text-l font-serif group-[.font-sans]:font-sans \">\n    Die Wittmann-Truppe suchte die Ordnung &#8211; vergebens! Mika Schoers nutzte vielmehr die Unordnung nach acht Minuten zum 0:2. Aachen entdeckte nun die Spielfreude f\u00fcr sich, lie\u00df den Ball gut laufen. Mehdi Loune fand mit seinem Steilpass Louis K\u00f6ster. <a href=\"https:\/\/augsburger-allgemeine.de\/neuburg\/ort\/Ingolstadt\" target=\"_self\" class=\"underline \" rel=\"nofollow noopener\">Ingolstadts<\/a> Schlussmann David Klein konnte den Schuss nicht festhalten. Der Abpraller gelangte wieder zu K\u00f6ster, der den Torwart stehen lie\u00df und zum 0:3 einschob. Die Oberbayern versuchten weiterhin, Sicherheit in ihr Spiel zu bringen. Aachen mit drei Toren im R\u00fccken, lie\u00df weiter den Ball laufen, nahm aber den Fu\u00df vom Gas. Nennenswerte Chancen erspielte sich der FCI dabei nicht. In der 38. Minute verpasste Aachens Oehmichen vielmehr das 0:4.\n  <\/p>\n<p>            Die zweite H\u00e4lfte bietet nur Magerkost<\/p>\n<p class=\"mb-6 text-xs-varying md:text-m lg:text-l font-serif group-[.font-sans]:font-sans \">\n    \u201eWir waren unmittelbar nachdem Ansto\u00df griffig. Die Rote Karte war ein extremer Nackenschlag, ebenso das unmittelbare Gegentor. In der zweiten H\u00e4lfte war uns wichtig, nicht zusammenzufallen\u201c, analysierte Wittmann die Partie. Die zweite H\u00e4lfte bot Magerkost. Der FCI war um Schadensbegrenzung bem\u00fcht, Aachen konnte befreit aufspielen. Immerhin gelang dem FCI an diesem trostlosen Heimspiel-Abend eines: In der zweiten H\u00e4lfte ohne Gegentor zu bleiben. \u201eDie Jungs haben in der zweiten Halbzeit viele K\u00f6rner auf dem Platz gelassen. Das Ergebnis m\u00fcssen wir jetzt hinnehmen. Es bringt uns jetzt aber nicht um\u201c, sagte die Ingolst\u00e4dter Trainerin k\u00e4mpferisch.\n  <\/p>\n<p class=\"mb-6 text-xs-varying md:text-m lg:text-l font-serif group-[.font-sans]:font-sans \">\n    <strong class=\"font-bold\">FC Ingolstadt 04<\/strong>: Klein &#8211; Antsoulas, Decker, Scholz, G\u00fcl (9. Fr\u00f6de) &#8211; Sapina (72. Ganda), Plath &#8211; Deichmann, Carlsen (83. Durakov), Velupillay &#8211; Lokotsch.\n  <\/p>\n<p class=\"mb-6 text-xs-varying md:text-m lg:text-l font-serif group-[.font-sans]:font-sans \">\n    <strong class=\"font-bold\">Alemannia Aachen<\/strong>: Bajic &#8211; da Silva Kiala, G. Jung (87. Leonard), Bagalianis &#8211; Scepanik, Oehmichen, Wiebe (70. von der Hitz), Wagner (70. Koscierski) &#8211; K\u00f6ster (80. Ermolaev), M. Loune (87. W\u00e4schenbach) &#8211; Schroers.\n  <\/p>\n<p class=\"mb-6 text-xs-varying md:text-m lg:text-l font-serif group-[.font-sans]:font-sans \">\n    <strong class=\"font-bold\">Tore<\/strong>: 0:1 Scepanik (6.), 0:2 Schroers (8.), 0:3 K\u00f6ster (11.). &#8211; <strong class=\"font-bold\">Schiedsrichter<\/strong>: Florian Lechner (Neuburg). &#8211; <strong class=\"font-bold\">Zuschauer<\/strong>: 4632.\n  <\/p>\n","protected":false},"excerpt":{"rendered":"Barthelmarkt-Sonder-Trikot, Freitagabend bei sommerlichen Temperaturen unter Flutlicht und mit einem Ausw\u00e4rtssieg im R\u00fccken &#8211; die Vorzeichen stimmten! Es&hellip;\n","protected":false},"author":2,"featured_media":1282179,"comment_status":"","ping_status":"","sticky":false,"template":"","format":"standard","meta":{"footnotes":"","_share_on_mastodon":"0"},"categories":[1853],"tags":[1424,999,3364,29,996,548,663,3934,11356,186491,30,13,11148,169926,169730,186492,14,15,1209,13042,12],"class_list":["post-1282178","post","type-post","status-publish","format-standard","has-post-thumbnail","category-aachen","tag-aachen","tag-alemannia-aachen","tag-de","tag-deutschland","tag-dritte-liga","tag-eu","tag-europa","tag-europe","tag-fc-ingolstadt","tag-frederik-carlsen","tag-germany","tag-headlines","tag-ingolstadt","tag-jonas-oehmichen","tag-louis-koester","tag-max-plath","tag-nachrichten","tag-news","tag-nordrhein-westfalen","tag-sabrina-wittmann","tag-schlagzeilen"],"share_on_mastodon":{"url":"","error":""},"_links":{"self":[{"href":"https:\/\/www.europesays.com\/de\/wp-json\/wp\/v2\/posts\/1282178","targetHints":{"allow":["GET"]}}],"collection":[{"href":"https:\/\/www.europesays.com\/de\/wp-json\/wp\/v2\/posts"}],"about":[{"href":"https:\/\/www.europesays.com\/de\/wp-json\/wp\/v2\/types\/post"}],"author":[{"embeddable":true,"href":"https:\/\/www.europesays.com\/de\/wp-json\/wp\/v2\/users\/2"}],"replies":[{"embeddable":true,"href":"https:\/\/www.europesays.com\/de\/wp-json\/wp\/v2\/comments?post=1282178"}],"version-history":[{"count":0,"href":"https:\/\/www.europesays.com\/de\/wp-json\/wp\/v2\/posts\/1282178\/revisions"}],"wp:featuredmedia":[{"embeddable":true,"href":"https:\/\/www.europesays.com\/de\/wp-json\/wp\/v2\/media\/1282179"}],"wp:attachment":[{"href":"https:\/\/www.europesays.com\/de\/wp-json\/wp\/v2\/media?parent=1282178"}],"wp:term":[{"taxonomy":"category","embeddable":true,"href":"https:\/\/www.europesays.com\/de\/wp-json\/wp\/v2\/categories?post=1282178"},{"taxonomy":"post_tag","embeddable":true,"href":"https:\/\/www.europesays.com\/de\/wp-json\/wp\/v2\/tags?post=1282178"}],"curies":[{"name":"wp","href":"https:\/\/api.w.org\/{rel}","templated":true}]}}